{"id":25241,"date":"2023-03-14T12:16:00","date_gmt":"2023-03-14T11:16:00","guid":{"rendered":"https:\/\/www.escolaverd.cat\/?p=25241"},"modified":"2024-04-19T12:04:45","modified_gmt":"2024-04-19T10:04:45","slug":"visitem-el-centre-civic-de-sant-narcis","status":"publish","type":"post","link":"https:\/\/agora.xtec.cat\/escolaverd\/general\/visitem-el-centre-civic-de-sant-narcis\/","title":{"rendered":"Visitem el centre c\u00edvic de Sant Narc\u00eds"},"content":{"rendered":"<p>&nbsp;<\/p>\n<p>Estem fent el projecte Expliquem Girona i per aix\u00f2 hem anat a con\u00e8ixer com \u00e9s un centre c\u00edvic.<\/p>\n<p>Vam marxar a peu cap al centre c\u00edvic de Sant Narc\u00eds despr\u00e9s de mirar al Google Maps que tardar\u00edem 14 minuts, per\u00f2 vam tardar m\u00e9s perqu\u00e8 ens vam parar a esmorzar al Parc central.<\/p>\n<p>Quan vam arribar a la pla\u00e7a del centre c\u00edvic vam passar per sota les voltes on hi havia botigues ( un estanc, una peixateria, una administraci\u00f3 de loteria, un celler, una joguineria), la penya barcelonista, una esgl\u00e9sia, locals d&#8217;artistes&#8230; I a la porta del centre c\u00edvic ens esperava l&#8217;Isabel.<\/p>\n<p>\u00c9s un edifici que fa 33 anys que \u00e9s un centre c\u00edvic.<\/p>\n<p>El primer que trobem quan entrem \u00e9s la cafeteria, hi havia moltes taules i molta gent. Veiem una prestatgeria amb llibres i una taula amb diaris. Travessem una porta i trobem un claustre amb taules i una mena de &#8220;piscina&#8221; amb coixins per seure, a l&#8217;estiu s&#8217;hi est\u00e0 fresquet. A les parets hi ha quadres exposats.<\/p>\n<p>Pugem unes escales met\u00e0l\u00b7liques fins al primer pis, on hi ha jardineres i algunes aules per fer cursos i tallers.<\/p>\n<p>El segon pis \u00e9s molt diferent, hi ha m\u00e9s aules, el despatx de la directora i molts armaris de diferents associacions.<\/p>\n<p>Finalment baixem altra vegada i entrem al teatre on hi caben 112 persones. T\u00e9 trampa perqu\u00e8 les butaques i les grades estan plegades, aix\u00ed aprofiten l&#8217;espai per poder fer cursos de ball.<\/p>\n<p>Ens va encantar la visita, us ho recomanem molt.<\/p>\n<div id='gallery-1' class='gallery galleryid-25241 gallery-columns-3 gallery-size-large'><figure class='gallery-item'>\n\t\t\t<div class='gallery-icon landscape'>\n\t\t\t\t<a href='https:\/\/agora.xtec.cat\/escolaverd\/20230313_105903\/'><img loading=\"lazy\" decoding=\"async\" width=\"1024\" height=\"768\" src=\"https:\/\/agora.xtec.cat\/escolaverd\/wp-content\/uploads\/usu2386\/2023\/03\/20230313_105903-1024x768.jpg\" class=\"attachment-large size-large\" alt=\"\" aria-describedby=\"gallery-1-25242\" srcset=\"https:\/\/agora.xtec.cat\/escolaverd\/wp-content\/uploads\/usu2386\/2023\/03\/20230313_105903-1024x768.jpg 1024w, https:\/\/agora.xtec.cat\/escolaverd\/wp-content\/uploads\/usu2386\/2023\/03\/20230313_105903-300x225.jpg 300w, https:\/\/agora.xtec.cat\/escolaverd\/wp-content\/uploads\/usu2386\/2023\/03\/20230313_105903-768x576.jpg 768w, https:\/\/agora.xtec.cat\/escolaverd\/wp-content\/uploads\/usu2386\/2023\/03\/20230313_105903-200x150.jpg 200w, https:\/\/agora.xtec.cat\/escolaverd\/wp-content\/uploads\/usu2386\/2023\/03\/20230313_105903.jpg 1333w\" sizes=\"auto, (max-width: 1024px) 100vw, 1024px\" \/><\/a>\n\t\t\t<\/div>\n\t\t\t\t<figcaption class='wp-caption-text gallery-caption' id='gallery-1-25242'>\n\t\t\t\tEntrada\n\t\t\t\t<\/figcaption><\/figure><figure class='gallery-item'>\n\t\t\t<div class='gallery-icon landscape'>\n\t\t\t\t<a href='https:\/\/agora.xtec.cat\/escolaverd\/20230313_110241\/'><img loading=\"lazy\" decoding=\"async\" width=\"1024\" height=\"768\" src=\"https:\/\/agora.xtec.cat\/escolaverd\/wp-content\/uploads\/usu2386\/2023\/03\/20230313_110241-1024x768.jpg\" class=\"attachment-large size-large\" alt=\"\" aria-describedby=\"gallery-1-25243\" srcset=\"https:\/\/agora.xtec.cat\/escolaverd\/wp-content\/uploads\/usu2386\/2023\/03\/20230313_110241-1024x768.jpg 1024w, https:\/\/agora.xtec.cat\/escolaverd\/wp-content\/uploads\/usu2386\/2023\/03\/20230313_110241-300x225.jpg 300w, https:\/\/agora.xtec.cat\/escolaverd\/wp-content\/uploads\/usu2386\/2023\/03\/20230313_110241-768x576.jpg 768w, https:\/\/agora.xtec.cat\/escolaverd\/wp-content\/uploads\/usu2386\/2023\/03\/20230313_110241-200x150.jpg 200w, https:\/\/agora.xtec.cat\/escolaverd\/wp-content\/uploads\/usu2386\/2023\/03\/20230313_110241.jpg 1333w\" sizes=\"auto, (max-width: 1024px) 100vw, 1024px\" \/><\/a>\n\t\t\t<\/div>\n\t\t\t\t<figcaption class='wp-caption-text gallery-caption' id='gallery-1-25243'>\n\t\t\t\tPlanta baixa\n\t\t\t\t<\/figcaption><\/figure><figure class='gallery-item'>\n\t\t\t<div class='gallery-icon landscape'>\n\t\t\t\t<a href='https:\/\/agora.xtec.cat\/escolaverd\/20230313_111922\/'><img loading=\"lazy\" decoding=\"async\" width=\"1024\" height=\"768\" src=\"https:\/\/agora.xtec.cat\/escolaverd\/wp-content\/uploads\/usu2386\/2023\/03\/20230313_111922-1024x768.jpg\" class=\"attachment-large size-large\" alt=\"\" aria-describedby=\"gallery-1-25244\" srcset=\"https:\/\/agora.xtec.cat\/escolaverd\/wp-content\/uploads\/usu2386\/2023\/03\/20230313_111922-1024x768.jpg 1024w, https:\/\/agora.xtec.cat\/escolaverd\/wp-content\/uploads\/usu2386\/2023\/03\/20230313_111922-300x225.jpg 300w, https:\/\/agora.xtec.cat\/escolaverd\/wp-content\/uploads\/usu2386\/2023\/03\/20230313_111922-768x576.jpg 768w, https:\/\/agora.xtec.cat\/escolaverd\/wp-content\/uploads\/usu2386\/2023\/03\/20230313_111922-200x150.jpg 200w, https:\/\/agora.xtec.cat\/escolaverd\/wp-content\/uploads\/usu2386\/2023\/03\/20230313_111922.jpg 1333w\" sizes=\"auto, (max-width: 1024px) 100vw, 1024px\" \/><\/a>\n\t\t\t<\/div>\n\t\t\t\t<figcaption class='wp-caption-text gallery-caption' id='gallery-1-25244'>\n\t\t\t\tSegon pis\n\t\t\t\t<\/figcaption><\/figure>\n\t\t<\/div>\n\n","protected":false},"excerpt":{"rendered":"<p>&nbsp; Estem fent el projecte Expliquem Girona i per aix\u00f2 hem anat a con\u00e8ixer com \u00e9s un centre c\u00edvic. Vam marxar a peu cap al centre c\u00edvic de Sant Narc\u00eds despr\u00e9s de mirar al Google Maps que tardar\u00edem 14 minuts, per\u00f2 vam tardar m\u00e9s perqu\u00e8 ens vam parar a esmorzar al Parc central. Quan vam [&hellip;]<\/p>\n","protected":false},"author":16,"featured_media":25243,"comment_status":"open","ping_status":"closed","sticky":false,"template":"","format":"standard","meta":{"_bbp_topic_count":0,"_bbp_reply_count":0,"_bbp_total_topic_count":0,"_bbp_total_reply_count":0,"_bbp_voice_count":0,"_bbp_anonymous_reply_count":0,"_bbp_topic_count_hidden":0,"_bbp_reply_count_hidden":0,"_bbp_forum_subforum_count":0,"site-sidebar-layout":"default","site-content-layout":"","ast-site-content-layout":"","site-content-style":"default","site-sidebar-style":"default","ast-global-header-display":"","ast-banner-title-visibility":"","ast-main-header-display":"","ast-hfb-above-header-display":"","ast-hfb-below-header-display":"","ast-hfb-mobile-header-display":"","site-post-title":"","ast-breadcrumbs-content":"","ast-featured-img":"","footer-sml-layout":"","theme-transparent-header-meta":"","adv-header-id-meta":"","stick-header-meta":"","header-above-stick-meta":"","header-main-stick-meta":"","header-below-stick-meta":"","astra-migrate-meta-layouts":"default","ast-page-background-enabled":"default","ast-page-background-meta":{"desktop":{"background-color":"var(--ast-global-color-4)","background-image":"","background-repeat":"repeat","background-position":"center center","background-size":"auto","background-attachment":"scroll","background-type":"","background-media":"","overlay-type":"","overlay-color":"","overlay-opacity":"","overlay-gradient":""},"tablet":{"background-color":"","background-image":"","background-repeat":"repeat","background-position":"center center","background-size":"auto","background-attachment":"scroll","background-type":"","background-media":"","overlay-type":"","overlay-color":"","overlay-opacity":"","overlay-gradient":""},"mobile":{"background-color":"","background-image":"","background-repeat":"repeat","background-position":"center center","background-size":"auto","background-attachment":"scroll","background-type":"","background-media":"","overlay-type":"","overlay-color":"","overlay-opacity":"","overlay-gradient":""}},"ast-content-background-meta":{"desktop":{"background-color":"var(--ast-global-color-5)","background-image":"","background-repeat":"repeat","background-position":"center center","background-size":"auto","background-attachment":"scroll","background-type":"","background-media":"","overlay-type":"","overlay-color":"","overlay-opacity":"","overlay-gradient":""},"tablet":{"background-color":"var(--ast-global-color-5)","background-image":"","background-repeat":"repeat","background-position":"center center","background-size":"auto","background-attachment":"scroll","background-type":"","background-media":"","overlay-type":"","overlay-color":"","overlay-opacity":"","overlay-gradient":""},"mobile":{"background-color":"var(--ast-global-color-5)","background-image":"","background-repeat":"repeat","background-position":"center center","background-size":"auto","background-attachment":"scroll","background-type":"","background-media":"","overlay-type":"","overlay-color":"","overlay-opacity":"","overlay-gradient":""}},"footnotes":""},"categories":[221,79,1],"tags":[],"class_list":["post-25241","post","type-post","status-publish","format-standard","has-post-thumbnail","hentry","category-221","category-2n","category-general"],"post_mailing_queue_ids":[],"_links":{"self":[{"href":"https:\/\/agora.xtec.cat\/escolaverd\/wp-json\/wp\/v2\/posts\/25241","targetHints":{"allow":["GET"]}}],"collection":[{"href":"https:\/\/agora.xtec.cat\/escolaverd\/wp-json\/wp\/v2\/posts"}],"about":[{"href":"https:\/\/agora.xtec.cat\/escolaverd\/wp-json\/wp\/v2\/types\/post"}],"author":[{"embeddable":true,"href":"https:\/\/agora.xtec.cat\/escolaverd\/wp-json\/wp\/v2\/users\/16"}],"replies":[{"embeddable":true,"href":"https:\/\/agora.xtec.cat\/escolaverd\/wp-json\/wp\/v2\/comments?post=25241"}],"version-history":[{"count":2,"href":"https:\/\/agora.xtec.cat\/escolaverd\/wp-json\/wp\/v2\/posts\/25241\/revisions"}],"predecessor-version":[{"id":26475,"href":"https:\/\/agora.xtec.cat\/escolaverd\/wp-json\/wp\/v2\/posts\/25241\/revisions\/26475"}],"wp:featuredmedia":[{"embeddable":true,"href":"https:\/\/agora.xtec.cat\/escolaverd\/wp-json\/wp\/v2\/media\/25243"}],"wp:attachment":[{"href":"https:\/\/agora.xtec.cat\/escolaverd\/wp-json\/wp\/v2\/media?parent=25241"}],"wp:term":[{"taxonomy":"category","embeddable":true,"href":"https:\/\/agora.xtec.cat\/escolaverd\/wp-json\/wp\/v2\/categories?post=25241"},{"taxonomy":"post_tag","embeddable":true,"href":"https:\/\/agora.xtec.cat\/escolaverd\/wp-json\/wp\/v2\/tags?post=25241"}],"curies":[{"name":"wp","href":"https:\/\/api.w.org\/{rel}","templated":true}]}}