{"id":25009,"date":"2023-01-03T10:48:23","date_gmt":"2023-01-03T09:48:23","guid":{"rendered":"https:\/\/www.escolaverd.cat\/?p=25009"},"modified":"2024-04-19T12:39:58","modified_gmt":"2024-04-19T10:39:58","slug":"biennal-dart-break-dance","status":"publish","type":"post","link":"https:\/\/agora.xtec.cat\/escolaverd\/general\/biennal-dart-break-dance\/","title":{"rendered":"Biennal d&#8217;art: Break dance"},"content":{"rendered":"<p><span style=\"font-weight: 400;\">El passat mes de desembre els alumnes de cinqu\u00e8 i sis\u00e8 vam presentar tot el que hav\u00edem treballat en el projecte Biennal d\u2019art.<\/span><\/p>\n<p><span style=\"font-weight: 400;\">Per poder-lo preparar vam comen\u00e7ar aprenent-nos la can\u00e7\u00f3 \u201cCan\u2019t stop the feeling\u201d. Despr\u00e9s ens van oferir un taller musical per crear una coreografia amb aquesta can\u00e7\u00f3.\u00a0<\/span><\/p>\n<p><span style=\"font-weight: 400;\">Cada curs tenia un estil de ball diferent i als de sis\u00e8 ens va tocar el break-dance.<\/span><\/p>\n<p><span style=\"font-weight: 400;\">Per poder preparar la coreograf\u00eda van fer falta 3 tallers d\u2019una hora cadascun.\u00a0<\/span><span style=\"font-weight: 400;\">En el primer vam aprendre els passos b\u00e0sics i en grups vam comen\u00e7ar a crear la nostra pr\u00f2pia coreografia. De la uni\u00f3 del treball de tots els grups va n\u00e9ixer la creaci\u00f3 final que presentar\u00edem.<\/span><\/p>\n<p><span style=\"font-weight: 400;\">Per \u00faltim, els 3 tallers de teatre van servir per divertir-nos. Durants els tallers es van repartir els papers de cadascun i van comen\u00e7ar a assajar per despr\u00e9s ajuntar-ho amb tot el que havien fet els de 5\u00e8: el rodatge d\u2019un anunci de desodorant.<\/span><\/p>\n<p><span style=\"font-weight: 400;\">Vam anar ben motivats a presentar-ho!<\/span><\/p>\n<p><a href=\"https:\/\/drive.google.com\/file\/d\/1AWPolQN_cvj2gPrNMhdO3gW8MYP9ALD2\/view?usp=share_link\">V\u00eddeo de la presentaci\u00f3<\/a><\/p>\n<p style=\"text-align: right;\">M. R.<\/p>\n","protected":false},"excerpt":{"rendered":"<p>El passat mes de desembre els alumnes de cinqu\u00e8 i sis\u00e8 vam presentar tot el que hav\u00edem treballat en el projecte Biennal d\u2019art. Per poder-lo preparar vam comen\u00e7ar aprenent-nos la can\u00e7\u00f3 \u201cCan\u2019t stop the feeling\u201d. Despr\u00e9s ens van oferir un taller musical per crear una coreografia amb aquesta can\u00e7\u00f3.\u00a0 Cada curs tenia un estil de [&hellip;]<\/p>\n","protected":false},"author":25,"featured_media":25011,"comment_status":"open","ping_status":"closed","sticky":false,"template":"","format":"standard","meta":{"_bbp_topic_count":0,"_bbp_reply_count":0,"_bbp_total_topic_count":0,"_bbp_total_reply_count":0,"_bbp_voice_count":0,"_bbp_anonymous_reply_count":0,"_bbp_topic_count_hidden":0,"_bbp_reply_count_hidden":0,"_bbp_forum_subforum_count":0,"site-sidebar-layout":"default","site-content-layout":"","ast-site-content-layout":"","site-content-style":"default","site-sidebar-style":"default","ast-global-header-display":"","ast-banner-title-visibility":"","ast-main-header-display":"","ast-hfb-above-header-display":"","ast-hfb-below-header-display":"","ast-hfb-mobile-header-display":"","site-post-title":"","ast-breadcrumbs-content":"","ast-featured-img":"","footer-sml-layout":"","theme-transparent-header-meta":"","adv-header-id-meta":"","stick-header-meta":"","header-above-stick-meta":"","header-main-stick-meta":"","header-below-stick-meta":"","astra-migrate-meta-layouts":"default","ast-page-background-enabled":"default","ast-page-background-meta":{"desktop":{"background-color":"var(--ast-global-color-4)","background-image":"","background-repeat":"repeat","background-position":"center center","background-size":"auto","background-attachment":"scroll","background-type":"","background-media":"","overlay-type":"","overlay-color":"","overlay-opacity":"","overlay-gradient":""},"tablet":{"background-color":"","background-image":"","background-repeat":"repeat","background-position":"center center","background-size":"auto","background-attachment":"scroll","background-type":"","background-media":"","overlay-type":"","overlay-color":"","overlay-opacity":"","overlay-gradient":""},"mobile":{"background-color":"","background-image":"","background-repeat":"repeat","background-position":"center center","background-size":"auto","background-attachment":"scroll","background-type":"","background-media":"","overlay-type":"","overlay-color":"","overlay-opacity":"","overlay-gradient":""}},"ast-content-background-meta":{"desktop":{"background-color":"var(--ast-global-color-5)","background-image":"","background-repeat":"repeat","background-position":"center center","background-size":"auto","background-attachment":"scroll","background-type":"","background-media":"","overlay-type":"","overlay-color":"","overlay-opacity":"","overlay-gradient":""},"tablet":{"background-color":"var(--ast-global-color-5)","background-image":"","background-repeat":"repeat","background-position":"center center","background-size":"auto","background-attachment":"scroll","background-type":"","background-media":"","overlay-type":"","overlay-color":"","overlay-opacity":"","overlay-gradient":""},"mobile":{"background-color":"var(--ast-global-color-5)","background-image":"","background-repeat":"repeat","background-position":"center center","background-size":"auto","background-attachment":"scroll","background-type":"","background-media":"","overlay-type":"","overlay-color":"","overlay-opacity":"","overlay-gradient":""}},"footnotes":""},"categories":[233,15,1],"tags":[],"class_list":["post-25009","post","type-post","status-publish","format-standard","has-post-thumbnail","hentry","category-233","category-6e","category-general"],"post_mailing_queue_ids":[],"_links":{"self":[{"href":"https:\/\/agora.xtec.cat\/escolaverd\/wp-json\/wp\/v2\/posts\/25009","targetHints":{"allow":["GET"]}}],"collection":[{"href":"https:\/\/agora.xtec.cat\/escolaverd\/wp-json\/wp\/v2\/posts"}],"about":[{"href":"https:\/\/agora.xtec.cat\/escolaverd\/wp-json\/wp\/v2\/types\/post"}],"author":[{"embeddable":true,"href":"https:\/\/agora.xtec.cat\/escolaverd\/wp-json\/wp\/v2\/users\/25"}],"replies":[{"embeddable":true,"href":"https:\/\/agora.xtec.cat\/escolaverd\/wp-json\/wp\/v2\/comments?post=25009"}],"version-history":[{"count":1,"href":"https:\/\/agora.xtec.cat\/escolaverd\/wp-json\/wp\/v2\/posts\/25009\/revisions"}],"predecessor-version":[{"id":26496,"href":"https:\/\/agora.xtec.cat\/escolaverd\/wp-json\/wp\/v2\/posts\/25009\/revisions\/26496"}],"wp:featuredmedia":[{"embeddable":true,"href":"https:\/\/agora.xtec.cat\/escolaverd\/wp-json\/wp\/v2\/media\/25011"}],"wp:attachment":[{"href":"https:\/\/agora.xtec.cat\/escolaverd\/wp-json\/wp\/v2\/media?parent=25009"}],"wp:term":[{"taxonomy":"category","embeddable":true,"href":"https:\/\/agora.xtec.cat\/escolaverd\/wp-json\/wp\/v2\/categories?post=25009"},{"taxonomy":"post_tag","embeddable":true,"href":"https:\/\/agora.xtec.cat\/escolaverd\/wp-json\/wp\/v2\/tags?post=25009"}],"curies":[{"name":"wp","href":"https:\/\/api.w.org\/{rel}","templated":true}]}}