{"id":24869,"date":"2022-11-17T19:50:42","date_gmt":"2022-11-17T18:50:42","guid":{"rendered":"https:\/\/www.escolaverd.cat\/?p=24869"},"modified":"2024-04-19T12:44:05","modified_gmt":"2024-04-19T10:44:05","slug":"sortida-a-sant-miquel-2","status":"publish","type":"post","link":"https:\/\/agora.xtec.cat\/escolaverd\/general\/sortida-a-sant-miquel-2\/","title":{"rendered":"Sortida a Sant Miquel"},"content":{"rendered":"<p>El passat dimecres 26 d\u2019octubre els alumnes de 5\u00e8 i 6\u00e8 vam fer una sortida al castell de Sant Miquel. La Mai no ens va poder acompanyar per problemes personals i ens van acompanyar en Jordi, la Nat\u00e0lia, la Irene i la Laia. La sortida va comen\u00e7ar a l\u2019escola i des d\u2019all\u00e0 vam anar fins a La Vall de Sant Daniel.<\/p>\n<p>Quan hi vam arribar, vam comen\u00e7ar a pujar cap al castell. A La Font del Ferro, vam parar a esmorzar i despr\u00e9s vam estar una estona jugant per all\u00e0, hi havia un terreny molt gran i ens ho vam passar b\u00e9.<\/p>\n<p>Vam anar pujant cap a Sant Miquel i hav\u00edem d\u2019anar parant de tant en tant perqu\u00e8 el cam\u00ed es feia llarg i hi havia unes ganes infinites d\u2019arribar. Pujant, vam veure uns paisatges molt bonics de Girona, per\u00f2 tota l\u2019estona ten\u00edem ganes d\u2019arribar i sobre tot de dinar. Cada vegada \u00e9rem m\u00e9s a prop d\u2019arribar i, quan per fi hi vam ser, tots vol\u00edem anar a dinar, per\u00f2 faltava visitar el castell. Per grups, vam pujar a dalt del castell i all\u00e0 vam disfrutar unes grans vistes de Girona. Com que faltava poc per a les fires, hi havia la n\u00f2ria. All\u00e0 dalt ens vam fer una foto cada grup.<\/p>\n<p>Tots morts de gana, vam anar corrents a dinar i a ensenyar als nostres companys el que port\u00e0vem per a dinar ja que quan anem d\u2019excursi\u00f3 sempre portem un gran dinar. Despr\u00e9s de dinar, vam descobrir una mica la zona jugant per all\u00e0. Hi havia un laberint molt ben fet amb pedres.<\/p>\n<p>Ja s\u2019estava fent tard i hav\u00edem de comen\u00e7ar a baixar. La baixada va ser molt millor, la gent no es cansava, no ten\u00edem gana i de seguida vam arribar a l\u2019escola. Un cop a l\u2019escola, tothom es va estirar al porxo ja que est\u00e0vem cansats i ten\u00edem mal als peus.<\/p>\n<p>Recomanem aquesta excursi\u00f3 perqu\u00e8 va ser molt divertida i vam veure uns paisatges molt bonics.<\/p>\n<p>M.R. i A. C.<\/p>\n","protected":false},"excerpt":{"rendered":"<p>El passat dimecres 26 d\u2019octubre els alumnes de 5\u00e8 i 6\u00e8 vam fer una sortida al castell de Sant Miquel. La Mai no ens va poder acompanyar per problemes personals i ens van acompanyar en Jordi, la Nat\u00e0lia, la Irene i la Laia. La sortida va comen\u00e7ar a l\u2019escola i des d\u2019all\u00e0 vam anar fins [&hellip;]<\/p>\n","protected":false},"author":25,"featured_media":24870,"comment_status":"open","ping_status":"closed","sticky":false,"template":"","format":"standard","meta":{"_bbp_topic_count":0,"_bbp_reply_count":0,"_bbp_total_topic_count":0,"_bbp_total_reply_count":0,"_bbp_voice_count":0,"_bbp_anonymous_reply_count":0,"_bbp_topic_count_hidden":0,"_bbp_reply_count_hidden":0,"_bbp_forum_subforum_count":0,"site-sidebar-layout":"default","site-content-layout":"","ast-site-content-layout":"","site-content-style":"default","site-sidebar-style":"default","ast-global-header-display":"","ast-banner-title-visibility":"","ast-main-header-display":"","ast-hfb-above-header-display":"","ast-hfb-below-header-display":"","ast-hfb-mobile-header-display":"","site-post-title":"","ast-breadcrumbs-content":"","ast-featured-img":"","footer-sml-layout":"","theme-transparent-header-meta":"","adv-header-id-meta":"","stick-header-meta":"","header-above-stick-meta":"","header-main-stick-meta":"","header-below-stick-meta":"","astra-migrate-meta-layouts":"default","ast-page-background-enabled":"default","ast-page-background-meta":{"desktop":{"background-color":"var(--ast-global-color-4)","background-image":"","background-repeat":"repeat","background-position":"center center","background-size":"auto","background-attachment":"scroll","background-type":"","background-media":"","overlay-type":"","overlay-color":"","overlay-opacity":"","overlay-gradient":""},"tablet":{"background-color":"","background-image":"","background-repeat":"repeat","background-position":"center center","background-size":"auto","background-attachment":"scroll","background-type":"","background-media":"","overlay-type":"","overlay-color":"","overlay-opacity":"","overlay-gradient":""},"mobile":{"background-color":"","background-image":"","background-repeat":"repeat","background-position":"center center","background-size":"auto","background-attachment":"scroll","background-type":"","background-media":"","overlay-type":"","overlay-color":"","overlay-opacity":"","overlay-gradient":""}},"ast-content-background-meta":{"desktop":{"background-color":"var(--ast-global-color-5)","background-image":"","background-repeat":"repeat","background-position":"center center","background-size":"auto","background-attachment":"scroll","background-type":"","background-media":"","overlay-type":"","overlay-color":"","overlay-opacity":"","overlay-gradient":""},"tablet":{"background-color":"var(--ast-global-color-5)","background-image":"","background-repeat":"repeat","background-position":"center center","background-size":"auto","background-attachment":"scroll","background-type":"","background-media":"","overlay-type":"","overlay-color":"","overlay-opacity":"","overlay-gradient":""},"mobile":{"background-color":"var(--ast-global-color-5)","background-image":"","background-repeat":"repeat","background-position":"center center","background-size":"auto","background-attachment":"scroll","background-type":"","background-media":"","overlay-type":"","overlay-color":"","overlay-opacity":"","overlay-gradient":""}},"footnotes":""},"categories":[233,15,1],"tags":[],"class_list":["post-24869","post","type-post","status-publish","format-standard","has-post-thumbnail","hentry","category-233","category-6e","category-general"],"post_mailing_queue_ids":[],"_links":{"self":[{"href":"https:\/\/agora.xtec.cat\/escolaverd\/wp-json\/wp\/v2\/posts\/24869","targetHints":{"allow":["GET"]}}],"collection":[{"href":"https:\/\/agora.xtec.cat\/escolaverd\/wp-json\/wp\/v2\/posts"}],"about":[{"href":"https:\/\/agora.xtec.cat\/escolaverd\/wp-json\/wp\/v2\/types\/post"}],"author":[{"embeddable":true,"href":"https:\/\/agora.xtec.cat\/escolaverd\/wp-json\/wp\/v2\/users\/25"}],"replies":[{"embeddable":true,"href":"https:\/\/agora.xtec.cat\/escolaverd\/wp-json\/wp\/v2\/comments?post=24869"}],"version-history":[{"count":1,"href":"https:\/\/agora.xtec.cat\/escolaverd\/wp-json\/wp\/v2\/posts\/24869\/revisions"}],"predecessor-version":[{"id":26499,"href":"https:\/\/agora.xtec.cat\/escolaverd\/wp-json\/wp\/v2\/posts\/24869\/revisions\/26499"}],"wp:featuredmedia":[{"embeddable":true,"href":"https:\/\/agora.xtec.cat\/escolaverd\/wp-json\/wp\/v2\/media\/24870"}],"wp:attachment":[{"href":"https:\/\/agora.xtec.cat\/escolaverd\/wp-json\/wp\/v2\/media?parent=24869"}],"wp:term":[{"taxonomy":"category","embeddable":true,"href":"https:\/\/agora.xtec.cat\/escolaverd\/wp-json\/wp\/v2\/categories?post=24869"},{"taxonomy":"post_tag","embeddable":true,"href":"https:\/\/agora.xtec.cat\/escolaverd\/wp-json\/wp\/v2\/tags?post=24869"}],"curies":[{"name":"wp","href":"https:\/\/api.w.org\/{rel}","templated":true}]}}