{"id":2481,"date":"2014-01-09T16:56:53","date_gmt":"2014-01-09T15:56:53","guid":{"rendered":"http:\/\/www.escolaverd.cat\/?p=2481"},"modified":"2014-01-09T16:56:53","modified_gmt":"2014-01-09T15:56:53","slug":"projecte-el-petit-princep-2","status":"publish","type":"post","link":"https:\/\/agora.xtec.cat\/escolaverd\/general\/projecte-el-petit-princep-2\/","title":{"rendered":"Projecte &#8220;El Petit Pr\u00edncep&#8221;"},"content":{"rendered":"<p>Els alumnes de tercer i quart hem treballat un projecte sobre el Petit Pr\u00edncep.<br \/>\nPrimer de tot, v\u00e0rem dur informaci\u00f3 sobre el llibre i l\u2019autor a l\u2019escola. V\u00e0rem comentar tot aquest recull d\u2019informaci\u00f3 i el v\u00e0rem penjar a les nostres classes en forma de petits murals.<\/p>\n<p>Un cop ja hav\u00edem descobert una mica la hist\u00f2ria i la vida de l\u2019autor, v\u00e0rem comen\u00e7ar a llegir el llibre. Des del principi el v\u00e0rem trobar molt divertit! Lleg\u00edem en veu alta i tots est\u00e0vem atents a la hist\u00f2ria, era molt interessant i de vegades misteriosa. Cada dia lleg\u00edem un cap\u00edtol i el coment\u00e0vem tots junts. Despr\u00e9s f\u00e8iem una activitat que tenia relaci\u00f3 amb el que hav\u00edem llegit. Trobem important i interessant comentar la hist\u00f2ria per acabar d\u2019entendre-la perqu\u00e8 a vegades apareixia un personatge que significava un missatge ocult, dif\u00edcil de veure i entre tots els desxifr\u00e0vem tots!<\/p>\n<p>Entre els alumnes de les dues classes, ens v\u00e0rem repartir tots els personatges que apareixen en el llibre. Llavors ens pos\u00e0vem a la pell de cada personatge i intent\u00e0vem extreure\u2019n el seu significat i el que ens volia ensenyar. Tot aix\u00f2 ho v\u00e0rem escriure i en vam fer-ne dibuixos. Amb aquests escrits i dibuixos, hem creat un mural per a l\u2019escola. A m\u00e9s, ho hem decorat tot amb dos collages: un hem fet els alumnes de tercer i un altre els de quart. Tamb\u00e9 t\u00e9 estrelletes, ha quedat molt bonic, ens encanta!<\/p>\n<p>Per acabar, creiem que hem apr\u00e8s moltes coses i valors importants amb cada personatge del llibre. El llibre ens ha encantat!<\/p>\n<p>Arnau, Aina, Habtamu i Salma.<\/p>\n\n","protected":false},"excerpt":{"rendered":"<p>Els alumnes de tercer i quart hem treballat un projecte sobre el Petit Pr\u00edncep. Primer de tot, v\u00e0rem dur informaci\u00f3 sobre el llibre i l\u2019autor a l\u2019escola. V\u00e0rem comentar tot aquest recull d\u2019informaci\u00f3 i el v\u00e0rem penjar a les nostres classes en forma de petits murals. Un cop ja hav\u00edem descobert una mica la hist\u00f2ria [&hellip;]<\/p>\n","protected":false},"author":16,"featured_media":2293,"comment_status":"open","ping_status":"open","sticky":false,"template":"","format":"standard","meta":{"_bbp_topic_count":0,"_bbp_reply_count":0,"_bbp_total_topic_count":0,"_bbp_total_reply_count":0,"_bbp_voice_count":0,"_bbp_anonymous_reply_count":0,"_bbp_topic_count_hidden":0,"_bbp_reply_count_hidden":0,"_bbp_forum_subforum_count":0,"site-sidebar-layout":"default","site-content-layout":"","ast-site-content-layout":"","site-content-style":"default","site-sidebar-style":"default","ast-global-header-display":"","ast-banner-title-visibility":"","ast-main-header-display":"","ast-hfb-above-header-display":"","ast-hfb-below-header-display":"","ast-hfb-mobile-header-display":"","site-post-title":"","ast-breadcrumbs-content":"","ast-featured-img":"","footer-sml-layout":"","theme-transparent-header-meta":"","adv-header-id-meta":"","stick-header-meta":"","header-above-stick-meta":"","header-main-stick-meta":"","header-below-stick-meta":"","astra-migrate-meta-layouts":"default","ast-page-background-enabled":"default","ast-page-background-meta":{"desktop":{"background-color":"var(--ast-global-color-4)","background-image":"","background-repeat":"repeat","background-position":"center center","background-size":"auto","background-attachment":"scroll","background-type":"","background-media":"","overlay-type":"","overlay-color":"","overlay-opacity":"","overlay-gradient":""},"tablet":{"background-color":"","background-image":"","background-repeat":"repeat","background-position":"center center","background-size":"auto","background-attachment":"scroll","background-type":"","background-media":"","overlay-type":"","overlay-color":"","overlay-opacity":"","overlay-gradient":""},"mobile":{"background-color":"","background-image":"","background-repeat":"repeat","background-position":"center center","background-size":"auto","background-attachment":"scroll","background-type":"","background-media":"","overlay-type":"","overlay-color":"","overlay-opacity":"","overlay-gradient":""}},"ast-content-background-meta":{"desktop":{"background-color":"var(--ast-global-color-5)","background-image":"","background-repeat":"repeat","background-position":"center center","background-size":"auto","background-attachment":"scroll","background-type":"","background-media":"","overlay-type":"","overlay-color":"","overlay-opacity":"","overlay-gradient":""},"tablet":{"background-color":"var(--ast-global-color-5)","background-image":"","background-repeat":"repeat","background-position":"center center","background-size":"auto","background-attachment":"scroll","background-type":"","background-media":"","overlay-type":"","overlay-color":"","overlay-opacity":"","overlay-gradient":""},"mobile":{"background-color":"var(--ast-global-color-5)","background-image":"","background-repeat":"repeat","background-position":"center center","background-size":"auto","background-attachment":"scroll","background-type":"","background-media":"","overlay-type":"","overlay-color":"","overlay-opacity":"","overlay-gradient":""}},"footnotes":""},"categories":[70,1,4],"tags":[],"class_list":["post-2481","post","type-post","status-publish","format-standard","has-post-thumbnail","hentry","category-3r","category-general","category-portada"],"post_mailing_queue_ids":[],"_links":{"self":[{"href":"https:\/\/agora.xtec.cat\/escolaverd\/wp-json\/wp\/v2\/posts\/2481","targetHints":{"allow":["GET"]}}],"collection":[{"href":"https:\/\/agora.xtec.cat\/escolaverd\/wp-json\/wp\/v2\/posts"}],"about":[{"href":"https:\/\/agora.xtec.cat\/escolaverd\/wp-json\/wp\/v2\/types\/post"}],"author":[{"embeddable":true,"href":"https:\/\/agora.xtec.cat\/escolaverd\/wp-json\/wp\/v2\/users\/16"}],"replies":[{"embeddable":true,"href":"https:\/\/agora.xtec.cat\/escolaverd\/wp-json\/wp\/v2\/comments?post=2481"}],"version-history":[{"count":0,"href":"https:\/\/agora.xtec.cat\/escolaverd\/wp-json\/wp\/v2\/posts\/2481\/revisions"}],"wp:featuredmedia":[{"embeddable":true,"href":"https:\/\/agora.xtec.cat\/escolaverd\/wp-json\/"}],"wp:attachment":[{"href":"https:\/\/agora.xtec.cat\/escolaverd\/wp-json\/wp\/v2\/media?parent=2481"}],"wp:term":[{"taxonomy":"category","embeddable":true,"href":"https:\/\/agora.xtec.cat\/escolaverd\/wp-json\/wp\/v2\/categories?post=2481"},{"taxonomy":"post_tag","embeddable":true,"href":"https:\/\/agora.xtec.cat\/escolaverd\/wp-json\/wp\/v2\/tags?post=2481"}],"curies":[{"name":"wp","href":"https:\/\/api.w.org\/{rel}","templated":true}]}}