{"id":24458,"date":"2022-06-02T18:29:49","date_gmt":"2022-06-02T16:29:49","guid":{"rendered":"https:\/\/www.escolaverd.cat\/?p=24458"},"modified":"2024-03-18T13:47:44","modified_gmt":"2024-03-18T12:47:44","slug":"descoberta-del-riu-ter","status":"publish","type":"post","link":"https:\/\/agora.xtec.cat\/escolaverd\/general\/descoberta-del-riu-ter\/","title":{"rendered":"Descoberta del riu Ter"},"content":{"rendered":"<p>El divendres 27 de maig els nens i nenes de 2n vam anar d&#8217;excursi\u00f3 al riu Ter. Per arribar-hi, vam haver d&#8217;agafar el bus urb\u00e0, la l\u00ednia 2 (L2), i baixar a la parada de Sant Pon\u00e7.<\/p>\n<p>Despr\u00e9s de caminar una mica, ens vam trobar un noi, en Jes\u00fas, que ens va portar fins al Ter. Un cop all\u00e0, ens va explicar moltes coses i ens va ensenyar una ploma, una tortuga i un cranc. Tamb\u00e9 va treure unes xarxes que havia posat al riu i ens va deixar tocar algun dels peixos que hi havien quedat atrapats.\u00a0<\/p>\n<p>Tot seguit, vam esmorzar i ens vam posar els escarpins o les bambes velles. Llavors, en Jes\u00fas ens va ensenyar unes fitxes amb molts macroinvertebrats classificats per colors, segons si vivien en aig\u00fces m\u00e9s o menys brutes.\u00a0<\/p>\n<p>A continuaci\u00f3,\u00a0 per grups, vam agafar salabrets i, des de fora o dins de l&#8217;aigua, vam intentar pescar alguns d&#8217;aquells macroinvertebrats. Vam trobar: escorpins d&#8217;aigua, sabaters, gambetes, un peixet mort &#8230; I vam descobrir que l&#8217;aigua no estava gaire bruta.\u00a0<\/p>\n<p>Un cop acabada l&#8217;activitat, vam anar caminant fins a la part de darrere del pavell\u00f3 de Fontajau.<\/p>\n<p>Despr\u00e9s de fer-nos algunes fotos i de jugar al pica paret, a futbol amb una gorra &#8230;, vam dinar. La resta de la sortida la vam dedicar a crear tres obres de teatre, a construir coves\/habitacions amb pals, pedres &#8230;, a anar a buscar aigua a la font &#8230; i a tornar caminant fins a l&#8217;escola.\u00a0<\/p>\n<p>Ens ho vam passar genial! Va ser molt divertit!\u00a0<\/p>\n<p>Podreu veure&#8217;n algunes imatges <a href=\"https:\/\/photos.app.goo.gl\/Qh6srRxobivU96ie9\">AQU\u00cd<\/a>.\u00a0<\/p>\n<p>&nbsp;<\/p>\n<p>&nbsp;<\/p>\n<p>&nbsp;<\/p>\n<p>&nbsp;<\/p>\n<p>&nbsp;<\/p>\n<p>&nbsp;<\/p>\n<p>&nbsp;<\/p>\n<p>&nbsp;<\/p>\n","protected":false},"excerpt":{"rendered":"<p>El divendres 27 de maig els nens i nenes de 2n vam anar d&#8217;excursi\u00f3 al riu Ter. Per arribar-hi, vam haver d&#8217;agafar el bus urb\u00e0, la l\u00ednia 2 (L2), i baixar a la parada de Sant Pon\u00e7. Despr\u00e9s de caminar una mica, ens vam trobar un noi, en Jes\u00fas, que ens va portar fins al [&hellip;]<\/p>\n","protected":false},"author":21,"featured_media":24459,"comment_status":"open","ping_status":"open","sticky":false,"template":"","format":"standard","meta":{"_bbp_topic_count":0,"_bbp_reply_count":0,"_bbp_total_topic_count":0,"_bbp_total_reply_count":0,"_bbp_voice_count":0,"_bbp_anonymous_reply_count":0,"_bbp_topic_count_hidden":0,"_bbp_reply_count_hidden":0,"_bbp_forum_subforum_count":0,"site-sidebar-layout":"default","site-content-layout":"","ast-site-content-layout":"","site-content-style":"default","site-sidebar-style":"default","ast-global-header-display":"","ast-banner-title-visibility":"","ast-main-header-display":"","ast-hfb-above-header-display":"","ast-hfb-below-header-display":"","ast-hfb-mobile-header-display":"","site-post-title":"","ast-breadcrumbs-content":"","ast-featured-img":"","footer-sml-layout":"","theme-transparent-header-meta":"","adv-header-id-meta":"","stick-header-meta":"","header-above-stick-meta":"","header-main-stick-meta":"","header-below-stick-meta":"","astra-migrate-meta-layouts":"default","ast-page-background-enabled":"default","ast-page-background-meta":{"desktop":{"background-color":"var(--ast-global-color-4)","background-image":"","background-repeat":"repeat","background-position":"center center","background-size":"auto","background-attachment":"scroll","background-type":"","background-media":"","overlay-type":"","overlay-color":"","overlay-opacity":"","overlay-gradient":""},"tablet":{"background-color":"","background-image":"","background-repeat":"repeat","background-position":"center center","background-size":"auto","background-attachment":"scroll","background-type":"","background-media":"","overlay-type":"","overlay-color":"","overlay-opacity":"","overlay-gradient":""},"mobile":{"background-color":"","background-image":"","background-repeat":"repeat","background-position":"center center","background-size":"auto","background-attachment":"scroll","background-type":"","background-media":"","overlay-type":"","overlay-color":"","overlay-opacity":"","overlay-gradient":""}},"ast-content-background-meta":{"desktop":{"background-color":"var(--ast-global-color-5)","background-image":"","background-repeat":"repeat","background-position":"center center","background-size":"auto","background-attachment":"scroll","background-type":"","background-media":"","overlay-type":"","overlay-color":"","overlay-opacity":"","overlay-gradient":""},"tablet":{"background-color":"var(--ast-global-color-5)","background-image":"","background-repeat":"repeat","background-position":"center center","background-size":"auto","background-attachment":"scroll","background-type":"","background-media":"","overlay-type":"","overlay-color":"","overlay-opacity":"","overlay-gradient":""},"mobile":{"background-color":"var(--ast-global-color-5)","background-image":"","background-repeat":"repeat","background-position":"center center","background-size":"auto","background-attachment":"scroll","background-type":"","background-media":"","overlay-type":"","overlay-color":"","overlay-opacity":"","overlay-gradient":""}},"footnotes":""},"categories":[79,1,4],"tags":[],"class_list":["post-24458","post","type-post","status-publish","format-standard","has-post-thumbnail","hentry","category-2n","category-general","category-portada"],"post_mailing_queue_ids":[],"_links":{"self":[{"href":"https:\/\/agora.xtec.cat\/escolaverd\/wp-json\/wp\/v2\/posts\/24458","targetHints":{"allow":["GET"]}}],"collection":[{"href":"https:\/\/agora.xtec.cat\/escolaverd\/wp-json\/wp\/v2\/posts"}],"about":[{"href":"https:\/\/agora.xtec.cat\/escolaverd\/wp-json\/wp\/v2\/types\/post"}],"author":[{"embeddable":true,"href":"https:\/\/agora.xtec.cat\/escolaverd\/wp-json\/wp\/v2\/users\/21"}],"replies":[{"embeddable":true,"href":"https:\/\/agora.xtec.cat\/escolaverd\/wp-json\/wp\/v2\/comments?post=24458"}],"version-history":[{"count":1,"href":"https:\/\/agora.xtec.cat\/escolaverd\/wp-json\/wp\/v2\/posts\/24458\/revisions"}],"predecessor-version":[{"id":26146,"href":"https:\/\/agora.xtec.cat\/escolaverd\/wp-json\/wp\/v2\/posts\/24458\/revisions\/26146"}],"wp:featuredmedia":[{"embeddable":true,"href":"https:\/\/agora.xtec.cat\/escolaverd\/wp-json\/"}],"wp:attachment":[{"href":"https:\/\/agora.xtec.cat\/escolaverd\/wp-json\/wp\/v2\/media?parent=24458"}],"wp:term":[{"taxonomy":"category","embeddable":true,"href":"https:\/\/agora.xtec.cat\/escolaverd\/wp-json\/wp\/v2\/categories?post=24458"},{"taxonomy":"post_tag","embeddable":true,"href":"https:\/\/agora.xtec.cat\/escolaverd\/wp-json\/wp\/v2\/tags?post=24458"}],"curies":[{"name":"wp","href":"https:\/\/api.w.org\/{rel}","templated":true}]}}