{"id":24043,"date":"2022-04-08T22:34:29","date_gmt":"2022-04-08T20:34:29","guid":{"rendered":"https:\/\/www.escolaverd.cat\/?p=24043"},"modified":"2022-04-08T22:34:29","modified_gmt":"2022-04-08T20:34:29","slug":"girobotica-4","status":"publish","type":"post","link":"https:\/\/agora.xtec.cat\/escolaverd\/nivells\/5e\/girobotica-4\/","title":{"rendered":"Girob\u00f2tica"},"content":{"rendered":"<p><span style=\"font-weight: 400\">El passat divendres 8 de mar\u00e7 els alumnes de 5\u00e8 vam acabar el projecte \u201cGirob\u00f2tica\u201d.<\/span><\/p>\n<p><span style=\"font-weight: 400\">Per\u00f2 qu\u00e8 \u00e9s Girob\u00f2tica? Girob\u00f2tica \u00e9s un projecte que cada\u00a0 any proposa una idea diferent\u00a0 i els alumnes de 5\u00e8 i 6\u00e8 de les\u00a0 escoles de Girona hi participen creant una maqueta de la seva idea. El projecte ha sigut creat per la UDG. Aquest projecte ajuda als alumnes a ser m\u00e9s creatius i a la cooperaci\u00f3 en grup.<\/span><\/p>\n<p><span style=\"font-weight: 400\">Aquest any la idea que ens van proposar va ser MOBILITAT SOSTENIBLE. Primer de tot vam fer una pluja d\u2019idees sobre qu\u00e8 pens\u00e0vem que era mobilitat sostenible i despr\u00e9s vam fer una recerca buscant per alguns webs. Despr\u00e9s de tot aix\u00f2, els grups ja ten\u00edem m\u00e9s clara la seva idea. Vam fer un esquema de la maqueta. I vam comen\u00e7ar a fer la maqueta. Despr\u00e9s d&#8217;uns quants entrebancs\u2026 Ja ten\u00edem a punt la maqueta per presentar-la.\u00a0<\/span><\/p>\n<p><span style=\"font-weight: 400\">Tot seguit vam elaborar un gui\u00f3 i un storyboard per gravar un v\u00eddeo en qu\u00e8 cada grup present\u00e0vem el nostre projecte.<\/span><\/p>\n<p><span style=\"font-weight: 400\">Finalment, vam presentar els projectes davant dels pares i d\u2019un tribunal que ens va valorar la feina i ens va fer preguntes.<\/span><\/p>\n<p><span style=\"font-weight: 400\">Ha estat una experi\u00e8ncia molt interessant en qu\u00e8 hem apr\u00e8s molt sobre mobilitat sostenible i a millorar el nostre treball en grup.<\/span><\/p>\n<p style=\"text-align: right\">Mart\u00ed Ru. i Rita P.<\/p>\n\n","protected":false},"excerpt":{"rendered":"<p>El passat divendres 8 de mar\u00e7 els alumnes de 5\u00e8 vam acabar el projecte \u201cGirob\u00f2tica\u201d. Per\u00f2 qu\u00e8 \u00e9s Girob\u00f2tica? Girob\u00f2tica \u00e9s un projecte que cada\u00a0 any proposa una idea diferent\u00a0 i els alumnes de 5\u00e8 i 6\u00e8 de les\u00a0 escoles de Girona hi participen creant una maqueta de la seva idea. El projecte ha sigut [&hellip;]<\/p>\n","protected":false},"author":24,"featured_media":24050,"comment_status":"open","ping_status":"open","sticky":false,"template":"","format":"standard","meta":{"_bbp_topic_count":0,"_bbp_reply_count":0,"_bbp_total_topic_count":0,"_bbp_total_reply_count":0,"_bbp_voice_count":0,"_bbp_anonymous_reply_count":0,"_bbp_topic_count_hidden":0,"_bbp_reply_count_hidden":0,"_bbp_forum_subforum_count":0,"site-sidebar-layout":"default","site-content-layout":"","ast-site-content-layout":"","site-content-style":"default","site-sidebar-style":"default","ast-global-header-display":"","ast-banner-title-visibility":"","ast-main-header-display":"","ast-hfb-above-header-display":"","ast-hfb-below-header-display":"","ast-hfb-mobile-header-display":"","site-post-title":"","ast-breadcrumbs-content":"","ast-featured-img":"","footer-sml-layout":"","theme-transparent-header-meta":"","adv-header-id-meta":"","stick-header-meta":"","header-above-stick-meta":"","header-main-stick-meta":"","header-below-stick-meta":"","astra-migrate-meta-layouts":"default","ast-page-background-enabled":"default","ast-page-background-meta":{"desktop":{"background-color":"var(--ast-global-color-4)","background-image":"","background-repeat":"repeat","background-position":"center center","background-size":"auto","background-attachment":"scroll","background-type":"","background-media":"","overlay-type":"","overlay-color":"","overlay-opacity":"","overlay-gradient":""},"tablet":{"background-color":"","background-image":"","background-repeat":"repeat","background-position":"center center","background-size":"auto","background-attachment":"scroll","background-type":"","background-media":"","overlay-type":"","overlay-color":"","overlay-opacity":"","overlay-gradient":""},"mobile":{"background-color":"","background-image":"","background-repeat":"repeat","background-position":"center center","background-size":"auto","background-attachment":"scroll","background-type":"","background-media":"","overlay-type":"","overlay-color":"","overlay-opacity":"","overlay-gradient":""}},"ast-content-background-meta":{"desktop":{"background-color":"var(--ast-global-color-5)","background-image":"","background-repeat":"repeat","background-position":"center center","background-size":"auto","background-attachment":"scroll","background-type":"","background-media":"","overlay-type":"","overlay-color":"","overlay-opacity":"","overlay-gradient":""},"tablet":{"background-color":"var(--ast-global-color-5)","background-image":"","background-repeat":"repeat","background-position":"center center","background-size":"auto","background-attachment":"scroll","background-type":"","background-media":"","overlay-type":"","overlay-color":"","overlay-opacity":"","overlay-gradient":""},"mobile":{"background-color":"var(--ast-global-color-5)","background-image":"","background-repeat":"repeat","background-position":"center center","background-size":"auto","background-attachment":"scroll","background-type":"","background-media":"","overlay-type":"","overlay-color":"","overlay-opacity":"","overlay-gradient":""}},"footnotes":""},"categories":[14],"tags":[],"class_list":["post-24043","post","type-post","status-publish","format-standard","has-post-thumbnail","hentry","category-5e"],"post_mailing_queue_ids":[],"_links":{"self":[{"href":"https:\/\/agora.xtec.cat\/escolaverd\/wp-json\/wp\/v2\/posts\/24043","targetHints":{"allow":["GET"]}}],"collection":[{"href":"https:\/\/agora.xtec.cat\/escolaverd\/wp-json\/wp\/v2\/posts"}],"about":[{"href":"https:\/\/agora.xtec.cat\/escolaverd\/wp-json\/wp\/v2\/types\/post"}],"author":[{"embeddable":true,"href":"https:\/\/agora.xtec.cat\/escolaverd\/wp-json\/wp\/v2\/users\/24"}],"replies":[{"embeddable":true,"href":"https:\/\/agora.xtec.cat\/escolaverd\/wp-json\/wp\/v2\/comments?post=24043"}],"version-history":[{"count":0,"href":"https:\/\/agora.xtec.cat\/escolaverd\/wp-json\/wp\/v2\/posts\/24043\/revisions"}],"wp:featuredmedia":[{"embeddable":true,"href":"https:\/\/agora.xtec.cat\/escolaverd\/wp-json\/"}],"wp:attachment":[{"href":"https:\/\/agora.xtec.cat\/escolaverd\/wp-json\/wp\/v2\/media?parent=24043"}],"wp:term":[{"taxonomy":"category","embeddable":true,"href":"https:\/\/agora.xtec.cat\/escolaverd\/wp-json\/wp\/v2\/categories?post=24043"},{"taxonomy":"post_tag","embeddable":true,"href":"https:\/\/agora.xtec.cat\/escolaverd\/wp-json\/wp\/v2\/tags?post=24043"}],"curies":[{"name":"wp","href":"https:\/\/api.w.org\/{rel}","templated":true}]}}