{"id":23458,"date":"2021-11-27T12:47:11","date_gmt":"2021-11-27T11:47:11","guid":{"rendered":"https:\/\/www.escolaverd.cat\/?p=23458"},"modified":"2024-03-18T13:48:13","modified_gmt":"2024-03-18T12:48:13","slug":"taller-de-plastica-i-ceramica-a-lema","status":"publish","type":"post","link":"https:\/\/agora.xtec.cat\/escolaverd\/general\/taller-de-plastica-i-ceramica-a-lema\/","title":{"rendered":"Taller de pl\u00e0stica i cer\u00e0mica a l&#8217;EMA"},"content":{"rendered":"<p>El dijous 25 de novembre els de 2n vam anar a l&#8217;Escola Municipal d&#8217;Art (EMA) a fer dos tallers .\u00a0\u00a0<\/p>\n<p><span style=\"font-weight: 400;\">En un, que era de pl\u00e0stica, vam treballar la t\u00e8cnica del <\/span><i><span style=\"font-weight: 400;\">collage<\/span><\/i><span style=\"font-weight: 400;\"> i vam crear un arbre. Per fer-lo, a cada parella ens van donar una capsa, la qual estava plena de retalls de paper i cartr\u00f3 de diferents colors i textures. Els hav\u00edem de tallar amb els dits o retallar amb tisores i enganxar-los amb cola blanca. A sota de l&#8217;arbre, hi vam col\u00b7locar una solapa que s\u2019obria. Dins d&#8217;aquesta, vam posar-hi una llavor que comen\u00e7ava a brotar. A partir dels tres colors primaris, vam fer pintura verda i marr\u00f3 per pintar la solapa. Aix\u00ed, l&#8217;arbre va poder tenir terra per cr\u00e9ixer.\u00a0<\/span><\/p>\n<p><span style=\"font-weight: 400;\">L&#8217;altre va ser de cer\u00e0mica i vam fer un test amb forma de protecci\u00f3 o c\u00e0psula d\u2019agl\u00e0. Vam comen\u00e7ar fent una esfera amb una pe\u00e7a de fang. Per donar-li forma, hav\u00edem d\u2019anar fent pessics amb el dit gros a dins i els altres a fora. El seg\u00fcent pas era fer un forat al mig. Despr\u00e9s, hav\u00edem de girar el test per polir les parets. Finalment, vam decorar-lo amb diferents eines de fusta de diverses formes. Alguns vam utilizar la protecci\u00f3 d\u2019un agl\u00e0 de veritat per decorar el test.<\/span><\/p>\n<p>Ens ho vam passar molt i molt b\u00e9!\u00a0<\/p>\n\n","protected":false},"excerpt":{"rendered":"<p>El dijous 25 de novembre els de 2n vam anar a l&#8217;Escola Municipal d&#8217;Art (EMA) a fer dos tallers .\u00a0\u00a0 En un, que era de pl\u00e0stica, vam treballar la t\u00e8cnica del collage i vam crear un arbre. Per fer-lo, a cada parella ens van donar una capsa, la qual estava plena de retalls de paper [&hellip;]<\/p>\n","protected":false},"author":21,"featured_media":23461,"comment_status":"open","ping_status":"open","sticky":false,"template":"","format":"standard","meta":{"_bbp_topic_count":0,"_bbp_reply_count":0,"_bbp_total_topic_count":0,"_bbp_total_reply_count":0,"_bbp_voice_count":0,"_bbp_anonymous_reply_count":0,"_bbp_topic_count_hidden":0,"_bbp_reply_count_hidden":0,"_bbp_forum_subforum_count":0,"site-sidebar-layout":"default","site-content-layout":"","ast-site-content-layout":"","site-content-style":"default","site-sidebar-style":"default","ast-global-header-display":"","ast-banner-title-visibility":"","ast-main-header-display":"","ast-hfb-above-header-display":"","ast-hfb-below-header-display":"","ast-hfb-mobile-header-display":"","site-post-title":"","ast-breadcrumbs-content":"","ast-featured-img":"","footer-sml-layout":"","theme-transparent-header-meta":"","adv-header-id-meta":"","stick-header-meta":"","header-above-stick-meta":"","header-main-stick-meta":"","header-below-stick-meta":"","astra-migrate-meta-layouts":"default","ast-page-background-enabled":"default","ast-page-background-meta":{"desktop":{"background-color":"var(--ast-global-color-4)","background-image":"","background-repeat":"repeat","background-position":"center center","background-size":"auto","background-attachment":"scroll","background-type":"","background-media":"","overlay-type":"","overlay-color":"","overlay-opacity":"","overlay-gradient":""},"tablet":{"background-color":"","background-image":"","background-repeat":"repeat","background-position":"center center","background-size":"auto","background-attachment":"scroll","background-type":"","background-media":"","overlay-type":"","overlay-color":"","overlay-opacity":"","overlay-gradient":""},"mobile":{"background-color":"","background-image":"","background-repeat":"repeat","background-position":"center center","background-size":"auto","background-attachment":"scroll","background-type":"","background-media":"","overlay-type":"","overlay-color":"","overlay-opacity":"","overlay-gradient":""}},"ast-content-background-meta":{"desktop":{"background-color":"var(--ast-global-color-5)","background-image":"","background-repeat":"repeat","background-position":"center center","background-size":"auto","background-attachment":"scroll","background-type":"","background-media":"","overlay-type":"","overlay-color":"","overlay-opacity":"","overlay-gradient":""},"tablet":{"background-color":"var(--ast-global-color-5)","background-image":"","background-repeat":"repeat","background-position":"center center","background-size":"auto","background-attachment":"scroll","background-type":"","background-media":"","overlay-type":"","overlay-color":"","overlay-opacity":"","overlay-gradient":""},"mobile":{"background-color":"var(--ast-global-color-5)","background-image":"","background-repeat":"repeat","background-position":"center center","background-size":"auto","background-attachment":"scroll","background-type":"","background-media":"","overlay-type":"","overlay-color":"","overlay-opacity":"","overlay-gradient":""}},"footnotes":""},"categories":[79,1,4],"tags":[],"class_list":["post-23458","post","type-post","status-publish","format-standard","has-post-thumbnail","hentry","category-2n","category-general","category-portada"],"post_mailing_queue_ids":[],"_links":{"self":[{"href":"https:\/\/agora.xtec.cat\/escolaverd\/wp-json\/wp\/v2\/posts\/23458","targetHints":{"allow":["GET"]}}],"collection":[{"href":"https:\/\/agora.xtec.cat\/escolaverd\/wp-json\/wp\/v2\/posts"}],"about":[{"href":"https:\/\/agora.xtec.cat\/escolaverd\/wp-json\/wp\/v2\/types\/post"}],"author":[{"embeddable":true,"href":"https:\/\/agora.xtec.cat\/escolaverd\/wp-json\/wp\/v2\/users\/21"}],"replies":[{"embeddable":true,"href":"https:\/\/agora.xtec.cat\/escolaverd\/wp-json\/wp\/v2\/comments?post=23458"}],"version-history":[{"count":1,"href":"https:\/\/agora.xtec.cat\/escolaverd\/wp-json\/wp\/v2\/posts\/23458\/revisions"}],"predecessor-version":[{"id":26147,"href":"https:\/\/agora.xtec.cat\/escolaverd\/wp-json\/wp\/v2\/posts\/23458\/revisions\/26147"}],"wp:featuredmedia":[{"embeddable":true,"href":"https:\/\/agora.xtec.cat\/escolaverd\/wp-json\/"}],"wp:attachment":[{"href":"https:\/\/agora.xtec.cat\/escolaverd\/wp-json\/wp\/v2\/media?parent=23458"}],"wp:term":[{"taxonomy":"category","embeddable":true,"href":"https:\/\/agora.xtec.cat\/escolaverd\/wp-json\/wp\/v2\/categories?post=23458"},{"taxonomy":"post_tag","embeddable":true,"href":"https:\/\/agora.xtec.cat\/escolaverd\/wp-json\/wp\/v2\/tags?post=23458"}],"curies":[{"name":"wp","href":"https:\/\/api.w.org\/{rel}","templated":true}]}}