{"id":2320,"date":"2013-12-22T13:04:40","date_gmt":"2013-12-22T12:04:40","guid":{"rendered":"http:\/\/www.escolaverd.cat\/?p=2320"},"modified":"2013-12-22T13:04:40","modified_gmt":"2013-12-22T12:04:40","slug":"taller-tivo-creatiu","status":"publish","type":"post","link":"https:\/\/agora.xtec.cat\/escolaverd\/general\/taller-tivo-creatiu\/","title":{"rendered":"Taller Tivo Creatiu"},"content":{"rendered":"<p align=\"JUSTIFY\"><span style=\"font-family: Arial,sans-serif;\"><span style=\"font-size: large;\"><b>Qu\u00e8 \u00e9s el &#8220;Tivo Creatiu&#8221;?<\/b><\/span><\/span><\/p>\n<p align=\"JUSTIFY\"><span style=\"font-family: Arial,sans-serif;\"><span style=\"font-size: large;\">El &#8220;Tivo Creativo&#8221; \u00e9s un taller de creativitat que hem fet durant tres sessions al llarg d&#8217;aquestes dues \u00faltimes setmanes. Es tracta d&#8217;anar llegint un petit c\u00f2mic i en alguns moments clau es porten a terme activitats en grup. <\/span><\/span><\/p>\n<p align=\"JUSTIFY\"><span style=\"font-family: Arial,sans-serif;\"><span style=\"font-size: large;\">En Tivo Creativo \u00e9s un noi que viu en una ciutat molt grisa i avorrida, on mai passa res i tot \u00e9s sempre igual. Un dia, troba un bagul a les golfes de la casa dels seus avis i dintre d&#8217;aquest hi ha una fotografia del seu avi fent d&#8217;explorador. A partir d&#8217;aquest moment, utilitza uns prism\u00e0tics que ajudaran en Tivo a ser m\u00e9s creatiu i fer la realitat m\u00e9s interessant. Llavors, comen\u00e7a a imaginar-se que est\u00e0 a la Sabana i investigar\u00e0 qu\u00e8 poden fer els arbres perqu\u00e8 els elefants no els trenquin les branques.<\/span><\/span><\/p>\n<p align=\"JUSTIFY\"><span style=\"font-family: Arial,sans-serif;\"><span style=\"font-size: large;\"><b>Qu\u00e8 hem apr\u00e8s?<\/b><\/span><\/span><\/p>\n<p align=\"JUSTIFY\"><span style=\"font-family: Arial,sans-serif;\"><span style=\"font-size: large;\">Gr\u00e0cies a la hist\u00f2ria i a les activitats d&#8217;aquest taller hem apr\u00e8s un munt de coses! Ara us les intentarem explicar. <\/span><\/span><\/p>\n<p align=\"JUSTIFY\"><span style=\"font-family: Arial,sans-serif;\"><span style=\"font-size: large;\">Primer de tot, ens ha ajudat a ser creatius, saber comunicar-nos i tenir sempre una alternativa per l&#8217;avorriment, sempre hi ha coses per fer! <\/span><\/span><\/p>\n<p align=\"JUSTIFY\"><span style=\"font-family: Arial,sans-serif;\"><span style=\"font-size: large;\">Tamb\u00e9 a veure que la natura t\u00e9 sentiments i que l&#8217;hem de cuidar i respectar. A m\u00e9s, a fer un esfor\u00e7 per ajudar els altres i veure coses diferents a les que normalment veiem. <\/span><\/span><\/p>\n<p align=\"JUSTIFY\"><span style=\"font-family: Arial,sans-serif;\"><span style=\"font-size: large;\">Ens ha ensenyat que no hem de fer les coses r\u00e0pid: abans d&#8217;actuar, hem de rumiar i planificar b\u00e9. <\/span><\/span><\/p>\n<p align=\"JUSTIFY\"><span style=\"font-family: Arial,sans-serif;\"><span style=\"font-size: large;\">Ens ha servit per adonar-nos que no nom\u00e9s els grans s\u00f3n els millors i m\u00e9s savis, els petits tamb\u00e9 poden aportar moltes coses. Tothom pot tenir bones idees i totes elles han de ser respectades. <\/span><\/span><\/p>\n<p align=\"JUSTIFY\"><span style=\"font-family: Arial,sans-serif;\"><span style=\"font-size: large;\">Les formigues treballen en grup i aconsegueixen moltes coses, aix\u00f2 ens ha fet veure que no hem de ser tan individualistes i aprendre a treballar en grup: &#8220;tots junts podem crear coses millors&#8221;. <\/span><\/span><\/p>\n<p align=\"JUSTIFY\"><span style=\"font-family: Arial,sans-serif;\"><span style=\"font-size: large;\">De vegades, els m\u00e9s forts o grans f\u00edsicament no s\u00f3n els millors. Per exemple, les formigues s\u00f3n m\u00e9s poderoses que els lleons perqu\u00e8 saben treballar en equip i col\u00b7laborar totes per aconseguir una cosa.<\/span><\/span><\/p>\n<p align=\"JUSTIFY\"><span style=\"font-family: Arial,sans-serif;\"><span style=\"font-size: large;\">Hem apr\u00e8s que no ens hem de rendir si les coses no surten a la primera, hem de continuar lluitant i al final aconseguirem tot el que ens proposem. Tamb\u00e9 hem vist que tot el que surt malament pot tenir un profit, aix\u00f2 \u00e9s el que ens far\u00e0 cr\u00e8ixer i aprendre. No hem de tenir por de res!<\/span><\/span><\/p>\n<p align=\"JUSTIFY\"><span style=\"font-family: Arial,sans-serif;\"><span style=\"font-size: large;\"><b>Qu\u00e8 ens ha agradat i qu\u00e8 no?<\/b><\/span><\/span><\/p>\n<p align=\"JUSTIFY\"><span style=\"font-family: Arial,sans-serif;\"><span style=\"font-size: large;\">El taller ens ha encantat! <\/span><\/span><\/p>\n<p align=\"JUSTIFY\"><span style=\"font-family: Arial,sans-serif;\"><span style=\"font-size: large;\">Hem apr\u00e8s moltes coses, a l&#8217;hora que potenci\u00e0vem la imaginaci\u00f3 i haver de pensar per nosaltres mateixos.<\/span><\/span><\/p>\n<p align=\"JUSTIFY\"><span style=\"font-family: Arial,sans-serif;\"><span style=\"font-size: large;\">Tant la hist\u00f2ria com les activitats eren molt interessants, divertides, curioses&#8230; Ens ha agradat perqu\u00e8 no se&#8217;ns donava la feina feta, hav\u00edem de pensar i els resultats definitus eren inesperats. Tamb\u00e9 hem agra\u00eft que hi haug\u00e9s una part m\u00e9s manipulativa a les activitats (com per exemple, haver de fer el sobre). <\/span><\/span><\/p>\n<p align=\"JUSTIFY\"><span style=\"font-family: Arial,sans-serif;\"><span style=\"font-size: large;\">A m\u00e9s, hem trobat molt enriquidor treballar en grup: poder donar lliurement la pr\u00f2pia opini\u00f3, haver-nos de posar d&#8217;acord, respectar-nos&#8230; I que dins del grup hi hagu\u00e9s m\u00e9s d&#8217;una idea i que tothom hagu\u00e9s de col\u00b7laborar perqu\u00e8 sort\u00eds b\u00e9 l&#8217;activitat. Molts de nosaltres ens vam soprendre de les idees originals que aportaven la resta dels nostres companys.<\/span><\/span><\/p>\n<p align=\"JUSTIFY\"><span style=\"font-family: Arial,sans-serif;\"><span style=\"font-size: large;\">Com podeu veure, ens ho hem pasat molt i molt b\u00e9, ja estem esperant la segona part d&#8217;aquest treball. La imaginaci\u00f3 no t\u00e9 l\u00edmits!<\/span><\/span><\/p>\n<p align=\"JUSTIFY\"><span style=\"font-family: Arial,sans-serif;\"><span style=\"font-size: large;\">Els nens i nenes de 3r<\/span><\/span><\/p>\n\n","protected":false},"excerpt":{"rendered":"<p>Qu\u00e8 \u00e9s el &#8220;Tivo Creatiu&#8221;? El &#8220;Tivo Creativo&#8221; \u00e9s un taller de creativitat que hem fet durant tres sessions al llarg d&#8217;aquestes dues \u00faltimes setmanes. Es tracta d&#8217;anar llegint un petit c\u00f2mic i en alguns moments clau es porten a terme activitats en grup. En Tivo Creativo \u00e9s un noi que viu en una ciutat [&hellip;]<\/p>\n","protected":false},"author":22,"featured_media":2333,"comment_status":"open","ping_status":"open","sticky":false,"template":"","format":"standard","meta":{"_bbp_topic_count":0,"_bbp_reply_count":0,"_bbp_total_topic_count":0,"_bbp_total_reply_count":0,"_bbp_voice_count":0,"_bbp_anonymous_reply_count":0,"_bbp_topic_count_hidden":0,"_bbp_reply_count_hidden":0,"_bbp_forum_subforum_count":0,"site-sidebar-layout":"default","site-content-layout":"","ast-site-content-layout":"","site-content-style":"default","site-sidebar-style":"default","ast-global-header-display":"","ast-banner-title-visibility":"","ast-main-header-display":"","ast-hfb-above-header-display":"","ast-hfb-below-header-display":"","ast-hfb-mobile-header-display":"","site-post-title":"","ast-breadcrumbs-content":"","ast-featured-img":"","footer-sml-layout":"","theme-transparent-header-meta":"","adv-header-id-meta":"","stick-header-meta":"","header-above-stick-meta":"","header-main-stick-meta":"","header-below-stick-meta":"","astra-migrate-meta-layouts":"default","ast-page-background-enabled":"default","ast-page-background-meta":{"desktop":{"background-color":"var(--ast-global-color-4)","background-image":"","background-repeat":"repeat","background-position":"center center","background-size":"auto","background-attachment":"scroll","background-type":"","background-media":"","overlay-type":"","overlay-color":"","overlay-opacity":"","overlay-gradient":""},"tablet":{"background-color":"","background-image":"","background-repeat":"repeat","background-position":"center center","background-size":"auto","background-attachment":"scroll","background-type":"","background-media":"","overlay-type":"","overlay-color":"","overlay-opacity":"","overlay-gradient":""},"mobile":{"background-color":"","background-image":"","background-repeat":"repeat","background-position":"center center","background-size":"auto","background-attachment":"scroll","background-type":"","background-media":"","overlay-type":"","overlay-color":"","overlay-opacity":"","overlay-gradient":""}},"ast-content-background-meta":{"desktop":{"background-color":"var(--ast-global-color-5)","background-image":"","background-repeat":"repeat","background-position":"center center","background-size":"auto","background-attachment":"scroll","background-type":"","background-media":"","overlay-type":"","overlay-color":"","overlay-opacity":"","overlay-gradient":""},"tablet":{"background-color":"var(--ast-global-color-5)","background-image":"","background-repeat":"repeat","background-position":"center center","background-size":"auto","background-attachment":"scroll","background-type":"","background-media":"","overlay-type":"","overlay-color":"","overlay-opacity":"","overlay-gradient":""},"mobile":{"background-color":"var(--ast-global-color-5)","background-image":"","background-repeat":"repeat","background-position":"center center","background-size":"auto","background-attachment":"scroll","background-type":"","background-media":"","overlay-type":"","overlay-color":"","overlay-opacity":"","overlay-gradient":""}},"footnotes":""},"categories":[70,1,4],"tags":[],"class_list":["post-2320","post","type-post","status-publish","format-standard","has-post-thumbnail","hentry","category-3r","category-general","category-portada"],"post_mailing_queue_ids":[],"_links":{"self":[{"href":"https:\/\/agora.xtec.cat\/escolaverd\/wp-json\/wp\/v2\/posts\/2320","targetHints":{"allow":["GET"]}}],"collection":[{"href":"https:\/\/agora.xtec.cat\/escolaverd\/wp-json\/wp\/v2\/posts"}],"about":[{"href":"https:\/\/agora.xtec.cat\/escolaverd\/wp-json\/wp\/v2\/types\/post"}],"author":[{"embeddable":true,"href":"https:\/\/agora.xtec.cat\/escolaverd\/wp-json\/wp\/v2\/users\/22"}],"replies":[{"embeddable":true,"href":"https:\/\/agora.xtec.cat\/escolaverd\/wp-json\/wp\/v2\/comments?post=2320"}],"version-history":[{"count":0,"href":"https:\/\/agora.xtec.cat\/escolaverd\/wp-json\/wp\/v2\/posts\/2320\/revisions"}],"wp:featuredmedia":[{"embeddable":true,"href":"https:\/\/agora.xtec.cat\/escolaverd\/wp-json\/"}],"wp:attachment":[{"href":"https:\/\/agora.xtec.cat\/escolaverd\/wp-json\/wp\/v2\/media?parent=2320"}],"wp:term":[{"taxonomy":"category","embeddable":true,"href":"https:\/\/agora.xtec.cat\/escolaverd\/wp-json\/wp\/v2\/categories?post=2320"},{"taxonomy":"post_tag","embeddable":true,"href":"https:\/\/agora.xtec.cat\/escolaverd\/wp-json\/wp\/v2\/tags?post=2320"}],"curies":[{"name":"wp","href":"https:\/\/api.w.org\/{rel}","templated":true}]}}