{"id":2223,"date":"2013-12-18T11:37:02","date_gmt":"2013-12-18T10:37:02","guid":{"rendered":"http:\/\/www.escolaverd.cat\/?p=2223"},"modified":"2013-12-18T11:37:02","modified_gmt":"2013-12-18T10:37:02","slug":"hem-llegit-un-poble","status":"publish","type":"post","link":"https:\/\/agora.xtec.cat\/escolaverd\/general\/hem-llegit-un-poble\/","title":{"rendered":"Hem llegit&#8230; Un poble"},"content":{"rendered":"<p><a href=\"http:\/\/www.escolaverd.cat\/hem-llegit-un-poble\/51xnkt-cnul-_sy300_\/\" rel=\"attachment wp-att-2235\"><img loading=\"lazy\" decoding=\"async\" class=\"size-full wp-image-2235 alignleft\" alt=\"51xNKT-cnuL._SY300_\" src=\"http:\/\/www.escolaverd.cat\/wp-content\/uploads\/2013\/12\/51xNKT-cnuL._SY300_.jpg\" width=\"199\" height=\"300\" \/><\/a>Hi havia una vegada dues tribus, una del nord i una del sud que van arribar a una vall f\u00e8rtil travessada per un riu. Una tribu va decidir que s&#8217;instal\u00b7laria a dalt del tur\u00f3 i l&#8217;altra a baix.<\/p>\n<p>Els de la tribu de dalt havien de baixar cada dia al riu a buscar aigua. Quan es trobaven amb la tribu de baix aquests se&#8217;n reien perqu\u00e8 els de dalt havien de treballar molt i, en canvi, ells tenien aigua sense cap esfor\u00e7.<\/p>\n<p>Un dia va comen\u00e7ar a ploure molt i molt i la vall es va inundar. Als de la tribu de baix se&#8217;ls va inundar tot i van comen\u00e7ar a pujar pel tur\u00f3. Van preguntar al cap de la tribu si podien construir un poble al seu costat i ell els va dir que no. Ells van marxar tristos i avergonyits perqu\u00e8 s&#8217;havien portat malament amb ells, per\u00f2 els de la tribu de dalt els van anar a buscar i els van dir:<\/p>\n<p>&#8211; No volem que visqueu en un poble separat. Volem formar un sol poble, per\u00f2 amb una condici\u00f3: que ens respectem les nostres difer\u00e8ncies entre tots.<\/p>\n<p>I aquell poble va viure i es va desenvolupar en pau durant segles i segles.<\/p>\n<p>&nbsp;<\/p>\n<p>Aquest llibre ens ha ensenyat que dos pobles, siguin els que siguin, poden viure junts i que no ens hem de riure dels altres. Ha estat emocionant perqu\u00e8 al principi uns feien la guitza als altres i al final han fet les paus. Ens ha agradat perqu\u00e8 ens ha fet recordar el que passava a Sud-\u00c0frica. Ens ha fet pena la tribu de baix. Al principi ens va semblar injust, perqu\u00e8 el cap de la tribu els va dir que no els volia ajudar, per\u00f2 despr\u00e9s vam descobrir que era molt just, perqu\u00e8 els van ajudar molt.<\/p>\n","protected":false},"excerpt":{"rendered":"<p>Hi havia una vegada dues tribus, una del nord i una del sud que van arribar a una vall f\u00e8rtil travessada per un riu. Una tribu va decidir que s&#8217;instal\u00b7laria a dalt del tur\u00f3 i l&#8217;altra a baix. Els de la tribu de dalt havien de baixar cada dia al riu a buscar aigua. Quan [&hellip;]<\/p>\n","protected":false},"author":21,"featured_media":2235,"comment_status":"open","ping_status":"open","sticky":false,"template":"","format":"standard","meta":{"_bbp_topic_count":0,"_bbp_reply_count":0,"_bbp_total_topic_count":0,"_bbp_total_reply_count":0,"_bbp_voice_count":0,"_bbp_anonymous_reply_count":0,"_bbp_topic_count_hidden":0,"_bbp_reply_count_hidden":0,"_bbp_forum_subforum_count":0,"site-sidebar-layout":"default","site-content-layout":"","ast-site-content-layout":"","site-content-style":"default","site-sidebar-style":"default","ast-global-header-display":"","ast-banner-title-visibility":"","ast-main-header-display":"","ast-hfb-above-header-display":"","ast-hfb-below-header-display":"","ast-hfb-mobile-header-display":"","site-post-title":"","ast-breadcrumbs-content":"","ast-featured-img":"","footer-sml-layout":"","theme-transparent-header-meta":"","adv-header-id-meta":"","stick-header-meta":"","header-above-stick-meta":"","header-main-stick-meta":"","header-below-stick-meta":"","astra-migrate-meta-layouts":"default","ast-page-background-enabled":"default","ast-page-background-meta":{"desktop":{"background-color":"var(--ast-global-color-4)","background-image":"","background-repeat":"repeat","background-position":"center center","background-size":"auto","background-attachment":"scroll","background-type":"","background-media":"","overlay-type":"","overlay-color":"","overlay-opacity":"","overlay-gradient":""},"tablet":{"background-color":"","background-image":"","background-repeat":"repeat","background-position":"center center","background-size":"auto","background-attachment":"scroll","background-type":"","background-media":"","overlay-type":"","overlay-color":"","overlay-opacity":"","overlay-gradient":""},"mobile":{"background-color":"","background-image":"","background-repeat":"repeat","background-position":"center center","background-size":"auto","background-attachment":"scroll","background-type":"","background-media":"","overlay-type":"","overlay-color":"","overlay-opacity":"","overlay-gradient":""}},"ast-content-background-meta":{"desktop":{"background-color":"var(--ast-global-color-5)","background-image":"","background-repeat":"repeat","background-position":"center center","background-size":"auto","background-attachment":"scroll","background-type":"","background-media":"","overlay-type":"","overlay-color":"","overlay-opacity":"","overlay-gradient":""},"tablet":{"background-color":"var(--ast-global-color-5)","background-image":"","background-repeat":"repeat","background-position":"center center","background-size":"auto","background-attachment":"scroll","background-type":"","background-media":"","overlay-type":"","overlay-color":"","overlay-opacity":"","overlay-gradient":""},"mobile":{"background-color":"var(--ast-global-color-5)","background-image":"","background-repeat":"repeat","background-position":"center center","background-size":"auto","background-attachment":"scroll","background-type":"","background-media":"","overlay-type":"","overlay-color":"","overlay-opacity":"","overlay-gradient":""}},"footnotes":""},"categories":[79,1],"tags":[],"class_list":["post-2223","post","type-post","status-publish","format-standard","has-post-thumbnail","hentry","category-2n","category-general"],"post_mailing_queue_ids":[],"_links":{"self":[{"href":"https:\/\/agora.xtec.cat\/escolaverd\/wp-json\/wp\/v2\/posts\/2223","targetHints":{"allow":["GET"]}}],"collection":[{"href":"https:\/\/agora.xtec.cat\/escolaverd\/wp-json\/wp\/v2\/posts"}],"about":[{"href":"https:\/\/agora.xtec.cat\/escolaverd\/wp-json\/wp\/v2\/types\/post"}],"author":[{"embeddable":true,"href":"https:\/\/agora.xtec.cat\/escolaverd\/wp-json\/wp\/v2\/users\/21"}],"replies":[{"embeddable":true,"href":"https:\/\/agora.xtec.cat\/escolaverd\/wp-json\/wp\/v2\/comments?post=2223"}],"version-history":[{"count":0,"href":"https:\/\/agora.xtec.cat\/escolaverd\/wp-json\/wp\/v2\/posts\/2223\/revisions"}],"wp:featuredmedia":[{"embeddable":true,"href":"https:\/\/agora.xtec.cat\/escolaverd\/wp-json\/"}],"wp:attachment":[{"href":"https:\/\/agora.xtec.cat\/escolaverd\/wp-json\/wp\/v2\/media?parent=2223"}],"wp:term":[{"taxonomy":"category","embeddable":true,"href":"https:\/\/agora.xtec.cat\/escolaverd\/wp-json\/wp\/v2\/categories?post=2223"},{"taxonomy":"post_tag","embeddable":true,"href":"https:\/\/agora.xtec.cat\/escolaverd\/wp-json\/wp\/v2\/tags?post=2223"}],"curies":[{"name":"wp","href":"https:\/\/api.w.org\/{rel}","templated":true}]}}