{"id":21576,"date":"2020-11-15T20:45:17","date_gmt":"2020-11-15T19:45:17","guid":{"rendered":"https:\/\/www.escolaverd.cat\/?p=21576"},"modified":"2020-11-15T20:45:17","modified_gmt":"2020-11-15T19:45:17","slug":"el-somni-de-volar","status":"publish","type":"post","link":"https:\/\/agora.xtec.cat\/escolaverd\/general\/el-somni-de-volar\/","title":{"rendered":"El somni de volar"},"content":{"rendered":"<p>Els alumnes de 6\u00e8 hem treballat\u00a0<strong><em>El somni de volar<\/em><\/strong>, dins del projecte Eureka.<\/p>\n<p>Els humans sempre hem somniat volar! Hem fet un rep\u00e0s a la hist\u00f2ria de l&#8217;aviaci\u00f3: les ales, els estels, els globus aerost\u00e0tics, els dissenys de Leonardo da Vinci, els dirigibles, l&#8217;helic\u00f2pter, els avions a reacci\u00f3&#8230; Sense oblidar-nos dels pilots heroics que van provar tots els artefactes inventats per volar. Hem destacat a Charles Lindbergh i a Amelie Earhart.<\/p>\n<p>Hem apr\u00e8s que la for\u00e7a de l&#8217;aire en unes ales ben aerodin\u00e0miques o el gir d&#8217;unes aspes poden fer enlairar avions o helic\u00f2pters de gran pes.<\/p>\n<p>Per acabar el tema, tots vam construir avions de paper i els vam provar al pati de l&#8217;escola. Primer els vam llan\u00e7ar des d&#8217;una finestra per veure&#8217;ls planejar i despr\u00e9s, al pati de l&#8217;escola, vam fer un concurs per veure quins avions an\u00e0vem m\u00e9s lluny.<\/p>\n<p>Aquest projecte ens ha agradat molt!!!<\/p>\n<p>Podeu veure un v\u00eddeo de la nostra experi\u00e8ncia de fer volar avions. <a href=\"https:\/\/drive.google.com\/file\/d\/1UlVPbWcRpCNr9NYE4b5di1E_bL0ksRBp\/view?usp=sharing\">Enlla\u00e7 al v\u00eddeo<\/a><\/p>\n<p>Podeu veure un veure resum de la <a href=\"https:\/\/padlet.com\/maialtarriba\/laldzj69m94n0nls\">hist\u00f2ria de l&#8217;aviaci\u00f3<\/a><\/p>\n","protected":false},"excerpt":{"rendered":"<p>Els alumnes de 6\u00e8 hem treballat\u00a0El somni de volar, dins del projecte Eureka. Els humans sempre hem somniat volar! Hem fet un rep\u00e0s a la hist\u00f2ria de l&#8217;aviaci\u00f3: les ales, els estels, els globus aerost\u00e0tics, els dissenys de Leonardo da Vinci, els dirigibles, l&#8217;helic\u00f2pter, els avions a reacci\u00f3&#8230; Sense oblidar-nos dels pilots heroics que van [&hellip;]<\/p>\n","protected":false},"author":25,"featured_media":21578,"comment_status":"open","ping_status":"open","sticky":false,"template":"","format":"standard","meta":{"_bbp_topic_count":0,"_bbp_reply_count":0,"_bbp_total_topic_count":0,"_bbp_total_reply_count":0,"_bbp_voice_count":0,"_bbp_anonymous_reply_count":0,"_bbp_topic_count_hidden":0,"_bbp_reply_count_hidden":0,"_bbp_forum_subforum_count":0,"site-sidebar-layout":"default","site-content-layout":"","ast-site-content-layout":"","site-content-style":"default","site-sidebar-style":"default","ast-global-header-display":"","ast-banner-title-visibility":"","ast-main-header-display":"","ast-hfb-above-header-display":"","ast-hfb-below-header-display":"","ast-hfb-mobile-header-display":"","site-post-title":"","ast-breadcrumbs-content":"","ast-featured-img":"","footer-sml-layout":"","theme-transparent-header-meta":"","adv-header-id-meta":"","stick-header-meta":"","header-above-stick-meta":"","header-main-stick-meta":"","header-below-stick-meta":"","astra-migrate-meta-layouts":"default","ast-page-background-enabled":"default","ast-page-background-meta":{"desktop":{"background-color":"var(--ast-global-color-4)","background-image":"","background-repeat":"repeat","background-position":"center center","background-size":"auto","background-attachment":"scroll","background-type":"","background-media":"","overlay-type":"","overlay-color":"","overlay-opacity":"","overlay-gradient":""},"tablet":{"background-color":"","background-image":"","background-repeat":"repeat","background-position":"center center","background-size":"auto","background-attachment":"scroll","background-type":"","background-media":"","overlay-type":"","overlay-color":"","overlay-opacity":"","overlay-gradient":""},"mobile":{"background-color":"","background-image":"","background-repeat":"repeat","background-position":"center center","background-size":"auto","background-attachment":"scroll","background-type":"","background-media":"","overlay-type":"","overlay-color":"","overlay-opacity":"","overlay-gradient":""}},"ast-content-background-meta":{"desktop":{"background-color":"var(--ast-global-color-5)","background-image":"","background-repeat":"repeat","background-position":"center center","background-size":"auto","background-attachment":"scroll","background-type":"","background-media":"","overlay-type":"","overlay-color":"","overlay-opacity":"","overlay-gradient":""},"tablet":{"background-color":"var(--ast-global-color-5)","background-image":"","background-repeat":"repeat","background-position":"center center","background-size":"auto","background-attachment":"scroll","background-type":"","background-media":"","overlay-type":"","overlay-color":"","overlay-opacity":"","overlay-gradient":""},"mobile":{"background-color":"var(--ast-global-color-5)","background-image":"","background-repeat":"repeat","background-position":"center center","background-size":"auto","background-attachment":"scroll","background-type":"","background-media":"","overlay-type":"","overlay-color":"","overlay-opacity":"","overlay-gradient":""}},"footnotes":""},"categories":[15,1,4],"tags":[],"class_list":["post-21576","post","type-post","status-publish","format-standard","has-post-thumbnail","hentry","category-6e","category-general","category-portada"],"post_mailing_queue_ids":[],"_links":{"self":[{"href":"https:\/\/agora.xtec.cat\/escolaverd\/wp-json\/wp\/v2\/posts\/21576","targetHints":{"allow":["GET"]}}],"collection":[{"href":"https:\/\/agora.xtec.cat\/escolaverd\/wp-json\/wp\/v2\/posts"}],"about":[{"href":"https:\/\/agora.xtec.cat\/escolaverd\/wp-json\/wp\/v2\/types\/post"}],"author":[{"embeddable":true,"href":"https:\/\/agora.xtec.cat\/escolaverd\/wp-json\/wp\/v2\/users\/25"}],"replies":[{"embeddable":true,"href":"https:\/\/agora.xtec.cat\/escolaverd\/wp-json\/wp\/v2\/comments?post=21576"}],"version-history":[{"count":0,"href":"https:\/\/agora.xtec.cat\/escolaverd\/wp-json\/wp\/v2\/posts\/21576\/revisions"}],"wp:featuredmedia":[{"embeddable":true,"href":"https:\/\/agora.xtec.cat\/escolaverd\/wp-json\/"}],"wp:attachment":[{"href":"https:\/\/agora.xtec.cat\/escolaverd\/wp-json\/wp\/v2\/media?parent=21576"}],"wp:term":[{"taxonomy":"category","embeddable":true,"href":"https:\/\/agora.xtec.cat\/escolaverd\/wp-json\/wp\/v2\/categories?post=21576"},{"taxonomy":"post_tag","embeddable":true,"href":"https:\/\/agora.xtec.cat\/escolaverd\/wp-json\/wp\/v2\/tags?post=21576"}],"curies":[{"name":"wp","href":"https:\/\/api.w.org\/{rel}","templated":true}]}}