{"id":20749,"date":"2020-04-22T12:07:48","date_gmt":"2020-04-22T10:07:48","guid":{"rendered":"http:\/\/www.escolaverd.cat\/?p=20749"},"modified":"2020-04-22T12:07:48","modified_gmt":"2020-04-22T10:07:48","slug":"recomanacions-de-llibres-per-a-les-families-4","status":"publish","type":"post","link":"https:\/\/agora.xtec.cat\/escolaverd\/general\/recomanacions-de-llibres-per-a-les-families-4\/","title":{"rendered":"Recomanacions de llibres per a les fam\u00edlies"},"content":{"rendered":"<p>En aquesta Diada de Sant Jordi feta de roses de paper, llibres que ens esperaran a les llibreries i abra\u00e7ades virtuals, no podia faltar les recomanacions que fem a les fam\u00edlies de l&#8217;escola per con\u00e8ixer les novetats interessants per a regalar als nens i nenes.\u00a0<\/p>\n<p>Us volem compartir una recomanaci\u00f3 feta per la llibretera Oblit Baseiria, esperem que us agradi. Si la voleu escoltar cliqueu sobre el drac lector.<\/p>\n<p style=\"text-align: center;\"><span style=\"color: #ff0000;\"><strong><em>&#8220;Els bons llibres no passen mai de moda&#8221;<\/em><\/strong><\/span><\/p>\n<p style=\"text-align: center;\"><strong><span style=\"color: #008000;\"><em>&#8220;Un bon llibre per a infants \u00e9s tamb\u00e9 un bon llibre per a adults.&#8221;<\/em><\/span><\/strong><\/p>\n<p>&nbsp;<\/p>\n<p style=\"text-align: center;\"><a href=\"https:\/\/www.instagram.com\/tv\/B_MvN6OjeB3\/?igshid=1qrkxuzp4wj5c\"><img loading=\"lazy\" decoding=\"async\" class=\"aligncenter size-medium wp-image-20750\" src=\"http:\/\/www.escolaverd.cat\/wp-content\/uploads\/2020\/04\/drac-251x350.jpg\" alt=\"\" width=\"251\" height=\"350\" \/><\/a><\/p>\n<h6 style=\"text-align: center;\">Il\u00b7lustraci\u00f3: M\u00f3nica Carretero<\/h6>\n<p>&nbsp;<\/p>\n<p>&nbsp;<\/p>\n","protected":false},"excerpt":{"rendered":"<p>En aquesta Diada de Sant Jordi feta de roses de paper, llibres que ens esperaran a les llibreries i abra\u00e7ades virtuals, no podia faltar les recomanacions que fem a les fam\u00edlies de l&#8217;escola per con\u00e8ixer les novetats interessants per a regalar als nens i nenes.\u00a0 Us volem compartir una recomanaci\u00f3 feta per la llibretera Oblit [&hellip;]<\/p>\n","protected":false},"author":16,"featured_media":20750,"comment_status":"open","ping_status":"open","sticky":false,"template":"","format":"standard","meta":{"_bbp_topic_count":0,"_bbp_reply_count":0,"_bbp_total_topic_count":0,"_bbp_total_reply_count":0,"_bbp_voice_count":0,"_bbp_anonymous_reply_count":0,"_bbp_topic_count_hidden":0,"_bbp_reply_count_hidden":0,"_bbp_forum_subforum_count":0,"site-sidebar-layout":"default","site-content-layout":"","ast-site-content-layout":"","site-content-style":"default","site-sidebar-style":"default","ast-global-header-display":"","ast-banner-title-visibility":"","ast-main-header-display":"","ast-hfb-above-header-display":"","ast-hfb-below-header-display":"","ast-hfb-mobile-header-display":"","site-post-title":"","ast-breadcrumbs-content":"","ast-featured-img":"","footer-sml-layout":"","theme-transparent-header-meta":"","adv-header-id-meta":"","stick-header-meta":"","header-above-stick-meta":"","header-main-stick-meta":"","header-below-stick-meta":"","astra-migrate-meta-layouts":"default","ast-page-background-enabled":"default","ast-page-background-meta":{"desktop":{"background-color":"var(--ast-global-color-4)","background-image":"","background-repeat":"repeat","background-position":"center center","background-size":"auto","background-attachment":"scroll","background-type":"","background-media":"","overlay-type":"","overlay-color":"","overlay-opacity":"","overlay-gradient":""},"tablet":{"background-color":"","background-image":"","background-repeat":"repeat","background-position":"center center","background-size":"auto","background-attachment":"scroll","background-type":"","background-media":"","overlay-type":"","overlay-color":"","overlay-opacity":"","overlay-gradient":""},"mobile":{"background-color":"","background-image":"","background-repeat":"repeat","background-position":"center center","background-size":"auto","background-attachment":"scroll","background-type":"","background-media":"","overlay-type":"","overlay-color":"","overlay-opacity":"","overlay-gradient":""}},"ast-content-background-meta":{"desktop":{"background-color":"var(--ast-global-color-5)","background-image":"","background-repeat":"repeat","background-position":"center center","background-size":"auto","background-attachment":"scroll","background-type":"","background-media":"","overlay-type":"","overlay-color":"","overlay-opacity":"","overlay-gradient":""},"tablet":{"background-color":"var(--ast-global-color-5)","background-image":"","background-repeat":"repeat","background-position":"center center","background-size":"auto","background-attachment":"scroll","background-type":"","background-media":"","overlay-type":"","overlay-color":"","overlay-opacity":"","overlay-gradient":""},"mobile":{"background-color":"var(--ast-global-color-5)","background-image":"","background-repeat":"repeat","background-position":"center center","background-size":"auto","background-attachment":"scroll","background-type":"","background-media":"","overlay-type":"","overlay-color":"","overlay-opacity":"","overlay-gradient":""}},"footnotes":""},"categories":[136,1],"tags":[92,127],"class_list":["post-20749","post","type-post","status-publish","format-standard","has-post-thumbnail","hentry","category-biblioteca-verd","category-general","tag-lectura","tag-sant-jordi"],"post_mailing_queue_ids":[],"_links":{"self":[{"href":"https:\/\/agora.xtec.cat\/escolaverd\/wp-json\/wp\/v2\/posts\/20749","targetHints":{"allow":["GET"]}}],"collection":[{"href":"https:\/\/agora.xtec.cat\/escolaverd\/wp-json\/wp\/v2\/posts"}],"about":[{"href":"https:\/\/agora.xtec.cat\/escolaverd\/wp-json\/wp\/v2\/types\/post"}],"author":[{"embeddable":true,"href":"https:\/\/agora.xtec.cat\/escolaverd\/wp-json\/wp\/v2\/users\/16"}],"replies":[{"embeddable":true,"href":"https:\/\/agora.xtec.cat\/escolaverd\/wp-json\/wp\/v2\/comments?post=20749"}],"version-history":[{"count":0,"href":"https:\/\/agora.xtec.cat\/escolaverd\/wp-json\/wp\/v2\/posts\/20749\/revisions"}],"wp:featuredmedia":[{"embeddable":true,"href":"https:\/\/agora.xtec.cat\/escolaverd\/wp-json\/"}],"wp:attachment":[{"href":"https:\/\/agora.xtec.cat\/escolaverd\/wp-json\/wp\/v2\/media?parent=20749"}],"wp:term":[{"taxonomy":"category","embeddable":true,"href":"https:\/\/agora.xtec.cat\/escolaverd\/wp-json\/wp\/v2\/categories?post=20749"},{"taxonomy":"post_tag","embeddable":true,"href":"https:\/\/agora.xtec.cat\/escolaverd\/wp-json\/wp\/v2\/tags?post=20749"}],"curies":[{"name":"wp","href":"https:\/\/api.w.org\/{rel}","templated":true}]}}