{"id":2055,"date":"2013-12-05T18:29:32","date_gmt":"2013-12-05T17:29:32","guid":{"rendered":"http:\/\/www.escolaverd.cat\/?p=2055"},"modified":"2013-12-05T18:29:32","modified_gmt":"2013-12-05T17:29:32","slug":"joana-raspall-moltes-gracies","status":"publish","type":"post","link":"https:\/\/agora.xtec.cat\/escolaverd\/general\/joana-raspall-moltes-gracies\/","title":{"rendered":"Joana Raspall, et recordarem sempre. Moltes gr\u00e0cies!"},"content":{"rendered":"<p><a href=\"http:\/\/www.escolaverd.cat\/wp-content\/uploads\/2013\/12\/Joana-Raspall.jpg\"><img loading=\"lazy\" decoding=\"async\" class=\"aligncenter size-full wp-image-2059\" alt=\"Joana Raspall\" src=\"http:\/\/www.escolaverd.cat\/wp-content\/uploads\/2013\/12\/Joana-Raspall.jpg\" width=\"83\" height=\"99\" \/><\/a><\/p>\n<p>Hem llegit poemes de la Joana Raspall perqu\u00e8 va morir el dia 4 de desembre, a Sant Feliu de Llobregat, el seu poble natal. Joana Raspall:\u00a0escriptora de teatre, poeta, lexic\u00f2grafa (va escriure tres diciconaris), bibliotec\u00e0ria, activista cultural i bona persona. En els seus escrits sempre hi ha hagut una voluntat d&#8217;educar i millorar la qualitat de la llengua catalana.<\/p>\n<p>El 2013 ha estat un any ple de celebracions (m\u00e9s de 200 actes) amb motiu del centenari del seu naixement. S\u00ed, el dia 1 de juliol va complir 100 anys. I tota Catalunya ha recordat els seus poemes i ha organitzat un munt d&#8217;actes per commemorar la seva obra i donant mostres d&#8217;afecte a aquesta poetessa tan estimada.<\/p>\n<p style=\"text-align: center;\"><em>Vull deixar amor i somnis i paraules<\/em><br \/>\n<em>que durin m\u00e9s que jo, al cor dels altres.<\/em><\/p>\n<p>Encara, divendres passat, va assistir somrient i conversant amb tothom i amb els nens a l&#8217;Acte de cloenda de l&#8217;Any Raspall, a la Sala Ib\u00e8ria de Sant Feliu de Llobregat.<\/p>\n<p>Molts dels seus poemes van adre\u00e7ats als nens. S\u00f3n poemes vitals, senzills, enginyosos, plens de ritme i musicalitat, divertits i a l&#8217;abast de tothom. Aprofitava qualsevol objecte o moment (una pilota, un llibre, el bany d&#8217;una joguina&#8230;) per escriure un poema que havia de divertir als nens per apropar-los al m\u00f3n de la poesia.<\/p>\n<p style=\"text-align: center;\"><em>Estimo les lletres<\/em><br \/>\n<em>que formen els mots,<\/em><br \/>\n<em>els llavis que els diuen,<\/em><br \/>\n<em>i el cor que els ent\u00e9n\u2026<\/em><br \/>\n<em>perqu\u00e8 als mots hi ha l\u2019\u00e0nima<\/em><br \/>\n<em>de tota la gent!<\/em><\/p>\n<p>Com a <em>guardiana de les paraules,\u00a0<\/em>tamb\u00e9 ha escrit per a adults parlant profundament sobre la vida, el pas del temps, els records, la solitud&#8230;<\/p>\n<p style=\"text-align: center;\"><cite>Marxar\u00e9 sola;<\/cite><br \/>\n<cite>deixeu-me que ara sigui<\/cite><br \/>\n<cite>tant amb vosaltres.<\/cite><br \/>\n<cite>Tindr\u00e9 temps d&#8217;enyorar-vos;<\/cite><br \/>\n<cite>l&#8217;eternitat \u00e9s llarga.<\/cite><\/p>\n<p>\u00a0El curs passat, els alumnes de 6\u00e8 de prim\u00e0ria de l&#8217;Escola Verd van llegir i explicar un recull dels seus poemes als nens d&#8217;Educaci\u00f3 Infantil i de 1r de Prim\u00e0ria. Compartim alguns dels seus poemes per a infants.<\/p>\n<p><strong><span style=\"color: #99cc00;\">BON DIA, POESIA!<\/span><\/strong><\/p>\n<p>BON DIA, CEL!<\/p>\n<p>BON DIA, TERRA!<\/p>\n<p>BON DIA, MAR!<\/p>\n<p>BON DIA, SOL!<\/p>\n<p>BON DIA, VENT!<\/p>\n<p>BON DIA, VELA!<\/p>\n<p>BON DIA, OCELL!<\/p>\n<p>BON DIA, FLOR!<\/p>\n<p>BON DIA, TU!<\/p>\n<p>BON DIA, JO!<\/p>\n<p>BON DIA, DIA!<\/p>\n<p>&nbsp;<\/p>\n<p><strong><span style=\"color: #ff6600;\">EL BANY<\/span><\/strong><br \/>\n<span style=\"color: #ff6600;\"> <span style=\"color: #000000;\"><span style=\"color: #808080;\"><span style=\"color: #333333;\">LA NINA DE DRAP<\/span><\/span><\/span><\/span><\/p>\n<p>QUE M\u00c9S M\u2019ESTIMAVA<\/p>\n<p>S\u2019HA DESCOLORIT<\/p>\n<p>PERQU\u00c8 L\u2019HE BANYADA.<\/p>\n<p>QUAN LA MARE EM RENTA,<\/p>\n<p>JO TAMB\u00c9 TINC POR<\/p>\n<p>QUE EM DESCOLOREIXIN<\/p>\n<p>L\u2019AIGUA I EL SAB\u00d3.<\/p>\n<p>CADA DIA HO MIRO&#8230;,<\/p>\n<p>PER\u00d2 VEIG QUE NO.<\/p>\n<p>&nbsp;<\/p>\n<p><strong><span style=\"color: #99cc00;\">GEOMETRIA<\/span><\/strong><\/p>\n<p>SOTA UNA RODA RODONA<\/p>\n<p>POSEU-HI UN QUADRET QUADRAT<\/p>\n<p>I AL DAMUNT, PER ACABAR-HO,<\/p>\n<p>UN TRIANGLE TRIANGULAR.<\/p>\n<p>QUATRE L\u00cdNIES RECTIL\u00cdNIES<\/p>\n<p>PODRAN FER DE PEUS I MANS.<\/p>\n<p>SI MARQUEU NAS, ULLS I BOCA<\/p>\n<p>AMB L\u2019ARCADA DE QUATRE ARCS,<\/p>\n<p>VEUREU QUIN NINOT RESULTA<\/p>\n<p>M\u00c9S EIXERIT I TREMPAT.<\/p>\n<p>&nbsp;<\/p>\n<p><strong><span style=\"color: #ff6600;\">LA PILOTA<\/span><\/strong><\/p>\n<p>S\u00d3C LA PILOTA<\/p>\n<p>I ESTIC CANSADA<\/p>\n<p>DE SER XUTADA<\/p>\n<p>A TORT I A DRET;<\/p>\n<p>I ENCARA GR\u00c0CIES,<\/p>\n<p>SI NO SE\u2019M XUTA<\/p>\n<p>AMB VAMBA BRUTA,<\/p>\n<p>I EL CAMP \u00c9S NET!<\/p>\n<p>L\u2019\u00daNIC QUE EM TOCA<\/p>\n<p>I AMB SIMPATIA<\/p>\n<p>M\u2019ACAR\u00cdCIA<\/p>\n<p>\u00c9S EL PORTER.<\/p>\n<p>PER MENYS D\u2019UN RAL<\/p>\n<p>EM DESINFLARIA!<\/p>\n<p>PER ELL EVITO<\/p>\n<p>FER UN MAL PAPER.<\/p>\n<p>&nbsp;<\/p>\n<p><strong><span style=\"color: #99cc00;\">EL LLIBRE MERAVELL\u00d3S<\/span><\/strong><\/p>\n<p>TINC UN LLIBRE FET<\/p>\n<p>AMB P\u00c8TALS DE ROSA,<\/p>\n<p>ESQUITXOS DE MAR<\/p>\n<p>I OLOR DE MADUIXA.<\/p>\n<p>PER FER LLETRES D\u2019OR,<\/p>\n<p>UNA PAPALLONA<\/p>\n<p>S\u2019HI ESPOLSA LES ALES,<\/p>\n<p>I EL SOL LES DIBUIXA.<\/p>\n<p>ELS DITS BLAUS DEL CEL<\/p>\n<p>HI ESCRIUEN LES FAULES<\/p>\n<p>QUE CAP ULL HUM\u00c0<\/p>\n<p>SABRIA LLEGIR.<\/p>\n<p>EL VENT ME LES CONTA;<\/p>\n<p>LES S\u00c9 DE MEM\u00d2RIA!<\/p>\n<p>ME LES CONTA EL VENT&#8230;<\/p>\n<p>O SURTEN DE MI?&#8230;<\/p>\n","protected":false},"excerpt":{"rendered":"<p>Hem llegit poemes de la Joana Raspall perqu\u00e8 va morir el dia 4 de desembre, a Sant Feliu de Llobregat, el seu poble natal. Joana Raspall:\u00a0escriptora de teatre, poeta, lexic\u00f2grafa (va escriure tres diciconaris), bibliotec\u00e0ria, activista cultural i bona persona. En els seus escrits sempre hi ha hagut una voluntat d&#8217;educar i millorar la qualitat [&hellip;]<\/p>\n","protected":false},"author":16,"featured_media":2063,"comment_status":"open","ping_status":"open","sticky":false,"template":"","format":"standard","meta":{"_bbp_topic_count":0,"_bbp_reply_count":0,"_bbp_total_topic_count":0,"_bbp_total_reply_count":0,"_bbp_voice_count":0,"_bbp_anonymous_reply_count":0,"_bbp_topic_count_hidden":0,"_bbp_reply_count_hidden":0,"_bbp_forum_subforum_count":0,"site-sidebar-layout":"default","site-content-layout":"","ast-site-content-layout":"","site-content-style":"default","site-sidebar-style":"default","ast-global-header-display":"","ast-banner-title-visibility":"","ast-main-header-display":"","ast-hfb-above-header-display":"","ast-hfb-below-header-display":"","ast-hfb-mobile-header-display":"","site-post-title":"","ast-breadcrumbs-content":"","ast-featured-img":"","footer-sml-layout":"","theme-transparent-header-meta":"","adv-header-id-meta":"","stick-header-meta":"","header-above-stick-meta":"","header-main-stick-meta":"","header-below-stick-meta":"","astra-migrate-meta-layouts":"default","ast-page-background-enabled":"default","ast-page-background-meta":{"desktop":{"background-color":"var(--ast-global-color-4)","background-image":"","background-repeat":"repeat","background-position":"center center","background-size":"auto","background-attachment":"scroll","background-type":"","background-media":"","overlay-type":"","overlay-color":"","overlay-opacity":"","overlay-gradient":""},"tablet":{"background-color":"","background-image":"","background-repeat":"repeat","background-position":"center center","background-size":"auto","background-attachment":"scroll","background-type":"","background-media":"","overlay-type":"","overlay-color":"","overlay-opacity":"","overlay-gradient":""},"mobile":{"background-color":"","background-image":"","background-repeat":"repeat","background-position":"center center","background-size":"auto","background-attachment":"scroll","background-type":"","background-media":"","overlay-type":"","overlay-color":"","overlay-opacity":"","overlay-gradient":""}},"ast-content-background-meta":{"desktop":{"background-color":"var(--ast-global-color-5)","background-image":"","background-repeat":"repeat","background-position":"center center","background-size":"auto","background-attachment":"scroll","background-type":"","background-media":"","overlay-type":"","overlay-color":"","overlay-opacity":"","overlay-gradient":""},"tablet":{"background-color":"var(--ast-global-color-5)","background-image":"","background-repeat":"repeat","background-position":"center center","background-size":"auto","background-attachment":"scroll","background-type":"","background-media":"","overlay-type":"","overlay-color":"","overlay-opacity":"","overlay-gradient":""},"mobile":{"background-color":"var(--ast-global-color-5)","background-image":"","background-repeat":"repeat","background-position":"center center","background-size":"auto","background-attachment":"scroll","background-type":"","background-media":"","overlay-type":"","overlay-color":"","overlay-opacity":"","overlay-gradient":""}},"footnotes":""},"categories":[1,4],"tags":[],"class_list":["post-2055","post","type-post","status-publish","format-standard","has-post-thumbnail","hentry","category-general","category-portada"],"post_mailing_queue_ids":[],"_links":{"self":[{"href":"https:\/\/agora.xtec.cat\/escolaverd\/wp-json\/wp\/v2\/posts\/2055","targetHints":{"allow":["GET"]}}],"collection":[{"href":"https:\/\/agora.xtec.cat\/escolaverd\/wp-json\/wp\/v2\/posts"}],"about":[{"href":"https:\/\/agora.xtec.cat\/escolaverd\/wp-json\/wp\/v2\/types\/post"}],"author":[{"embeddable":true,"href":"https:\/\/agora.xtec.cat\/escolaverd\/wp-json\/wp\/v2\/users\/16"}],"replies":[{"embeddable":true,"href":"https:\/\/agora.xtec.cat\/escolaverd\/wp-json\/wp\/v2\/comments?post=2055"}],"version-history":[{"count":0,"href":"https:\/\/agora.xtec.cat\/escolaverd\/wp-json\/wp\/v2\/posts\/2055\/revisions"}],"wp:featuredmedia":[{"embeddable":true,"href":"https:\/\/agora.xtec.cat\/escolaverd\/wp-json\/"}],"wp:attachment":[{"href":"https:\/\/agora.xtec.cat\/escolaverd\/wp-json\/wp\/v2\/media?parent=2055"}],"wp:term":[{"taxonomy":"category","embeddable":true,"href":"https:\/\/agora.xtec.cat\/escolaverd\/wp-json\/wp\/v2\/categories?post=2055"},{"taxonomy":"post_tag","embeddable":true,"href":"https:\/\/agora.xtec.cat\/escolaverd\/wp-json\/wp\/v2\/tags?post=2055"}],"curies":[{"name":"wp","href":"https:\/\/api.w.org\/{rel}","templated":true}]}}