{"id":1872,"date":"2013-11-21T19:45:48","date_gmt":"2013-11-21T18:45:48","guid":{"rendered":"http:\/\/www.escolaverd.cat\/?p=1872"},"modified":"2013-11-21T19:45:48","modified_gmt":"2013-11-21T18:45:48","slug":"en-biel-al-laberint","status":"publish","type":"post","link":"https:\/\/agora.xtec.cat\/escolaverd\/general\/en-biel-al-laberint\/","title":{"rendered":"En Biel al laberint"},"content":{"rendered":"<p><a href=\"http:\/\/www.escolaverd.cat\/en-biel-al-laberint\/biel-llibre\/\" rel=\"attachment wp-att-1877\"><img loading=\"lazy\" decoding=\"async\" class=\"size-medium wp-image-1877 alignleft\" alt=\"biel llibre\" src=\"http:\/\/www.escolaverd.cat\/wp-content\/uploads\/2013\/11\/biel-llibre-218x350.jpg\" width=\"167\" height=\"269\" \/><\/a>Ja hem acabat\u00a0 un altre llibre! En Biel al laberint. Els protagonistes de la hist\u00f2ria s\u00f3n:<\/p>\n<p>* En Biel, un nen que viu a Cardedeu i que t\u00e9 problemes de mobilitat.<br \/>\n* L&#8217;Antoine, un pilot d&#8217;avions de combat (l&#8217;autor del Petit Pr\u00edncep)<\/p>\n<p>* L&#8217;\u00cdcar i el seu pare D\u00e8dal<\/p>\n<p>* L&#8217;Ariadna i el Teseu, una parella d&#8217;enamorats. En Teseu \u00e9s m\u00e9s aviat poruc per\u00f2 l&#8217;Ariadna \u00e9s molt llesta.<\/p>\n<p>* El D\u00e9u Posid\u00f3<\/p>\n<p>* Minos, el rei de Creta, i el seu fill convertit en Minotaure.<\/p>\n<p>En Biel ha perdut el seu gormiti favorit i va amb el seu tricicle a un bosc a prop de casa seva a buscar-lo. All\u00e0 coneix l&#8217;Antoine, que ha aterrat amb el seu avi\u00f3 que t\u00e9 una avaria i l&#8217;ajuda a arreglar-lo. L&#8217;Antoine el convida a donar una volta amb l&#8217;avi\u00f3. Quan estan volant xoquen amb una cosa que sembla un home per\u00f2 t\u00e9 plomes.<br \/>\n\u00c9s l&#8217;\u00cdcar, que ha fugit de l&#8217;illa de Creta, tot volant amb unes ales que li ha fabricat el seu pare amb cera i plomes. Pe\u00f2 com que s&#8217;ha acostat massa al sol la cera s&#8217;ha desfet i les plomes han comen\u00e7at a deixar-se anar i han comen\u00e7at a caure. L&#8217;Antoine i en Biel decideixen acompanyar-lo a casa seva amb el seu pare D\u00e8dal.<\/p>\n<p>De cam\u00ed l&#8217;\u00cdcar els explica que el rei de Creta, Minos, es va oblidar de fer el sacrifici d&#8217;un toro tal com havia prom\u00e8s al d\u00e9u Posid\u00f3 i aquest el va castigar fent que la seva dona don\u00e9s a llum un minotaure (persona amb cap de toro).<\/p>\n<p>A Creta tamb\u00e9 coneixen a l&#8217;Ariadna i en Teseu que s\u00f3n una parella ben curiosa. I ja no us expliquem m\u00e9s. Si voleu saber qu\u00e8 passa a Creta haureu de llegir el llibre o preguntar-ho a algun nen o alguna nena de 2n.<\/p>\n<p>Ens ha agradat molt el llibre i a mesura que la Marisa ens el llegia ten\u00edem cada vegada m\u00e9s ganes de saber qu\u00e8 passaria. Quan l&#8217;hem acabat hem descobert que en Biel existia de deb\u00f2 i que els diners que es guanyarien<a href=\"http:\/\/www.tv3.cat\/videos\/4547671\" target=\"_blank\" rel=\"attachment wp-att-1876 noopener\"><img loading=\"lazy\" decoding=\"async\" class=\"size-medium wp-image-1876 alignleft\" alt=\"biel\" src=\"http:\/\/www.escolaverd.cat\/wp-content\/uploads\/2013\/11\/biel-350x255.jpg\" width=\"350\" height=\"255\" \/><\/a> amb el llibre servirien per ajudar a pagar una operaci\u00f3 per a les seves cames.<\/p>\n<p>Ens agrada molt que el diners que es recullin amb el llibre\u00a0 serveixin per ajudar a en Biel i trobem que est\u00e0 molt b\u00e9 escriure un llibre per ajudar a alg\u00fa. A m\u00e9s el llibre ens ha agradat molt.<\/p>\n<p>Que guai seria pujar a coll del minotaure com fa en Biel al llibre!<\/p>\n<p>Mireu qu\u00e8 hem trobat : un reportatge d&#8217;en Biel a l&#8217;INFO K!<\/p>\n<p>&nbsp;<\/p>\n<p>&nbsp;<\/p>\n","protected":false},"excerpt":{"rendered":"<p>Ja hem acabat\u00a0 un altre llibre! En Biel al laberint. Els protagonistes de la hist\u00f2ria s\u00f3n: * En Biel, un nen que viu a Cardedeu i que t\u00e9 problemes de mobilitat. * L&#8217;Antoine, un pilot d&#8217;avions de combat (l&#8217;autor del Petit Pr\u00edncep) * L&#8217;\u00cdcar i el seu pare D\u00e8dal * L&#8217;Ariadna i el Teseu, una [&hellip;]<\/p>\n","protected":false},"author":21,"featured_media":1877,"comment_status":"open","ping_status":"open","sticky":false,"template":"","format":"standard","meta":{"_bbp_topic_count":0,"_bbp_reply_count":0,"_bbp_total_topic_count":0,"_bbp_total_reply_count":0,"_bbp_voice_count":0,"_bbp_anonymous_reply_count":0,"_bbp_topic_count_hidden":0,"_bbp_reply_count_hidden":0,"_bbp_forum_subforum_count":0,"site-sidebar-layout":"default","site-content-layout":"","ast-site-content-layout":"","site-content-style":"default","site-sidebar-style":"default","ast-global-header-display":"","ast-banner-title-visibility":"","ast-main-header-display":"","ast-hfb-above-header-display":"","ast-hfb-below-header-display":"","ast-hfb-mobile-header-display":"","site-post-title":"","ast-breadcrumbs-content":"","ast-featured-img":"","footer-sml-layout":"","theme-transparent-header-meta":"","adv-header-id-meta":"","stick-header-meta":"","header-above-stick-meta":"","header-main-stick-meta":"","header-below-stick-meta":"","astra-migrate-meta-layouts":"default","ast-page-background-enabled":"default","ast-page-background-meta":{"desktop":{"background-color":"var(--ast-global-color-4)","background-image":"","background-repeat":"repeat","background-position":"center center","background-size":"auto","background-attachment":"scroll","background-type":"","background-media":"","overlay-type":"","overlay-color":"","overlay-opacity":"","overlay-gradient":""},"tablet":{"background-color":"","background-image":"","background-repeat":"repeat","background-position":"center center","background-size":"auto","background-attachment":"scroll","background-type":"","background-media":"","overlay-type":"","overlay-color":"","overlay-opacity":"","overlay-gradient":""},"mobile":{"background-color":"","background-image":"","background-repeat":"repeat","background-position":"center center","background-size":"auto","background-attachment":"scroll","background-type":"","background-media":"","overlay-type":"","overlay-color":"","overlay-opacity":"","overlay-gradient":""}},"ast-content-background-meta":{"desktop":{"background-color":"var(--ast-global-color-5)","background-image":"","background-repeat":"repeat","background-position":"center center","background-size":"auto","background-attachment":"scroll","background-type":"","background-media":"","overlay-type":"","overlay-color":"","overlay-opacity":"","overlay-gradient":""},"tablet":{"background-color":"var(--ast-global-color-5)","background-image":"","background-repeat":"repeat","background-position":"center center","background-size":"auto","background-attachment":"scroll","background-type":"","background-media":"","overlay-type":"","overlay-color":"","overlay-opacity":"","overlay-gradient":""},"mobile":{"background-color":"var(--ast-global-color-5)","background-image":"","background-repeat":"repeat","background-position":"center center","background-size":"auto","background-attachment":"scroll","background-type":"","background-media":"","overlay-type":"","overlay-color":"","overlay-opacity":"","overlay-gradient":""}},"footnotes":""},"categories":[79,1,4],"tags":[],"class_list":["post-1872","post","type-post","status-publish","format-standard","has-post-thumbnail","hentry","category-2n","category-general","category-portada"],"post_mailing_queue_ids":[],"_links":{"self":[{"href":"https:\/\/agora.xtec.cat\/escolaverd\/wp-json\/wp\/v2\/posts\/1872","targetHints":{"allow":["GET"]}}],"collection":[{"href":"https:\/\/agora.xtec.cat\/escolaverd\/wp-json\/wp\/v2\/posts"}],"about":[{"href":"https:\/\/agora.xtec.cat\/escolaverd\/wp-json\/wp\/v2\/types\/post"}],"author":[{"embeddable":true,"href":"https:\/\/agora.xtec.cat\/escolaverd\/wp-json\/wp\/v2\/users\/21"}],"replies":[{"embeddable":true,"href":"https:\/\/agora.xtec.cat\/escolaverd\/wp-json\/wp\/v2\/comments?post=1872"}],"version-history":[{"count":0,"href":"https:\/\/agora.xtec.cat\/escolaverd\/wp-json\/wp\/v2\/posts\/1872\/revisions"}],"wp:featuredmedia":[{"embeddable":true,"href":"https:\/\/agora.xtec.cat\/escolaverd\/wp-json\/"}],"wp:attachment":[{"href":"https:\/\/agora.xtec.cat\/escolaverd\/wp-json\/wp\/v2\/media?parent=1872"}],"wp:term":[{"taxonomy":"category","embeddable":true,"href":"https:\/\/agora.xtec.cat\/escolaverd\/wp-json\/wp\/v2\/categories?post=1872"},{"taxonomy":"post_tag","embeddable":true,"href":"https:\/\/agora.xtec.cat\/escolaverd\/wp-json\/wp\/v2\/tags?post=1872"}],"curies":[{"name":"wp","href":"https:\/\/api.w.org\/{rel}","templated":true}]}}