{"id":18474,"date":"2019-01-19T19:12:14","date_gmt":"2019-01-19T18:12:14","guid":{"rendered":"http:\/\/www.escolaverd.cat\/?p=18474"},"modified":"2019-01-19T19:12:14","modified_gmt":"2019-01-19T18:12:14","slug":"la-faula-2","status":"publish","type":"post","link":"https:\/\/agora.xtec.cat\/escolaverd\/general\/la-faula-2\/","title":{"rendered":"LA FAULA"},"content":{"rendered":"<p><img loading=\"lazy\" decoding=\"async\" class=\"alignnone size-medium wp-image-18510\" src=\"http:\/\/www.escolaverd.cat\/wp-content\/uploads\/2019\/01\/fons-faula-1-350x200.png\" alt=\"\" width=\"350\" height=\"200\" \/><\/p>\n<div style=\"width: 1920px;\" class=\"wp-video\"><!--[if lt IE 9]><script>document.createElement('video');<\/script><![endif]-->\n<video class=\"wp-video-shortcode\" id=\"video-18474-1\" width=\"1920\" height=\"1080\" preload=\"metadata\" controls=\"controls\"><source type=\"video\/mp4\" src=\"http:\/\/www.escolaverd.cat\/wp-content\/uploads\/2019\/01\/VID_20181219_161230.mp4?_=1\" \/><a href=\"http:\/\/www.escolaverd.cat\/wp-content\/uploads\/2019\/01\/VID_20181219_161230.mp4\">http:\/\/www.escolaverd.cat\/wp-content\/uploads\/2019\/01\/VID_20181219_161230.mp4<\/a><\/video><\/div>\n<div style=\"width: 1920px;\" class=\"wp-video\"><video class=\"wp-video-shortcode\" id=\"video-18474-2\" width=\"1920\" height=\"1080\" preload=\"metadata\" controls=\"controls\"><source type=\"video\/mp4\" src=\"http:\/\/www.escolaverd.cat\/wp-content\/uploads\/2019\/01\/VID_20181219_152616.mp4?_=2\" \/><a href=\"http:\/\/www.escolaverd.cat\/wp-content\/uploads\/2019\/01\/VID_20181219_152616.mp4\">http:\/\/www.escolaverd.cat\/wp-content\/uploads\/2019\/01\/VID_20181219_152616.mp4<\/a><\/video><\/div>\n<p>Els alumnes de cinqu\u00e8 hem treballat La Faula. Ens ha agradat molt llegir hist\u00f2ries, aprendre les caracter\u00edstiques dels animals, la personificaci\u00f3 dels personatges, i el missatge que transmet la moralitat.<\/p>\n<p>Per grups ens n&#8217;hem inventat una. Ha estat molt divertit. Ens hem inventat els personatges i l\u2019escenari per tal de representar-la.<\/p>\n<p>Aqu\u00ed podeu\u00a0 llegir la moralitat de totes les nostres faules i veure dues de les representacions.<\/p>\n<p>Esperem que us agradin!<\/p>\n<p style=\"text-align: center\"><em>\u2665 Sempre s&#8217;ha d\u2019ajudar als altres.<\/em><\/p>\n<p style=\"text-align: center\"><em>\u2665\u00a0El m\u00e9s fort no sempre \u00e9s el m\u00e9s intel\u00b7ligent.<\/em><\/p>\n<p style=\"text-align: center\"><em>\u2665 LA VIOL\u00c8NCIA NO \u00c9S LA SOLUCI\u00d3.<\/em><\/p>\n<p style=\"text-align: center\"><strong><em>\u2665 No sempre has de jutjar una cosa<\/em><\/strong><\/p>\n<p style=\"text-align: center\"><strong><em>que fan malament perqu\u00e8<\/em><\/strong><\/p>\n<p style=\"text-align: center\"><strong><em>potser m\u00e9s endavant la fan millor.<\/em><\/strong><\/p>\n<p style=\"text-align: center\"><em><strong>\u2665\u00a0<\/strong>Si et sents superior per voler ser el millor, els amics perdr\u00e0s.<\/em><\/p>\n<p style=\"text-align: center\"><em><strong>\u2665 <\/strong>Mai discriminis als altres.<\/em><\/p>\n<p style=\"text-align: center\"><em><strong>\u2665\u00a0<\/strong>A vegades seguir una moda pot anar malament.<\/em><\/p>\n<p style=\"text-align: center\"><strong><em>\u2665\u00a0L\u2019AL\u00c7ADA NO IMPORTA EN EL CERVELL DE L\u2019ANIMAL<\/em><\/strong><\/p>\n","protected":false},"excerpt":{"rendered":"<p>Els alumnes de cinqu\u00e8 hem treballat La Faula. Ens ha agradat molt llegir hist\u00f2ries, aprendre les caracter\u00edstiques dels animals, la personificaci\u00f3 dels personatges, i el missatge que transmet la moralitat. Per grups ens n&#8217;hem inventat una. Ha estat molt divertit. Ens hem inventat els personatges i l\u2019escenari per tal de representar-la. Aqu\u00ed podeu\u00a0 llegir la [&hellip;]<\/p>\n","protected":false},"author":24,"featured_media":18510,"comment_status":"open","ping_status":"open","sticky":false,"template":"","format":"standard","meta":{"_bbp_topic_count":0,"_bbp_reply_count":0,"_bbp_total_topic_count":0,"_bbp_total_reply_count":0,"_bbp_voice_count":0,"_bbp_anonymous_reply_count":0,"_bbp_topic_count_hidden":0,"_bbp_reply_count_hidden":0,"_bbp_forum_subforum_count":0,"site-sidebar-layout":"default","site-content-layout":"","ast-site-content-layout":"","site-content-style":"default","site-sidebar-style":"default","ast-global-header-display":"","ast-banner-title-visibility":"","ast-main-header-display":"","ast-hfb-above-header-display":"","ast-hfb-below-header-display":"","ast-hfb-mobile-header-display":"","site-post-title":"","ast-breadcrumbs-content":"","ast-featured-img":"","footer-sml-layout":"","theme-transparent-header-meta":"","adv-header-id-meta":"","stick-header-meta":"","header-above-stick-meta":"","header-main-stick-meta":"","header-below-stick-meta":"","astra-migrate-meta-layouts":"default","ast-page-background-enabled":"default","ast-page-background-meta":{"desktop":{"background-color":"var(--ast-global-color-4)","background-image":"","background-repeat":"repeat","background-position":"center center","background-size":"auto","background-attachment":"scroll","background-type":"","background-media":"","overlay-type":"","overlay-color":"","overlay-opacity":"","overlay-gradient":""},"tablet":{"background-color":"","background-image":"","background-repeat":"repeat","background-position":"center center","background-size":"auto","background-attachment":"scroll","background-type":"","background-media":"","overlay-type":"","overlay-color":"","overlay-opacity":"","overlay-gradient":""},"mobile":{"background-color":"","background-image":"","background-repeat":"repeat","background-position":"center center","background-size":"auto","background-attachment":"scroll","background-type":"","background-media":"","overlay-type":"","overlay-color":"","overlay-opacity":"","overlay-gradient":""}},"ast-content-background-meta":{"desktop":{"background-color":"var(--ast-global-color-5)","background-image":"","background-repeat":"repeat","background-position":"center center","background-size":"auto","background-attachment":"scroll","background-type":"","background-media":"","overlay-type":"","overlay-color":"","overlay-opacity":"","overlay-gradient":""},"tablet":{"background-color":"var(--ast-global-color-5)","background-image":"","background-repeat":"repeat","background-position":"center center","background-size":"auto","background-attachment":"scroll","background-type":"","background-media":"","overlay-type":"","overlay-color":"","overlay-opacity":"","overlay-gradient":""},"mobile":{"background-color":"var(--ast-global-color-5)","background-image":"","background-repeat":"repeat","background-position":"center center","background-size":"auto","background-attachment":"scroll","background-type":"","background-media":"","overlay-type":"","overlay-color":"","overlay-opacity":"","overlay-gradient":""}},"footnotes":""},"categories":[14,1,4],"tags":[155,156,93],"class_list":["post-18474","post","type-post","status-publish","format-standard","has-post-thumbnail","hentry","category-5e","category-general","category-portada","tag-5e","tag-la-faula","tag-llengua-catalana"],"post_mailing_queue_ids":[],"_links":{"self":[{"href":"https:\/\/agora.xtec.cat\/escolaverd\/wp-json\/wp\/v2\/posts\/18474","targetHints":{"allow":["GET"]}}],"collection":[{"href":"https:\/\/agora.xtec.cat\/escolaverd\/wp-json\/wp\/v2\/posts"}],"about":[{"href":"https:\/\/agora.xtec.cat\/escolaverd\/wp-json\/wp\/v2\/types\/post"}],"author":[{"embeddable":true,"href":"https:\/\/agora.xtec.cat\/escolaverd\/wp-json\/wp\/v2\/users\/24"}],"replies":[{"embeddable":true,"href":"https:\/\/agora.xtec.cat\/escolaverd\/wp-json\/wp\/v2\/comments?post=18474"}],"version-history":[{"count":0,"href":"https:\/\/agora.xtec.cat\/escolaverd\/wp-json\/wp\/v2\/posts\/18474\/revisions"}],"wp:featuredmedia":[{"embeddable":true,"href":"https:\/\/agora.xtec.cat\/escolaverd\/wp-json\/"}],"wp:attachment":[{"href":"https:\/\/agora.xtec.cat\/escolaverd\/wp-json\/wp\/v2\/media?parent=18474"}],"wp:term":[{"taxonomy":"category","embeddable":true,"href":"https:\/\/agora.xtec.cat\/escolaverd\/wp-json\/wp\/v2\/categories?post=18474"},{"taxonomy":"post_tag","embeddable":true,"href":"https:\/\/agora.xtec.cat\/escolaverd\/wp-json\/wp\/v2\/tags?post=18474"}],"curies":[{"name":"wp","href":"https:\/\/api.w.org\/{rel}","templated":true}]}}