{"id":18190,"date":"2018-12-05T17:25:57","date_gmt":"2018-12-05T16:25:57","guid":{"rendered":"http:\/\/www.escolaverd.cat\/?p=18190"},"modified":"2018-12-05T17:25:57","modified_gmt":"2018-12-05T16:25:57","slug":"recomanacions-de-llibres-per-a-les-families-2","status":"publish","type":"post","link":"https:\/\/agora.xtec.cat\/escolaverd\/general\/recomanacions-de-llibres-per-a-les-families-2\/","title":{"rendered":"Recomanacions de llibres per a les fam\u00edlies"},"content":{"rendered":"<p>Regalar llibres i que ens en regalin sempre \u00e9s una bona opci\u00f3. Per al nostre aniversari, perqu\u00e8 n&#8217;han publicat un altre de la nostra col\u00b7lecci\u00f3 preferida, perqu\u00e8 ens ha cridat l&#8217;atenci\u00f3 un de molt bonic de l&#8217;aparador d&#8217;una llibreria&#8230;\u00a0 i per a mil motius.<\/p>\n<p>Per aix\u00f2, si aquestes festes penseu fer algun regal, pensem que no hi pot faltar un bon llibre.<\/p>\n<p>La S\u00edlvia (mare i llibretera de l&#8217;escola) conjuntament amb les mestres i els mestres escollim les novetats de la temporada que s\u00f3n m\u00e9s interessants i boniques perqu\u00e8 les coneguin les fam\u00edlies de l&#8217;escola. El dimarts a la tarda les vam convidar a berenar, van poder escoltar les recomanacions i remenar una pila de llibres. Esperem que tothom en trob\u00e9s algun d&#8217;especial!<\/p>\n<p><a href=\"http:\/\/www.escolaverd.cat\/wp-content\/uploads\/2018\/12\/recomanacio-1.jpg\"><img loading=\"lazy\" decoding=\"async\" class=\"aligncenter size-large wp-image-18191\" src=\"http:\/\/www.escolaverd.cat\/wp-content\/uploads\/2018\/12\/recomanacio-1-900x600.jpg\" alt=\"\" width=\"640\" height=\"427\" \/><\/a> <a href=\"http:\/\/www.escolaverd.cat\/wp-content\/uploads\/2018\/12\/recomanacio.jpg\"><img loading=\"lazy\" decoding=\"async\" class=\"aligncenter size-large wp-image-18192\" src=\"http:\/\/www.escolaverd.cat\/wp-content\/uploads\/2018\/12\/recomanacio-900x600.jpg\" alt=\"\" width=\"640\" height=\"427\" \/><\/a><\/p>\n<p>Pels que no vau poder venir, aqu\u00ed en teniu la guia. Est\u00e0 formada per cinc apartats i cadasc\u00fan t\u00e9 llibres per a totes les edats, ordenats des dels lectors que encara no llegeixen fins als que llegeixen molt b\u00e9.\u00a0<\/p>\n<p><a href=\"http:\/\/www.escolaverd.cat\/wp-content\/uploads\/2018\/12\/Recomanacions-de-Nadal-2018.pdf\">Recomanacions de Nadal 2018<\/a><\/p>\n<p>Bones lectures!!<\/p>\n","protected":false},"excerpt":{"rendered":"<p>Regalar llibres i que ens en regalin sempre \u00e9s una bona opci\u00f3. Per al nostre aniversari, perqu\u00e8 n&#8217;han publicat un altre de la nostra col\u00b7lecci\u00f3 preferida, perqu\u00e8 ens ha cridat l&#8217;atenci\u00f3 un de molt bonic de l&#8217;aparador d&#8217;una llibreria&#8230;\u00a0 i per a mil motius. Per aix\u00f2, si aquestes festes penseu fer algun regal, pensem que [&hellip;]<\/p>\n","protected":false},"author":16,"featured_media":18193,"comment_status":"open","ping_status":"open","sticky":false,"template":"","format":"standard","meta":{"_bbp_topic_count":0,"_bbp_reply_count":0,"_bbp_total_topic_count":0,"_bbp_total_reply_count":0,"_bbp_voice_count":0,"_bbp_anonymous_reply_count":0,"_bbp_topic_count_hidden":0,"_bbp_reply_count_hidden":0,"_bbp_forum_subforum_count":0,"site-sidebar-layout":"default","site-content-layout":"","ast-site-content-layout":"","site-content-style":"default","site-sidebar-style":"default","ast-global-header-display":"","ast-banner-title-visibility":"","ast-main-header-display":"","ast-hfb-above-header-display":"","ast-hfb-below-header-display":"","ast-hfb-mobile-header-display":"","site-post-title":"","ast-breadcrumbs-content":"","ast-featured-img":"","footer-sml-layout":"","theme-transparent-header-meta":"","adv-header-id-meta":"","stick-header-meta":"","header-above-stick-meta":"","header-main-stick-meta":"","header-below-stick-meta":"","astra-migrate-meta-layouts":"default","ast-page-background-enabled":"default","ast-page-background-meta":{"desktop":{"background-color":"var(--ast-global-color-4)","background-image":"","background-repeat":"repeat","background-position":"center center","background-size":"auto","background-attachment":"scroll","background-type":"","background-media":"","overlay-type":"","overlay-color":"","overlay-opacity":"","overlay-gradient":""},"tablet":{"background-color":"","background-image":"","background-repeat":"repeat","background-position":"center center","background-size":"auto","background-attachment":"scroll","background-type":"","background-media":"","overlay-type":"","overlay-color":"","overlay-opacity":"","overlay-gradient":""},"mobile":{"background-color":"","background-image":"","background-repeat":"repeat","background-position":"center center","background-size":"auto","background-attachment":"scroll","background-type":"","background-media":"","overlay-type":"","overlay-color":"","overlay-opacity":"","overlay-gradient":""}},"ast-content-background-meta":{"desktop":{"background-color":"var(--ast-global-color-5)","background-image":"","background-repeat":"repeat","background-position":"center center","background-size":"auto","background-attachment":"scroll","background-type":"","background-media":"","overlay-type":"","overlay-color":"","overlay-opacity":"","overlay-gradient":""},"tablet":{"background-color":"var(--ast-global-color-5)","background-image":"","background-repeat":"repeat","background-position":"center center","background-size":"auto","background-attachment":"scroll","background-type":"","background-media":"","overlay-type":"","overlay-color":"","overlay-opacity":"","overlay-gradient":""},"mobile":{"background-color":"var(--ast-global-color-5)","background-image":"","background-repeat":"repeat","background-position":"center center","background-size":"auto","background-attachment":"scroll","background-type":"","background-media":"","overlay-type":"","overlay-color":"","overlay-opacity":"","overlay-gradient":""}},"footnotes":""},"categories":[7,136,1,4],"tags":[],"class_list":["post-18190","post","type-post","status-publish","format-standard","has-post-thumbnail","hentry","category-ampa","category-biblioteca-verd","category-general","category-portada"],"post_mailing_queue_ids":[],"_links":{"self":[{"href":"https:\/\/agora.xtec.cat\/escolaverd\/wp-json\/wp\/v2\/posts\/18190","targetHints":{"allow":["GET"]}}],"collection":[{"href":"https:\/\/agora.xtec.cat\/escolaverd\/wp-json\/wp\/v2\/posts"}],"about":[{"href":"https:\/\/agora.xtec.cat\/escolaverd\/wp-json\/wp\/v2\/types\/post"}],"author":[{"embeddable":true,"href":"https:\/\/agora.xtec.cat\/escolaverd\/wp-json\/wp\/v2\/users\/16"}],"replies":[{"embeddable":true,"href":"https:\/\/agora.xtec.cat\/escolaverd\/wp-json\/wp\/v2\/comments?post=18190"}],"version-history":[{"count":0,"href":"https:\/\/agora.xtec.cat\/escolaverd\/wp-json\/wp\/v2\/posts\/18190\/revisions"}],"wp:featuredmedia":[{"embeddable":true,"href":"https:\/\/agora.xtec.cat\/escolaverd\/wp-json\/"}],"wp:attachment":[{"href":"https:\/\/agora.xtec.cat\/escolaverd\/wp-json\/wp\/v2\/media?parent=18190"}],"wp:term":[{"taxonomy":"category","embeddable":true,"href":"https:\/\/agora.xtec.cat\/escolaverd\/wp-json\/wp\/v2\/categories?post=18190"},{"taxonomy":"post_tag","embeddable":true,"href":"https:\/\/agora.xtec.cat\/escolaverd\/wp-json\/wp\/v2\/tags?post=18190"}],"curies":[{"name":"wp","href":"https:\/\/api.w.org\/{rel}","templated":true}]}}