{"id":18140,"date":"2018-11-23T13:09:51","date_gmt":"2018-11-23T12:09:51","guid":{"rendered":"http:\/\/www.escolaverd.cat\/?p=18140"},"modified":"2018-11-23T13:09:51","modified_gmt":"2018-11-23T12:09:51","slug":"cami-de-ronda","status":"publish","type":"post","link":"https:\/\/agora.xtec.cat\/escolaverd\/general\/cami-de-ronda\/","title":{"rendered":"CAM\u00cd DE RONDA"},"content":{"rendered":"<p>El dijous 8 de novembre, els alumnes de cinqu\u00e8 i sis\u00e8, vam anar a fer el cam\u00ed de Ronda des de Port de\u00a0la Selva fins a Llan\u00e7\u00e0. Vam anar amb autocar fins a la platja de Port de la Selva. All\u00e0 vam poder esmorzar i jugar una bona estona abans de comen\u00e7ar la caminata.<\/p>\n<p>Tot seguit vam iniciar el cam\u00ed amb l&#8217;objectiu d&#8217;arribar caminant a Llan\u00e7\u00e0. El cam\u00ed voreja el mar, \u00e9s un cam\u00ed molt bonic\u00a0 Vam caminar molt mentre gaud\u00edem d&#8217;un paisatge preci\u00f3s i d&#8217;un dia assolellat. El mar llu\u00efa pac\u00edfic amb colors verdosos i blavosos. De tant en tant par\u00e0vem per descansar una mica, beure aigua, ajuntar-nos i fer-nos fotos.<\/p>\n<p>Despr\u00e9s de caminar sis quil\u00f2metres, vam fer la parada m\u00e9s esperada del m\u00f3n, Vam\u00a0dinar en una platja molt acollidora. Hem de recon\u00e8ixer que ja est\u00e0vem for\u00e7a cansats i amb gana. Vam jugar, vam recollir molts cargolins i tamb\u00e9\u00a0ens vam entretenir amb unes meduses mortes que hi havia a la riba.<\/p>\n<p>Passada una bona estona vam seguir el nostre cam\u00ed pujant per unes escales\u00a0llargu\u00edssimes que semblava que no acabaven mai i vam seguir el mateix cam\u00ed\u00a0de Ronda.<\/p>\n<p>Finalment vam arribar a Llan\u00e7\u00e0. En total vam caminar 8,5 quil\u00f2metres. Quan vam veure\u00a0l&#8217;autocar tots vam pensar, per fi ha arribat!<\/p>\n<p>Va ser un dia molt bonic i ens ho vam passar molt b\u00e9!<\/p>\n\n<p>&nbsp;<\/p>\n<p>&nbsp;<\/p>\n","protected":false},"excerpt":{"rendered":"<p>El dijous 8 de novembre, els alumnes de cinqu\u00e8 i sis\u00e8, vam anar a fer el cam\u00ed de Ronda des de Port de\u00a0la Selva fins a Llan\u00e7\u00e0. Vam anar amb autocar fins a la platja de Port de la Selva. All\u00e0 vam poder esmorzar i jugar una bona estona abans de comen\u00e7ar la caminata. Tot [&hellip;]<\/p>\n","protected":false},"author":24,"featured_media":18143,"comment_status":"open","ping_status":"open","sticky":false,"template":"","format":"standard","meta":{"_bbp_topic_count":0,"_bbp_reply_count":0,"_bbp_total_topic_count":0,"_bbp_total_reply_count":0,"_bbp_voice_count":0,"_bbp_anonymous_reply_count":0,"_bbp_topic_count_hidden":0,"_bbp_reply_count_hidden":0,"_bbp_forum_subforum_count":0,"site-sidebar-layout":"default","site-content-layout":"","ast-site-content-layout":"","site-content-style":"default","site-sidebar-style":"default","ast-global-header-display":"","ast-banner-title-visibility":"","ast-main-header-display":"","ast-hfb-above-header-display":"","ast-hfb-below-header-display":"","ast-hfb-mobile-header-display":"","site-post-title":"","ast-breadcrumbs-content":"","ast-featured-img":"","footer-sml-layout":"","theme-transparent-header-meta":"","adv-header-id-meta":"","stick-header-meta":"","header-above-stick-meta":"","header-main-stick-meta":"","header-below-stick-meta":"","astra-migrate-meta-layouts":"default","ast-page-background-enabled":"default","ast-page-background-meta":{"desktop":{"background-color":"var(--ast-global-color-4)","background-image":"","background-repeat":"repeat","background-position":"center center","background-size":"auto","background-attachment":"scroll","background-type":"","background-media":"","overlay-type":"","overlay-color":"","overlay-opacity":"","overlay-gradient":""},"tablet":{"background-color":"","background-image":"","background-repeat":"repeat","background-position":"center center","background-size":"auto","background-attachment":"scroll","background-type":"","background-media":"","overlay-type":"","overlay-color":"","overlay-opacity":"","overlay-gradient":""},"mobile":{"background-color":"","background-image":"","background-repeat":"repeat","background-position":"center center","background-size":"auto","background-attachment":"scroll","background-type":"","background-media":"","overlay-type":"","overlay-color":"","overlay-opacity":"","overlay-gradient":""}},"ast-content-background-meta":{"desktop":{"background-color":"var(--ast-global-color-5)","background-image":"","background-repeat":"repeat","background-position":"center center","background-size":"auto","background-attachment":"scroll","background-type":"","background-media":"","overlay-type":"","overlay-color":"","overlay-opacity":"","overlay-gradient":""},"tablet":{"background-color":"var(--ast-global-color-5)","background-image":"","background-repeat":"repeat","background-position":"center center","background-size":"auto","background-attachment":"scroll","background-type":"","background-media":"","overlay-type":"","overlay-color":"","overlay-opacity":"","overlay-gradient":""},"mobile":{"background-color":"var(--ast-global-color-5)","background-image":"","background-repeat":"repeat","background-position":"center center","background-size":"auto","background-attachment":"scroll","background-type":"","background-media":"","overlay-type":"","overlay-color":"","overlay-opacity":"","overlay-gradient":""}},"footnotes":""},"categories":[1],"tags":[],"class_list":["post-18140","post","type-post","status-publish","format-standard","has-post-thumbnail","hentry","category-general"],"post_mailing_queue_ids":[],"_links":{"self":[{"href":"https:\/\/agora.xtec.cat\/escolaverd\/wp-json\/wp\/v2\/posts\/18140","targetHints":{"allow":["GET"]}}],"collection":[{"href":"https:\/\/agora.xtec.cat\/escolaverd\/wp-json\/wp\/v2\/posts"}],"about":[{"href":"https:\/\/agora.xtec.cat\/escolaverd\/wp-json\/wp\/v2\/types\/post"}],"author":[{"embeddable":true,"href":"https:\/\/agora.xtec.cat\/escolaverd\/wp-json\/wp\/v2\/users\/24"}],"replies":[{"embeddable":true,"href":"https:\/\/agora.xtec.cat\/escolaverd\/wp-json\/wp\/v2\/comments?post=18140"}],"version-history":[{"count":0,"href":"https:\/\/agora.xtec.cat\/escolaverd\/wp-json\/wp\/v2\/posts\/18140\/revisions"}],"wp:featuredmedia":[{"embeddable":true,"href":"https:\/\/agora.xtec.cat\/escolaverd\/wp-json\/"}],"wp:attachment":[{"href":"https:\/\/agora.xtec.cat\/escolaverd\/wp-json\/wp\/v2\/media?parent=18140"}],"wp:term":[{"taxonomy":"category","embeddable":true,"href":"https:\/\/agora.xtec.cat\/escolaverd\/wp-json\/wp\/v2\/categories?post=18140"},{"taxonomy":"post_tag","embeddable":true,"href":"https:\/\/agora.xtec.cat\/escolaverd\/wp-json\/wp\/v2\/tags?post=18140"}],"curies":[{"name":"wp","href":"https:\/\/api.w.org\/{rel}","templated":true}]}}