{"id":17502,"date":"2018-07-06T13:09:34","date_gmt":"2018-07-06T11:09:34","guid":{"rendered":"http:\/\/www.escolaverd.cat\/?p=17502"},"modified":"2018-07-06T13:09:34","modified_gmt":"2018-07-06T11:09:34","slug":"expliquem-la-pictoescriptura-als-pares-1r-i-2n","status":"publish","type":"post","link":"https:\/\/agora.xtec.cat\/escolaverd\/general\/expliquem-la-pictoescriptura-als-pares-1r-i-2n\/","title":{"rendered":"Expliquem la pictoescriptura als pares"},"content":{"rendered":"<p>Aquest curs els alumnes de cicle inicial hem apostat pel projecte creat per <strong>VoxPrima (Espais de PictoEscriptura). <\/strong><\/p>\n<p><strong>Hem treballat l\u2019escriptura creativa amb la il\u00b7lustraci\u00f3 com a element fonamental. <\/strong><\/p>\n<p><strong><em>La<\/em><\/strong><strong><em> creativitat \u00e9s un h\u00e0bit que s\u2019educa.<\/em><\/strong><\/p>\n<p><strong><em>Escrivim \u00a0i alhora, il\u00b7lustrem<\/em><\/strong><strong>.<\/strong><\/p>\n<p>Durant el primer trimestre, el projecte ha girat entorn als contes:<\/p>\n<p><strong><em>\u201cUn pelut ocell pelat\u201d<\/em><\/strong> en el cas de 1r. La protagonista \u00e9s la Mima, un ocell que no t\u00e9 plomes i viu amb una bruixa.<\/p>\n<p><strong><em>\u201cEn Superllop\u201d<\/em><\/strong> en el cas de 2n. El protagonista \u00e9s en Super, un llop una mica especial.<\/p>\n<p>A partir d\u2019aqu\u00ed tots els exercicis, sobretot els de creaci\u00f3, han estat relacionats amb aquests personatges. Els alumnes hem escrit i il\u00b7lustrat amb molta motivaci\u00f3: hem dissenyat escombres, centres comercials, trens, biblioteques&#8230;<\/p>\n<p>Aquests darreres mesos a nivell de grup-classe hem creat<\/p>\n<p>el NOSTRE PROPI \u00c0LBUM IL\u00b7LUSTRAT!<\/p>\n<p><strong><em>Les aventures de l\u2019Ullgros Xunguitu<\/em><\/strong> \u2013 1r<\/p>\n<p><strong><em>Les aventures de les llaminadures<\/em><\/strong> \u2013 2n<\/p>\n<p>El passat dia 20 de juny els pares, avis, tiets&#8230; van poder venir a la presentaci\u00f3 dels nostres llibres. Davant de tots vam explicar-los tot el proc\u00e9s de creaci\u00f3 de la hist\u00f2ria, com ens la vam inventar, els personatges, els llocs&#8230; Finalment vam fer petits grups i els vam llegir l\u2019\u00e0lbum il\u00b7lustrat. Podeu veure&#8217;n les fotos <a href=\"https:\/\/photos.app.goo.gl\/fwH88cfvp9FToAPRA\">AQU\u00cd<\/a>.<\/p>\n<p>Per cert, cada un de nosaltres hem il\u00b7lustrat el llibre a la nostra manera.<\/p>\n","protected":false},"excerpt":{"rendered":"<p>Aquest curs els alumnes de cicle inicial hem apostat pel projecte creat per VoxPrima (Espais de PictoEscriptura). Hem treballat l\u2019escriptura creativa amb la il\u00b7lustraci\u00f3 com a element fonamental. La creativitat \u00e9s un h\u00e0bit que s\u2019educa. Escrivim \u00a0i alhora, il\u00b7lustrem. Durant el primer trimestre, el projecte ha girat entorn als contes: \u201cUn pelut ocell pelat\u201d en [&hellip;]<\/p>\n","protected":false},"author":17,"featured_media":17503,"comment_status":"open","ping_status":"open","sticky":false,"template":"","format":"standard","meta":{"_bbp_topic_count":0,"_bbp_reply_count":0,"_bbp_total_topic_count":0,"_bbp_total_reply_count":0,"_bbp_voice_count":0,"_bbp_anonymous_reply_count":0,"_bbp_topic_count_hidden":0,"_bbp_reply_count_hidden":0,"_bbp_forum_subforum_count":0,"site-sidebar-layout":"default","site-content-layout":"","ast-site-content-layout":"","site-content-style":"default","site-sidebar-style":"default","ast-global-header-display":"","ast-banner-title-visibility":"","ast-main-header-display":"","ast-hfb-above-header-display":"","ast-hfb-below-header-display":"","ast-hfb-mobile-header-display":"","site-post-title":"","ast-breadcrumbs-content":"","ast-featured-img":"","footer-sml-layout":"","theme-transparent-header-meta":"","adv-header-id-meta":"","stick-header-meta":"","header-above-stick-meta":"","header-main-stick-meta":"","header-below-stick-meta":"","astra-migrate-meta-layouts":"default","ast-page-background-enabled":"default","ast-page-background-meta":{"desktop":{"background-color":"var(--ast-global-color-4)","background-image":"","background-repeat":"repeat","background-position":"center center","background-size":"auto","background-attachment":"scroll","background-type":"","background-media":"","overlay-type":"","overlay-color":"","overlay-opacity":"","overlay-gradient":""},"tablet":{"background-color":"","background-image":"","background-repeat":"repeat","background-position":"center center","background-size":"auto","background-attachment":"scroll","background-type":"","background-media":"","overlay-type":"","overlay-color":"","overlay-opacity":"","overlay-gradient":""},"mobile":{"background-color":"","background-image":"","background-repeat":"repeat","background-position":"center center","background-size":"auto","background-attachment":"scroll","background-type":"","background-media":"","overlay-type":"","overlay-color":"","overlay-opacity":"","overlay-gradient":""}},"ast-content-background-meta":{"desktop":{"background-color":"var(--ast-global-color-5)","background-image":"","background-repeat":"repeat","background-position":"center center","background-size":"auto","background-attachment":"scroll","background-type":"","background-media":"","overlay-type":"","overlay-color":"","overlay-opacity":"","overlay-gradient":""},"tablet":{"background-color":"var(--ast-global-color-5)","background-image":"","background-repeat":"repeat","background-position":"center center","background-size":"auto","background-attachment":"scroll","background-type":"","background-media":"","overlay-type":"","overlay-color":"","overlay-opacity":"","overlay-gradient":""},"mobile":{"background-color":"var(--ast-global-color-5)","background-image":"","background-repeat":"repeat","background-position":"center center","background-size":"auto","background-attachment":"scroll","background-type":"","background-media":"","overlay-type":"","overlay-color":"","overlay-opacity":"","overlay-gradient":""}},"footnotes":""},"categories":[78,79,1,4],"tags":[],"class_list":["post-17502","post","type-post","status-publish","format-standard","has-post-thumbnail","hentry","category-1r","category-2n","category-general","category-portada"],"post_mailing_queue_ids":[],"_links":{"self":[{"href":"https:\/\/agora.xtec.cat\/escolaverd\/wp-json\/wp\/v2\/posts\/17502","targetHints":{"allow":["GET"]}}],"collection":[{"href":"https:\/\/agora.xtec.cat\/escolaverd\/wp-json\/wp\/v2\/posts"}],"about":[{"href":"https:\/\/agora.xtec.cat\/escolaverd\/wp-json\/wp\/v2\/types\/post"}],"author":[{"embeddable":true,"href":"https:\/\/agora.xtec.cat\/escolaverd\/wp-json\/wp\/v2\/users\/17"}],"replies":[{"embeddable":true,"href":"https:\/\/agora.xtec.cat\/escolaverd\/wp-json\/wp\/v2\/comments?post=17502"}],"version-history":[{"count":0,"href":"https:\/\/agora.xtec.cat\/escolaverd\/wp-json\/wp\/v2\/posts\/17502\/revisions"}],"wp:featuredmedia":[{"embeddable":true,"href":"https:\/\/agora.xtec.cat\/escolaverd\/wp-json\/"}],"wp:attachment":[{"href":"https:\/\/agora.xtec.cat\/escolaverd\/wp-json\/wp\/v2\/media?parent=17502"}],"wp:term":[{"taxonomy":"category","embeddable":true,"href":"https:\/\/agora.xtec.cat\/escolaverd\/wp-json\/wp\/v2\/categories?post=17502"},{"taxonomy":"post_tag","embeddable":true,"href":"https:\/\/agora.xtec.cat\/escolaverd\/wp-json\/wp\/v2\/tags?post=17502"}],"curies":[{"name":"wp","href":"https:\/\/api.w.org\/{rel}","templated":true}]}}