{"id":14912,"date":"2017-10-24T08:45:26","date_gmt":"2017-10-24T06:45:26","guid":{"rendered":"http:\/\/www.escolaverd.cat\/?p=14912"},"modified":"2017-10-24T08:45:26","modified_gmt":"2017-10-24T06:45:26","slug":"llibrefils","status":"publish","type":"post","link":"https:\/\/agora.xtec.cat\/escolaverd\/portada\/llibrefils\/","title":{"rendered":"Llibr\u00e8fils"},"content":{"rendered":"<p>Si t\u2019agraden els llibres, si t\u2019apassiona llegir, si ets dels que recomanen lectures als seus amics i amigues, si creus que la vida no seria el mateix sense les hist\u00f2ries, els pensaments, les idees o els personatges que viuen als llibres, comparteix la teva passi\u00f3!<\/p>\n<p><a href=\"http:\/\/cultura.gencat.cat\/ca\/departament\/plans-i-programes\/ambit-sectorial\/pla-de-lectura-2020\/difon-llibrefils\/capitol-01\/\" target=\"_blank\" rel=\"noopener\">Aqu\u00ed<\/a> trobar\u00e0s punts de llibre, imatges animades per difondre a les xarxes, cartells per penjar i tota la informaci\u00f3 de la campanya que hem dissenyat per compartir amb tothom la teva passi\u00f3 per la lectura. S\u00f3n de la\u00a0campanya de sensibilitzaci\u00f3 del nou\u00a0<a href=\"http:\/\/cultura.gencat.cat\/ca\/departament\/plans-i-programes\/ambit-sectorial\/pla-de-lectura-2020\/pla-actuacio\/\" target=\"_blank\" rel=\"noopener\">Pla de Lectura 2020<\/a>\u00a0impulsat pel Departament de Cultura de la Generalitat de Catalunya, amb punts de llibre, imatges animades i cartells per compartir amb tothom.<\/p>\n<p><a href=\"http:\/\/www.escolaverd.cat\/wp-content\/uploads\/2017\/07\/giphy.gif\"><img loading=\"lazy\" decoding=\"async\" class=\"alignleft size-full wp-image-14913\" src=\"http:\/\/www.escolaverd.cat\/wp-content\/uploads\/2017\/07\/giphy.gif\" alt=\"giphy\" width=\"480\" height=\"351\" \/><\/a><\/p>\n<p>&nbsp;<\/p>\n<p>&nbsp;<\/p>\n<p>&nbsp;<\/p>\n<p>&nbsp;<\/p>\n<p>&nbsp;<\/p>\n<p>&nbsp;<\/p>\n<p>&nbsp;<\/p>\n<p>&nbsp;<\/p>\n<p>&nbsp;<\/p>\n<p>&nbsp;<\/p>\n","protected":false},"excerpt":{"rendered":"<p>Si t\u2019agraden els llibres, si t\u2019apassiona llegir, si ets dels que recomanen lectures als seus amics i amigues, si creus que la vida no seria el mateix sense les hist\u00f2ries, els pensaments, les idees o els personatges que viuen als llibres, comparteix la teva passi\u00f3! Aqu\u00ed trobar\u00e0s punts de llibre, imatges animades per difondre a [&hellip;]<\/p>\n","protected":false},"author":16,"featured_media":14913,"comment_status":"open","ping_status":"open","sticky":false,"template":"","format":"standard","meta":{"_bbp_topic_count":0,"_bbp_reply_count":0,"_bbp_total_topic_count":0,"_bbp_total_reply_count":0,"_bbp_voice_count":0,"_bbp_anonymous_reply_count":0,"_bbp_topic_count_hidden":0,"_bbp_reply_count_hidden":0,"_bbp_forum_subforum_count":0,"site-sidebar-layout":"default","site-content-layout":"","ast-site-content-layout":"","site-content-style":"default","site-sidebar-style":"default","ast-global-header-display":"","ast-banner-title-visibility":"","ast-main-header-display":"","ast-hfb-above-header-display":"","ast-hfb-below-header-display":"","ast-hfb-mobile-header-display":"","site-post-title":"","ast-breadcrumbs-content":"","ast-featured-img":"","footer-sml-layout":"","theme-transparent-header-meta":"","adv-header-id-meta":"","stick-header-meta":"","header-above-stick-meta":"","header-main-stick-meta":"","header-below-stick-meta":"","astra-migrate-meta-layouts":"default","ast-page-background-enabled":"default","ast-page-background-meta":{"desktop":{"background-color":"var(--ast-global-color-4)","background-image":"","background-repeat":"repeat","background-position":"center center","background-size":"auto","background-attachment":"scroll","background-type":"","background-media":"","overlay-type":"","overlay-color":"","overlay-opacity":"","overlay-gradient":""},"tablet":{"background-color":"","background-image":"","background-repeat":"repeat","background-position":"center center","background-size":"auto","background-attachment":"scroll","background-type":"","background-media":"","overlay-type":"","overlay-color":"","overlay-opacity":"","overlay-gradient":""},"mobile":{"background-color":"","background-image":"","background-repeat":"repeat","background-position":"center center","background-size":"auto","background-attachment":"scroll","background-type":"","background-media":"","overlay-type":"","overlay-color":"","overlay-opacity":"","overlay-gradient":""}},"ast-content-background-meta":{"desktop":{"background-color":"var(--ast-global-color-5)","background-image":"","background-repeat":"repeat","background-position":"center center","background-size":"auto","background-attachment":"scroll","background-type":"","background-media":"","overlay-type":"","overlay-color":"","overlay-opacity":"","overlay-gradient":""},"tablet":{"background-color":"var(--ast-global-color-5)","background-image":"","background-repeat":"repeat","background-position":"center center","background-size":"auto","background-attachment":"scroll","background-type":"","background-media":"","overlay-type":"","overlay-color":"","overlay-opacity":"","overlay-gradient":""},"mobile":{"background-color":"var(--ast-global-color-5)","background-image":"","background-repeat":"repeat","background-position":"center center","background-size":"auto","background-attachment":"scroll","background-type":"","background-media":"","overlay-type":"","overlay-color":"","overlay-opacity":"","overlay-gradient":""}},"footnotes":""},"categories":[136,4],"tags":[],"class_list":["post-14912","post","type-post","status-publish","format-standard","has-post-thumbnail","hentry","category-biblioteca-verd","category-portada"],"post_mailing_queue_ids":[],"_links":{"self":[{"href":"https:\/\/agora.xtec.cat\/escolaverd\/wp-json\/wp\/v2\/posts\/14912","targetHints":{"allow":["GET"]}}],"collection":[{"href":"https:\/\/agora.xtec.cat\/escolaverd\/wp-json\/wp\/v2\/posts"}],"about":[{"href":"https:\/\/agora.xtec.cat\/escolaverd\/wp-json\/wp\/v2\/types\/post"}],"author":[{"embeddable":true,"href":"https:\/\/agora.xtec.cat\/escolaverd\/wp-json\/wp\/v2\/users\/16"}],"replies":[{"embeddable":true,"href":"https:\/\/agora.xtec.cat\/escolaverd\/wp-json\/wp\/v2\/comments?post=14912"}],"version-history":[{"count":0,"href":"https:\/\/agora.xtec.cat\/escolaverd\/wp-json\/wp\/v2\/posts\/14912\/revisions"}],"wp:featuredmedia":[{"embeddable":true,"href":"https:\/\/agora.xtec.cat\/escolaverd\/wp-json\/"}],"wp:attachment":[{"href":"https:\/\/agora.xtec.cat\/escolaverd\/wp-json\/wp\/v2\/media?parent=14912"}],"wp:term":[{"taxonomy":"category","embeddable":true,"href":"https:\/\/agora.xtec.cat\/escolaverd\/wp-json\/wp\/v2\/categories?post=14912"},{"taxonomy":"post_tag","embeddable":true,"href":"https:\/\/agora.xtec.cat\/escolaverd\/wp-json\/wp\/v2\/tags?post=14912"}],"curies":[{"name":"wp","href":"https:\/\/api.w.org\/{rel}","templated":true}]}}