{"id":14047,"date":"2017-05-22T13:58:04","date_gmt":"2017-05-22T11:58:04","guid":{"rendered":"http:\/\/www.escolaverd.cat\/?p=14047"},"modified":"2017-05-22T13:58:04","modified_gmt":"2017-05-22T11:58:04","slug":"ens-visita-guillem-terribas","status":"publish","type":"post","link":"https:\/\/agora.xtec.cat\/escolaverd\/general\/ens-visita-guillem-terribas\/","title":{"rendered":"Ens visita Guillem Terribas!"},"content":{"rendered":"<p>Dimecres 19 d\u2019abril els nens i nenes de Cicle Inicial\u00a0vam tenir la sort de poder con\u00e8ixer Guillem Terribas. \u00c9s llibreter i el m\u00e0xim responsable de la Llibreria 22. Fa poc, a m\u00e9s, li van concedir la Creu de Sant Jordi.<\/p>\n<p>Va venir a l\u2019escola per presentar-nos\u00a0<em>L\u2019\u00e0vi de la Martina, <\/em>un llibre per nens i nenes a partir de sis anys, \u00e9s a dir, per nens i nenes com nosaltres. Ens va explicar que l&#8217;Andreu,\u00a0l&#8217;\u00e0vi de la Martina, \u00e9s un llibreter i\u00a0que, quan neix la seva neta, li\u00a0encomana les ganes de llegir\u00a0llibres i de con\u00e8ixer\u00a0el m\u00f3n que l&#8217;envolta.\u00a0L&#8217;avi i la neta, doncs, fan moltes coses junts: miren pel\u00b7l\u00edcules, van al circ, a fer passejades per la ciutat&#8230; Tot i aix\u00ed,\u00a0el que m\u00e9s li agrada a la Martina \u00e9s anar a la llibreria a veure com treballa l&#8217;avi.\u00a0Un bon dia, l&#8217;Andreu es posa malalt i\u00a0el porten a l&#8217;hospital.\u00a0All\u00e0 no li poden curar el mal que t\u00e9 i\u00a0se&#8217;n va per sempre. La Martina l&#8217;enyora molt, per\u00f2 es va fent gran i la fa feli\u00e7 recordar tots els moments passats amb l&#8217;avi.<\/p>\n<p>Mentre l&#8217;autor ens explicava el llibre, ens va parlar de la il\u00b7lustradora i ens va anar fent preguntes. Tamb\u00e9 li vam poder fer preguntes i ens va deixar participar molt.<\/p>\n<p>Per acabar, uns quants alumnes de 1r i\u00a02n vam llegir en veu alta alguns trossos del llibre.<\/p>\n<p>Ens va encantar poder con\u00e8ixer l&#8217;autor d&#8217;un llibre tan interessant!<\/p>\n<p><a href=\"http:\/\/www.escolaverd.cat\/wp-content\/uploads\/2017\/05\/IMG-20170511-WA0013.jpg\"><img loading=\"lazy\" decoding=\"async\" class=\"alignnone size-thumbnail wp-image-14182\" src=\"http:\/\/www.escolaverd.cat\/wp-content\/uploads\/2017\/05\/IMG-20170511-WA0013-150x150.jpg\" alt=\"IMG-20170511-WA0013\" width=\"150\" height=\"150\" \/><\/a>\u00a0\u00a0\u00a0<a href=\"http:\/\/www.escolaverd.cat\/wp-content\/uploads\/2017\/05\/IMG-20170511-WA00061.jpg\"><img loading=\"lazy\" decoding=\"async\" class=\"alignnone size-thumbnail wp-image-14183\" src=\"http:\/\/www.escolaverd.cat\/wp-content\/uploads\/2017\/05\/IMG-20170511-WA00061-150x150.jpg\" alt=\"IMG-20170511-WA0006\" width=\"150\" height=\"150\" \/><\/a>\u00a0\u00a0<a href=\"http:\/\/www.escolaverd.cat\/wp-content\/uploads\/2017\/05\/IMG-20170511-WA0014.jpg\"><img loading=\"lazy\" decoding=\"async\" class=\"alignnone size-thumbnail wp-image-14184\" src=\"http:\/\/www.escolaverd.cat\/wp-content\/uploads\/2017\/05\/IMG-20170511-WA0014-150x150.jpg\" alt=\"IMG-20170511-WA0014\" width=\"150\" height=\"150\" \/><\/a>\u00a0\u00a0<a href=\"http:\/\/www.escolaverd.cat\/wp-content\/uploads\/2017\/05\/IMG-20170511-WA0010.jpg\"><img loading=\"lazy\" decoding=\"async\" class=\"alignnone size-thumbnail wp-image-14185\" src=\"http:\/\/www.escolaverd.cat\/wp-content\/uploads\/2017\/05\/IMG-20170511-WA0010-150x150.jpg\" alt=\"IMG-20170511-WA0010\" width=\"150\" height=\"150\" \/><\/a>\u00a0\u00a0<a href=\"http:\/\/www.escolaverd.cat\/wp-content\/uploads\/2017\/05\/IMG-20170511-WA0008.jpg\"><img loading=\"lazy\" decoding=\"async\" class=\"alignnone size-thumbnail wp-image-14186\" src=\"http:\/\/www.escolaverd.cat\/wp-content\/uploads\/2017\/05\/IMG-20170511-WA0008-150x150.jpg\" alt=\"IMG-20170511-WA0008\" width=\"150\" height=\"150\" \/><\/a><\/p>\n","protected":false},"excerpt":{"rendered":"<p>Dimecres 19 d\u2019abril els nens i nenes de Cicle Inicial\u00a0vam tenir la sort de poder con\u00e8ixer Guillem Terribas. \u00c9s llibreter i el m\u00e0xim responsable de la Llibreria 22. Fa poc, a m\u00e9s, li van concedir la Creu de Sant Jordi. Va venir a l\u2019escola per presentar-nos\u00a0L\u2019\u00e0vi de la Martina, un llibre per nens i nenes [&hellip;]<\/p>\n","protected":false},"author":17,"featured_media":14185,"comment_status":"open","ping_status":"open","sticky":false,"template":"","format":"standard","meta":{"_bbp_topic_count":0,"_bbp_reply_count":0,"_bbp_total_topic_count":0,"_bbp_total_reply_count":0,"_bbp_voice_count":0,"_bbp_anonymous_reply_count":0,"_bbp_topic_count_hidden":0,"_bbp_reply_count_hidden":0,"_bbp_forum_subforum_count":0,"site-sidebar-layout":"default","site-content-layout":"","ast-site-content-layout":"","site-content-style":"default","site-sidebar-style":"default","ast-global-header-display":"","ast-banner-title-visibility":"","ast-main-header-display":"","ast-hfb-above-header-display":"","ast-hfb-below-header-display":"","ast-hfb-mobile-header-display":"","site-post-title":"","ast-breadcrumbs-content":"","ast-featured-img":"","footer-sml-layout":"","theme-transparent-header-meta":"","adv-header-id-meta":"","stick-header-meta":"","header-above-stick-meta":"","header-main-stick-meta":"","header-below-stick-meta":"","astra-migrate-meta-layouts":"default","ast-page-background-enabled":"default","ast-page-background-meta":{"desktop":{"background-color":"var(--ast-global-color-4)","background-image":"","background-repeat":"repeat","background-position":"center center","background-size":"auto","background-attachment":"scroll","background-type":"","background-media":"","overlay-type":"","overlay-color":"","overlay-opacity":"","overlay-gradient":""},"tablet":{"background-color":"","background-image":"","background-repeat":"repeat","background-position":"center center","background-size":"auto","background-attachment":"scroll","background-type":"","background-media":"","overlay-type":"","overlay-color":"","overlay-opacity":"","overlay-gradient":""},"mobile":{"background-color":"","background-image":"","background-repeat":"repeat","background-position":"center center","background-size":"auto","background-attachment":"scroll","background-type":"","background-media":"","overlay-type":"","overlay-color":"","overlay-opacity":"","overlay-gradient":""}},"ast-content-background-meta":{"desktop":{"background-color":"var(--ast-global-color-5)","background-image":"","background-repeat":"repeat","background-position":"center center","background-size":"auto","background-attachment":"scroll","background-type":"","background-media":"","overlay-type":"","overlay-color":"","overlay-opacity":"","overlay-gradient":""},"tablet":{"background-color":"var(--ast-global-color-5)","background-image":"","background-repeat":"repeat","background-position":"center center","background-size":"auto","background-attachment":"scroll","background-type":"","background-media":"","overlay-type":"","overlay-color":"","overlay-opacity":"","overlay-gradient":""},"mobile":{"background-color":"var(--ast-global-color-5)","background-image":"","background-repeat":"repeat","background-position":"center center","background-size":"auto","background-attachment":"scroll","background-type":"","background-media":"","overlay-type":"","overlay-color":"","overlay-opacity":"","overlay-gradient":""}},"footnotes":""},"categories":[78,79,1,4],"tags":[],"class_list":["post-14047","post","type-post","status-publish","format-standard","has-post-thumbnail","hentry","category-1r","category-2n","category-general","category-portada"],"post_mailing_queue_ids":[],"_links":{"self":[{"href":"https:\/\/agora.xtec.cat\/escolaverd\/wp-json\/wp\/v2\/posts\/14047","targetHints":{"allow":["GET"]}}],"collection":[{"href":"https:\/\/agora.xtec.cat\/escolaverd\/wp-json\/wp\/v2\/posts"}],"about":[{"href":"https:\/\/agora.xtec.cat\/escolaverd\/wp-json\/wp\/v2\/types\/post"}],"author":[{"embeddable":true,"href":"https:\/\/agora.xtec.cat\/escolaverd\/wp-json\/wp\/v2\/users\/17"}],"replies":[{"embeddable":true,"href":"https:\/\/agora.xtec.cat\/escolaverd\/wp-json\/wp\/v2\/comments?post=14047"}],"version-history":[{"count":0,"href":"https:\/\/agora.xtec.cat\/escolaverd\/wp-json\/wp\/v2\/posts\/14047\/revisions"}],"wp:featuredmedia":[{"embeddable":true,"href":"https:\/\/agora.xtec.cat\/escolaverd\/wp-json\/"}],"wp:attachment":[{"href":"https:\/\/agora.xtec.cat\/escolaverd\/wp-json\/wp\/v2\/media?parent=14047"}],"wp:term":[{"taxonomy":"category","embeddable":true,"href":"https:\/\/agora.xtec.cat\/escolaverd\/wp-json\/wp\/v2\/categories?post=14047"},{"taxonomy":"post_tag","embeddable":true,"href":"https:\/\/agora.xtec.cat\/escolaverd\/wp-json\/wp\/v2\/tags?post=14047"}],"curies":[{"name":"wp","href":"https:\/\/api.w.org\/{rel}","templated":true}]}}