{"id":13690,"date":"2017-04-08T05:21:38","date_gmt":"2017-04-08T03:21:38","guid":{"rendered":"http:\/\/www.escolaverd.cat\/?p=13690"},"modified":"2017-04-08T05:21:38","modified_gmt":"2017-04-08T03:21:38","slug":"p4-la-mona-i-les-escales-de-la-catedral","status":"publish","type":"post","link":"https:\/\/agora.xtec.cat\/escolaverd\/general\/p4-la-mona-i-les-escales-de-la-catedral\/","title":{"rendered":"P4: LA MONA I LES ESCALES DE LA CATEDRAL"},"content":{"rendered":"<p>COM CADA ANY QUAN ARRIBA SETMANA SANTA, EL DIJOUS 6 D&#8217;ABRIL VAM FER UNA COSA QUE ENS AGRADA MOLT A TOTS I QUE \u00c9S PREPARAR ALGUNA COSA BONA PER MENJAR&#8230;I M\u00c9S SI AQUESTA PORTA QUELCOM DE XOCOLATA.<\/p>\n<p>PER TOTS VA SER SORPRESA COM SERIA LA MONA AQUEST ANY&#8230;UNA BERLINA AMB UN OU AL MIG ON ES GUARDAVEN PETITS TRESORS DE XOCOLATA. UNES PLOMES PER DECORAR I TAMB\u00c9 ALGUN &#8220;LACASITO&#8221;.<\/p>\n<p>MIREU QUE BONICA I QUINA PINTA QUE T\u00c9,&#8230;<\/p>\n\n<p>L&#8221;ENDEM\u00c0 DE LA MONA, ELS NENS I NENES DE \u00a0P4 VAM ANAR A VEURE LA CATEDRAL.<\/p>\n<p>UN COP PASSADA LA RAMBLA, I AL FINAL DEL CARRER DE LA FOR\u00c7A VAM ESCOLTAR LES CAMPANES DE LA CATEDRAL I TOT SEGUIT JA ENS LA VAM TROBAR AL DAVANT, MOLT ALTA I AMB L&#8217;\u00c0NGEL MIQUEL DALT DEL CAMPANAR. COM QUE EST\u00c0VEM UNA MIQUETA CANSATS VAM APROFITAR PER SEURE UNA ESTONA ABANS DE PUJAR PER LES ESCALES I COMPTAR-LES UNA PER UNA. SI, S\u00cd, HI HA 90 ESGLAONS AMB TRES REPLANS ON PODER AGAFAR AIRE PER CONTINUAR PUJANT! ENS VAM FIXAR TAMB\u00c9 AMB LA BALUSTRADA I ELS PILARS AMB LES SEVES ESFERES CORRESPONENTS.<\/p>\n<p>UN COP A DALT DE L&#8217;ESCALINATA VAM VEURE QUE ELS NENS I NENES DE P3 ENS SEGUIEN I ELS VAM FER UNA FOTO, JA, JA, JA&#8230; PER\u00d2 ARA JA NECESSIT\u00c0VEM ESMORZAR I HO VAM FER AMB UN BON TALL DE PA I XOCOLATA.<\/p>\n<p>VAM PODER ENTRAR A DINS LA CATEDRAL I VA SER MOLT EMOCIONANT PERQU\u00c9 REALMENT \u00c9S MOLT I MOLT GROSSA I ELS VITRALLS S\u00d3N MOLT M\u00c0GICS.<\/p>\n<p>ARA NOM\u00c9S ENS FALTAVA ANAR A BUSCAR LA BRUIXA ALS JARDINS DE DARRERA LA CATEDRAL I TAMB\u00c9 LA VAM SABER TROBAR! ENCARA EST\u00c0 ENGANXADA PELS PEUS A LA PARET MIRANT AVALL I AMB LA BOCA OBERTA!<\/p>\n<p>DE TORNADA A L&#8217;ESCOLA VAM APROFITAR PER PASSAR PER DOS PONTS DE GIRONA; EL PONT DE FERRO I EL PONT DE PEDRA.<\/p>\n\n","protected":false},"excerpt":{"rendered":"<p>COM CADA ANY QUAN ARRIBA SETMANA SANTA, EL DIJOUS 6 D&#8217;ABRIL VAM FER UNA COSA QUE ENS AGRADA MOLT A TOTS I QUE \u00c9S PREPARAR ALGUNA COSA BONA PER MENJAR&#8230;I M\u00c9S SI AQUESTA PORTA QUELCOM DE XOCOLATA. PER TOTS VA SER SORPRESA COM SERIA LA MONA AQUEST ANY&#8230;UNA BERLINA AMB UN OU AL MIG ON [&hellip;]<\/p>\n","protected":false},"author":19,"featured_media":13696,"comment_status":"open","ping_status":"open","sticky":false,"template":"","format":"standard","meta":{"_bbp_topic_count":0,"_bbp_reply_count":0,"_bbp_total_topic_count":0,"_bbp_total_reply_count":0,"_bbp_voice_count":0,"_bbp_anonymous_reply_count":0,"_bbp_topic_count_hidden":0,"_bbp_reply_count_hidden":0,"_bbp_forum_subforum_count":0,"site-sidebar-layout":"default","site-content-layout":"","ast-site-content-layout":"","site-content-style":"default","site-sidebar-style":"default","ast-global-header-display":"","ast-banner-title-visibility":"","ast-main-header-display":"","ast-hfb-above-header-display":"","ast-hfb-below-header-display":"","ast-hfb-mobile-header-display":"","site-post-title":"","ast-breadcrumbs-content":"","ast-featured-img":"","footer-sml-layout":"","theme-transparent-header-meta":"","adv-header-id-meta":"","stick-header-meta":"","header-above-stick-meta":"","header-main-stick-meta":"","header-below-stick-meta":"","astra-migrate-meta-layouts":"default","ast-page-background-enabled":"default","ast-page-background-meta":{"desktop":{"background-color":"var(--ast-global-color-4)","background-image":"","background-repeat":"repeat","background-position":"center center","background-size":"auto","background-attachment":"scroll","background-type":"","background-media":"","overlay-type":"","overlay-color":"","overlay-opacity":"","overlay-gradient":""},"tablet":{"background-color":"","background-image":"","background-repeat":"repeat","background-position":"center center","background-size":"auto","background-attachment":"scroll","background-type":"","background-media":"","overlay-type":"","overlay-color":"","overlay-opacity":"","overlay-gradient":""},"mobile":{"background-color":"","background-image":"","background-repeat":"repeat","background-position":"center center","background-size":"auto","background-attachment":"scroll","background-type":"","background-media":"","overlay-type":"","overlay-color":"","overlay-opacity":"","overlay-gradient":""}},"ast-content-background-meta":{"desktop":{"background-color":"var(--ast-global-color-5)","background-image":"","background-repeat":"repeat","background-position":"center center","background-size":"auto","background-attachment":"scroll","background-type":"","background-media":"","overlay-type":"","overlay-color":"","overlay-opacity":"","overlay-gradient":""},"tablet":{"background-color":"var(--ast-global-color-5)","background-image":"","background-repeat":"repeat","background-position":"center center","background-size":"auto","background-attachment":"scroll","background-type":"","background-media":"","overlay-type":"","overlay-color":"","overlay-opacity":"","overlay-gradient":""},"mobile":{"background-color":"var(--ast-global-color-5)","background-image":"","background-repeat":"repeat","background-position":"center center","background-size":"auto","background-attachment":"scroll","background-type":"","background-media":"","overlay-type":"","overlay-color":"","overlay-opacity":"","overlay-gradient":""}},"footnotes":""},"categories":[1,8,4],"tags":[],"class_list":["post-13690","post","type-post","status-publish","format-standard","has-post-thumbnail","hentry","category-general","category-i4","category-portada"],"post_mailing_queue_ids":[],"_links":{"self":[{"href":"https:\/\/agora.xtec.cat\/escolaverd\/wp-json\/wp\/v2\/posts\/13690","targetHints":{"allow":["GET"]}}],"collection":[{"href":"https:\/\/agora.xtec.cat\/escolaverd\/wp-json\/wp\/v2\/posts"}],"about":[{"href":"https:\/\/agora.xtec.cat\/escolaverd\/wp-json\/wp\/v2\/types\/post"}],"author":[{"embeddable":true,"href":"https:\/\/agora.xtec.cat\/escolaverd\/wp-json\/wp\/v2\/users\/19"}],"replies":[{"embeddable":true,"href":"https:\/\/agora.xtec.cat\/escolaverd\/wp-json\/wp\/v2\/comments?post=13690"}],"version-history":[{"count":0,"href":"https:\/\/agora.xtec.cat\/escolaverd\/wp-json\/wp\/v2\/posts\/13690\/revisions"}],"wp:featuredmedia":[{"embeddable":true,"href":"https:\/\/agora.xtec.cat\/escolaverd\/wp-json\/"}],"wp:attachment":[{"href":"https:\/\/agora.xtec.cat\/escolaverd\/wp-json\/wp\/v2\/media?parent=13690"}],"wp:term":[{"taxonomy":"category","embeddable":true,"href":"https:\/\/agora.xtec.cat\/escolaverd\/wp-json\/wp\/v2\/categories?post=13690"},{"taxonomy":"post_tag","embeddable":true,"href":"https:\/\/agora.xtec.cat\/escolaverd\/wp-json\/wp\/v2\/tags?post=13690"}],"curies":[{"name":"wp","href":"https:\/\/api.w.org\/{rel}","templated":true}]}}