{"id":12247,"date":"2017-01-12T13:36:57","date_gmt":"2017-01-12T12:36:57","guid":{"rendered":"http:\/\/www.escolaverd.cat\/?p=12247"},"modified":"2017-01-12T13:36:57","modified_gmt":"2017-01-12T12:36:57","slug":"contacontes-de-nadal","status":"publish","type":"post","link":"https:\/\/agora.xtec.cat\/escolaverd\/portada\/contacontes-de-nadal\/","title":{"rendered":"Contacontes de Nadal"},"content":{"rendered":"<p>Abans de comen\u00e7ar vacances,\u00a0 van venir la Ma. del Vilar i la Rosa M. , dues mestres que havien treballat molts anys a l&#8217;escola Verd,\u00a0 a explicar-nos molts contes.<\/p>\n<p>Us expliquem\u00a0 diferents an\u00e8cdotes :<\/p>\n<p>A Educaci\u00f3 Infantil,\u00a0 la Ma. del Vilar, ens va explicar un conte molt divertit escrit en\u00a0 angl\u00e8s!! Sort que ella en sabia molt!.<\/p>\n<p>Els alumnes de primer vam escoltar contes que ens va explicar la Rosa Maria. Que b\u00e9 que\u00a0 ens ho vam passar !!<span style=\"color: #ff0000;\"><br \/>\n<\/span><\/p>\n<p>Els nens i nenes de 2n i 3r, un conte del Per\u00fa vam escoltar.\u00a0 Quin privilegi con\u00e8ixer aquesta hist\u00f2ria, gr\u00e0cies Rosa Ma.<\/p>\n<p>A les classes de 4t, ens van explicar un conte d&#8217;uns nens que no estaven gens contents amb el regal del Pare Noel i van ser enviats al pa\u00eds dels Gnoms. Aquesta hist\u00f2ria, ens va ensenyar que hem d&#8217;estar contents amb el que tenim!<\/p>\n<p>A Cicle Superior, amb la Maria del Vilar, vam recordar contes que ella ens havia explicat de ben petits. Quins records !!!!<\/p>\n<p>Per acabar, un tastet de fotos\u00a0 d&#8217;aquells bons moments compartits.<\/p>\n<p><strong><span style=\"color: #339966;\">Mooooolt\u00edssimes gr\u00e0cies per tornar a l&#8217;escola !!!\u00a0 Fins quan vulgueu !!!<\/span><\/strong><\/p>\n\n<p>&nbsp;<\/p>\n<p>&nbsp;<\/p>\n<p>&nbsp;<\/p>\n<p>&nbsp;<\/p>\n<p>&nbsp;<\/p>\n","protected":false},"excerpt":{"rendered":"<p>Abans de comen\u00e7ar vacances,\u00a0 van venir la Ma. del Vilar i la Rosa M. , dues mestres que havien treballat molts anys a l&#8217;escola Verd,\u00a0 a explicar-nos molts contes. Us expliquem\u00a0 diferents an\u00e8cdotes : A Educaci\u00f3 Infantil,\u00a0 la Ma. del Vilar, ens va explicar un conte molt divertit escrit en\u00a0 angl\u00e8s!! Sort que ella en [&hellip;]<\/p>\n","protected":false},"author":16,"featured_media":12405,"comment_status":"open","ping_status":"open","sticky":false,"template":"","format":"standard","meta":{"_bbp_topic_count":0,"_bbp_reply_count":0,"_bbp_total_topic_count":0,"_bbp_total_reply_count":0,"_bbp_voice_count":0,"_bbp_anonymous_reply_count":0,"_bbp_topic_count_hidden":0,"_bbp_reply_count_hidden":0,"_bbp_forum_subforum_count":0,"site-sidebar-layout":"default","site-content-layout":"","ast-site-content-layout":"","site-content-style":"default","site-sidebar-style":"default","ast-global-header-display":"","ast-banner-title-visibility":"","ast-main-header-display":"","ast-hfb-above-header-display":"","ast-hfb-below-header-display":"","ast-hfb-mobile-header-display":"","site-post-title":"","ast-breadcrumbs-content":"","ast-featured-img":"","footer-sml-layout":"","theme-transparent-header-meta":"","adv-header-id-meta":"","stick-header-meta":"","header-above-stick-meta":"","header-main-stick-meta":"","header-below-stick-meta":"","astra-migrate-meta-layouts":"default","ast-page-background-enabled":"default","ast-page-background-meta":{"desktop":{"background-color":"var(--ast-global-color-4)","background-image":"","background-repeat":"repeat","background-position":"center center","background-size":"auto","background-attachment":"scroll","background-type":"","background-media":"","overlay-type":"","overlay-color":"","overlay-opacity":"","overlay-gradient":""},"tablet":{"background-color":"","background-image":"","background-repeat":"repeat","background-position":"center center","background-size":"auto","background-attachment":"scroll","background-type":"","background-media":"","overlay-type":"","overlay-color":"","overlay-opacity":"","overlay-gradient":""},"mobile":{"background-color":"","background-image":"","background-repeat":"repeat","background-position":"center center","background-size":"auto","background-attachment":"scroll","background-type":"","background-media":"","overlay-type":"","overlay-color":"","overlay-opacity":"","overlay-gradient":""}},"ast-content-background-meta":{"desktop":{"background-color":"var(--ast-global-color-5)","background-image":"","background-repeat":"repeat","background-position":"center center","background-size":"auto","background-attachment":"scroll","background-type":"","background-media":"","overlay-type":"","overlay-color":"","overlay-opacity":"","overlay-gradient":""},"tablet":{"background-color":"var(--ast-global-color-5)","background-image":"","background-repeat":"repeat","background-position":"center center","background-size":"auto","background-attachment":"scroll","background-type":"","background-media":"","overlay-type":"","overlay-color":"","overlay-opacity":"","overlay-gradient":""},"mobile":{"background-color":"var(--ast-global-color-5)","background-image":"","background-repeat":"repeat","background-position":"center center","background-size":"auto","background-attachment":"scroll","background-type":"","background-media":"","overlay-type":"","overlay-color":"","overlay-opacity":"","overlay-gradient":""}},"footnotes":""},"categories":[136,4],"tags":[],"class_list":["post-12247","post","type-post","status-publish","format-standard","has-post-thumbnail","hentry","category-biblioteca-verd","category-portada"],"post_mailing_queue_ids":[],"_links":{"self":[{"href":"https:\/\/agora.xtec.cat\/escolaverd\/wp-json\/wp\/v2\/posts\/12247","targetHints":{"allow":["GET"]}}],"collection":[{"href":"https:\/\/agora.xtec.cat\/escolaverd\/wp-json\/wp\/v2\/posts"}],"about":[{"href":"https:\/\/agora.xtec.cat\/escolaverd\/wp-json\/wp\/v2\/types\/post"}],"author":[{"embeddable":true,"href":"https:\/\/agora.xtec.cat\/escolaverd\/wp-json\/wp\/v2\/users\/16"}],"replies":[{"embeddable":true,"href":"https:\/\/agora.xtec.cat\/escolaverd\/wp-json\/wp\/v2\/comments?post=12247"}],"version-history":[{"count":0,"href":"https:\/\/agora.xtec.cat\/escolaverd\/wp-json\/wp\/v2\/posts\/12247\/revisions"}],"wp:featuredmedia":[{"embeddable":true,"href":"https:\/\/agora.xtec.cat\/escolaverd\/wp-json\/"}],"wp:attachment":[{"href":"https:\/\/agora.xtec.cat\/escolaverd\/wp-json\/wp\/v2\/media?parent=12247"}],"wp:term":[{"taxonomy":"category","embeddable":true,"href":"https:\/\/agora.xtec.cat\/escolaverd\/wp-json\/wp\/v2\/categories?post=12247"},{"taxonomy":"post_tag","embeddable":true,"href":"https:\/\/agora.xtec.cat\/escolaverd\/wp-json\/wp\/v2\/tags?post=12247"}],"curies":[{"name":"wp","href":"https:\/\/api.w.org\/{rel}","templated":true}]}}