{"id":11931,"date":"2016-12-08T21:15:09","date_gmt":"2016-12-08T20:15:09","guid":{"rendered":"http:\/\/www.escolaverd.cat\/?p=11931"},"modified":"2016-12-08T21:15:09","modified_gmt":"2016-12-08T20:15:09","slug":"els-refugiats","status":"publish","type":"post","link":"https:\/\/agora.xtec.cat\/escolaverd\/general\/els-refugiats\/","title":{"rendered":"Els refugiats"},"content":{"rendered":"\n<p>&nbsp;<\/p>\n<p>El dia 22 de novembre, en Marc Bofill, un fotoperiodista catal\u00e0, ens va venir a explicar la seva experi\u00e8ncia com a fot\u00f2graf de guerra, per donar a con\u00e8ixer el drama dels refugiats que marxen de les seves cases; la majoria a causa de la guerra.<\/p>\n<p>Va parlar de les guerres del m\u00f3n, moltes d&#8217;elles invisibles i dels refugiats que provoquen. Tamb\u00e9 ens va ensenyar fotografies del poble saharaui i dels refugiats que v\u00e9nen de S\u00edria.<\/p>\n<p>Totes les imatges les havia fet en Marc, enmig de situacions ben perilloses.<\/p>\n<p>&nbsp;<\/p>\n<p>A la classe n&#8217;hem parlat i hem dit el seg\u00fcent:<\/p>\n<p><span style=\"color: #ff6600;\"><strong>Qu\u00e8 em va impressionar?<\/strong><\/span><\/p>\n<p>Hi ha moltes m\u00e9s guerres de les que ens pensem. S\u00f3n guerres invisibles ja que ning\u00fa en parla.<\/p>\n<p>Les mines antipersona.<\/p>\n<p>La situaci\u00f3 de la gent que est\u00e0 en guerra, dels refugiats que se n\u2019escapen&#8230;<\/p>\n<p>La rivalitat dels pa\u00efsos que estaven en guerra i la desconfian\u00e7a m\u00fatua.<\/p>\n<p>Que el fotoperiodista fos tan valent i fes fotos en plena guerra, davant d\u2019un tanc&#8230;<\/p>\n<p>El 80% dels morts en una guerra s\u00f3n poblaci\u00f3 civil.<\/p>\n<p>Tanta gent caminant per les vies sense poder pujar als trens o als autobusos.<\/p>\n<p>Que als refugiats els agrad\u00e9s que els fessin fotos. Aix\u00ed tothom pot saber qu\u00e8 els passa i aix\u00ed hi ha gent que fa petites ajudes.<\/p>\n<p>Que els refugiats tinguin tanta esperan\u00e7a.<\/p>\n<p>Alguns soldats no s\u00f3n tan dolents.<\/p>\n<p>Hi ha molta gent volunt\u00e0ria que col\u00b7labora per\u00f2 els governs no fan res.<\/p>\n<p>&nbsp;<\/p>\n<p><span style=\"color: #ff6600;\"><strong>Per qu\u00e8 \u00e9s important que hi hagi fotoperiodistes?<\/strong><\/span><\/p>\n<p>Perqu\u00e8 tothom s\u00e0piga les diferents situacions i problemes que viu la gent i pugui ajudar-los.<\/p>\n<p>Per denunciar les injust\u00edcies que provoquen els governs.<\/p>\n<p>&nbsp;<\/p>\n<p><span style=\"color: #ff6600;\"><strong>Com s\u2019hauria de solucionar el problema dels refugiats?<\/strong><\/span><\/p>\n<p>Dialogant les diferents parts que estan en guerra, per resoldre els conflictes en pau.<\/p>\n<p>Els governs haurien de reaccionar i acollir els refugiats.<\/p>\n<p>Tots ens haur\u00edem d\u2019informar per saber com els podem ajudar.<\/p>\n","protected":false},"excerpt":{"rendered":"<p>&nbsp; El dia 22 de novembre, en Marc Bofill, un fotoperiodista catal\u00e0, ens va venir a explicar la seva experi\u00e8ncia com a fot\u00f2graf de guerra, per donar a con\u00e8ixer el drama dels refugiats que marxen de les seves cases; la majoria a causa de la guerra. Va parlar de les guerres del m\u00f3n, moltes d&#8217;elles [&hellip;]<\/p>\n","protected":false},"author":16,"featured_media":12016,"comment_status":"open","ping_status":"open","sticky":false,"template":"","format":"standard","meta":{"_bbp_topic_count":0,"_bbp_reply_count":0,"_bbp_total_topic_count":0,"_bbp_total_reply_count":0,"_bbp_voice_count":0,"_bbp_anonymous_reply_count":0,"_bbp_topic_count_hidden":0,"_bbp_reply_count_hidden":0,"_bbp_forum_subforum_count":0,"site-sidebar-layout":"default","site-content-layout":"","ast-site-content-layout":"","site-content-style":"default","site-sidebar-style":"default","ast-global-header-display":"","ast-banner-title-visibility":"","ast-main-header-display":"","ast-hfb-above-header-display":"","ast-hfb-below-header-display":"","ast-hfb-mobile-header-display":"","site-post-title":"","ast-breadcrumbs-content":"","ast-featured-img":"","footer-sml-layout":"","theme-transparent-header-meta":"","adv-header-id-meta":"","stick-header-meta":"","header-above-stick-meta":"","header-main-stick-meta":"","header-below-stick-meta":"","astra-migrate-meta-layouts":"default","ast-page-background-enabled":"default","ast-page-background-meta":{"desktop":{"background-color":"var(--ast-global-color-4)","background-image":"","background-repeat":"repeat","background-position":"center center","background-size":"auto","background-attachment":"scroll","background-type":"","background-media":"","overlay-type":"","overlay-color":"","overlay-opacity":"","overlay-gradient":""},"tablet":{"background-color":"","background-image":"","background-repeat":"repeat","background-position":"center center","background-size":"auto","background-attachment":"scroll","background-type":"","background-media":"","overlay-type":"","overlay-color":"","overlay-opacity":"","overlay-gradient":""},"mobile":{"background-color":"","background-image":"","background-repeat":"repeat","background-position":"center center","background-size":"auto","background-attachment":"scroll","background-type":"","background-media":"","overlay-type":"","overlay-color":"","overlay-opacity":"","overlay-gradient":""}},"ast-content-background-meta":{"desktop":{"background-color":"var(--ast-global-color-5)","background-image":"","background-repeat":"repeat","background-position":"center center","background-size":"auto","background-attachment":"scroll","background-type":"","background-media":"","overlay-type":"","overlay-color":"","overlay-opacity":"","overlay-gradient":""},"tablet":{"background-color":"var(--ast-global-color-5)","background-image":"","background-repeat":"repeat","background-position":"center center","background-size":"auto","background-attachment":"scroll","background-type":"","background-media":"","overlay-type":"","overlay-color":"","overlay-opacity":"","overlay-gradient":""},"mobile":{"background-color":"var(--ast-global-color-5)","background-image":"","background-repeat":"repeat","background-position":"center center","background-size":"auto","background-attachment":"scroll","background-type":"","background-media":"","overlay-type":"","overlay-color":"","overlay-opacity":"","overlay-gradient":""}},"footnotes":""},"categories":[15,1,4],"tags":[],"class_list":["post-11931","post","type-post","status-publish","format-standard","has-post-thumbnail","hentry","category-6e","category-general","category-portada"],"post_mailing_queue_ids":[],"_links":{"self":[{"href":"https:\/\/agora.xtec.cat\/escolaverd\/wp-json\/wp\/v2\/posts\/11931","targetHints":{"allow":["GET"]}}],"collection":[{"href":"https:\/\/agora.xtec.cat\/escolaverd\/wp-json\/wp\/v2\/posts"}],"about":[{"href":"https:\/\/agora.xtec.cat\/escolaverd\/wp-json\/wp\/v2\/types\/post"}],"author":[{"embeddable":true,"href":"https:\/\/agora.xtec.cat\/escolaverd\/wp-json\/wp\/v2\/users\/16"}],"replies":[{"embeddable":true,"href":"https:\/\/agora.xtec.cat\/escolaverd\/wp-json\/wp\/v2\/comments?post=11931"}],"version-history":[{"count":0,"href":"https:\/\/agora.xtec.cat\/escolaverd\/wp-json\/wp\/v2\/posts\/11931\/revisions"}],"wp:featuredmedia":[{"embeddable":true,"href":"https:\/\/agora.xtec.cat\/escolaverd\/wp-json\/"}],"wp:attachment":[{"href":"https:\/\/agora.xtec.cat\/escolaverd\/wp-json\/wp\/v2\/media?parent=11931"}],"wp:term":[{"taxonomy":"category","embeddable":true,"href":"https:\/\/agora.xtec.cat\/escolaverd\/wp-json\/wp\/v2\/categories?post=11931"},{"taxonomy":"post_tag","embeddable":true,"href":"https:\/\/agora.xtec.cat\/escolaverd\/wp-json\/wp\/v2\/tags?post=11931"}],"curies":[{"name":"wp","href":"https:\/\/api.w.org\/{rel}","templated":true}]}}