{"id":11916,"date":"2016-12-01T15:40:24","date_gmt":"2016-12-01T14:40:24","guid":{"rendered":"http:\/\/www.escolaverd.cat\/?p=11916"},"modified":"2016-12-01T15:40:24","modified_gmt":"2016-12-01T14:40:24","slug":"novetats-daquest-mes-a-la-biblioteca","status":"publish","type":"post","link":"https:\/\/agora.xtec.cat\/escolaverd\/general\/novetats-daquest-mes-a-la-biblioteca\/","title":{"rendered":"Novetats d&#8217;aquest mes a la biblioteca"},"content":{"rendered":"<p>Encetem un nou mes, i com ja sabeu, tenim novetats interessants.<\/p>\n<p>Hi ha dos contes de meteorologia especialment pensats pels alumnes d&#8217;infantil, ja que a P3 s\u00f3n la classe del Sol, P4 la Lluna i P5 les Estrelles.<\/p>\n<p>N&#8217;hi ha un de tenebr\u00f3s que els nens i nenes del club de lectura de 6\u00e8 ja fan cua per poder-se&#8217;l endur de pr\u00e9stec&#8230; perqu\u00e8 \u00e9s de Neil Gaiman, el mateix autor del llibre de Coraline que estan llegint al club.<\/p>\n<p>Per\u00f2 ens agrada especialment <strong><em>El jard\u00ed de les meravelles<\/em><\/strong>, un llibre maqu\u00edssim. Mireu la foto de la portada! I si en voleu llegir la ressenya, cliqueu-hi al damunt.<\/p>\n<p><a title=\"El jard\u00ed de les meravelles\" href=\"https:\/\/sites.google.com\/site\/bibliotequesdelgirones\/recomanem\" target=\"_blank\" rel=\"noopener\"><img loading=\"lazy\" decoding=\"async\" class=\"aligncenter size-full wp-image-11917\" src=\"http:\/\/www.escolaverd.cat\/wp-content\/uploads\/2016\/12\/jardin-maravillas.jpg\" alt=\"jardin-maravillas\" width=\"200\" height=\"200\" \/><\/a><\/p>\n<p>&nbsp;<\/p>\n<p>Totes aquestes novetats les trobareu a la guia que us hem fet dins el nostre cat\u00e0leg, la pots mirar-la \u00a0a <a href=\"https:\/\/aplicacions.gestioeducativa.gencat.cat\/epergam\/web\/biblioteca.jsp\">aqu\u00ed<\/a>.<\/p>\n<p>Esperem que us agradin!<\/p>\n","protected":false},"excerpt":{"rendered":"<p>Encetem un nou mes, i com ja sabeu, tenim novetats interessants. Hi ha dos contes de meteorologia especialment pensats pels alumnes d&#8217;infantil, ja que a P3 s\u00f3n la classe del Sol, P4 la Lluna i P5 les Estrelles. N&#8217;hi ha un de tenebr\u00f3s que els nens i nenes del club de lectura de 6\u00e8 ja [&hellip;]<\/p>\n","protected":false},"author":16,"featured_media":11917,"comment_status":"open","ping_status":"open","sticky":false,"template":"","format":"standard","meta":{"_bbp_topic_count":0,"_bbp_reply_count":0,"_bbp_total_topic_count":0,"_bbp_total_reply_count":0,"_bbp_voice_count":0,"_bbp_anonymous_reply_count":0,"_bbp_topic_count_hidden":0,"_bbp_reply_count_hidden":0,"_bbp_forum_subforum_count":0,"site-sidebar-layout":"default","site-content-layout":"","ast-site-content-layout":"","site-content-style":"default","site-sidebar-style":"default","ast-global-header-display":"","ast-banner-title-visibility":"","ast-main-header-display":"","ast-hfb-above-header-display":"","ast-hfb-below-header-display":"","ast-hfb-mobile-header-display":"","site-post-title":"","ast-breadcrumbs-content":"","ast-featured-img":"","footer-sml-layout":"","theme-transparent-header-meta":"","adv-header-id-meta":"","stick-header-meta":"","header-above-stick-meta":"","header-main-stick-meta":"","header-below-stick-meta":"","astra-migrate-meta-layouts":"default","ast-page-background-enabled":"default","ast-page-background-meta":{"desktop":{"background-color":"var(--ast-global-color-4)","background-image":"","background-repeat":"repeat","background-position":"center center","background-size":"auto","background-attachment":"scroll","background-type":"","background-media":"","overlay-type":"","overlay-color":"","overlay-opacity":"","overlay-gradient":""},"tablet":{"background-color":"","background-image":"","background-repeat":"repeat","background-position":"center center","background-size":"auto","background-attachment":"scroll","background-type":"","background-media":"","overlay-type":"","overlay-color":"","overlay-opacity":"","overlay-gradient":""},"mobile":{"background-color":"","background-image":"","background-repeat":"repeat","background-position":"center center","background-size":"auto","background-attachment":"scroll","background-type":"","background-media":"","overlay-type":"","overlay-color":"","overlay-opacity":"","overlay-gradient":""}},"ast-content-background-meta":{"desktop":{"background-color":"var(--ast-global-color-5)","background-image":"","background-repeat":"repeat","background-position":"center center","background-size":"auto","background-attachment":"scroll","background-type":"","background-media":"","overlay-type":"","overlay-color":"","overlay-opacity":"","overlay-gradient":""},"tablet":{"background-color":"var(--ast-global-color-5)","background-image":"","background-repeat":"repeat","background-position":"center center","background-size":"auto","background-attachment":"scroll","background-type":"","background-media":"","overlay-type":"","overlay-color":"","overlay-opacity":"","overlay-gradient":""},"mobile":{"background-color":"var(--ast-global-color-5)","background-image":"","background-repeat":"repeat","background-position":"center center","background-size":"auto","background-attachment":"scroll","background-type":"","background-media":"","overlay-type":"","overlay-color":"","overlay-opacity":"","overlay-gradient":""}},"footnotes":""},"categories":[136,1,4],"tags":[],"class_list":["post-11916","post","type-post","status-publish","format-standard","has-post-thumbnail","hentry","category-biblioteca-verd","category-general","category-portada"],"post_mailing_queue_ids":[],"_links":{"self":[{"href":"https:\/\/agora.xtec.cat\/escolaverd\/wp-json\/wp\/v2\/posts\/11916","targetHints":{"allow":["GET"]}}],"collection":[{"href":"https:\/\/agora.xtec.cat\/escolaverd\/wp-json\/wp\/v2\/posts"}],"about":[{"href":"https:\/\/agora.xtec.cat\/escolaverd\/wp-json\/wp\/v2\/types\/post"}],"author":[{"embeddable":true,"href":"https:\/\/agora.xtec.cat\/escolaverd\/wp-json\/wp\/v2\/users\/16"}],"replies":[{"embeddable":true,"href":"https:\/\/agora.xtec.cat\/escolaverd\/wp-json\/wp\/v2\/comments?post=11916"}],"version-history":[{"count":0,"href":"https:\/\/agora.xtec.cat\/escolaverd\/wp-json\/wp\/v2\/posts\/11916\/revisions"}],"wp:featuredmedia":[{"embeddable":true,"href":"https:\/\/agora.xtec.cat\/escolaverd\/wp-json\/"}],"wp:attachment":[{"href":"https:\/\/agora.xtec.cat\/escolaverd\/wp-json\/wp\/v2\/media?parent=11916"}],"wp:term":[{"taxonomy":"category","embeddable":true,"href":"https:\/\/agora.xtec.cat\/escolaverd\/wp-json\/wp\/v2\/categories?post=11916"},{"taxonomy":"post_tag","embeddable":true,"href":"https:\/\/agora.xtec.cat\/escolaverd\/wp-json\/wp\/v2\/tags?post=11916"}],"curies":[{"name":"wp","href":"https:\/\/api.w.org\/{rel}","templated":true}]}}