{"id":11682,"date":"2016-11-14T09:46:27","date_gmt":"2016-11-14T08:46:27","guid":{"rendered":"http:\/\/www.escolaverd.cat\/?p=11682"},"modified":"2016-11-14T09:46:27","modified_gmt":"2016-11-14T08:46:27","slug":"fem-una-maqueta-del-girones-i","status":"publish","type":"post","link":"https:\/\/agora.xtec.cat\/escolaverd\/general\/fem-una-maqueta-del-girones-i\/","title":{"rendered":"Fem una maqueta del Giron\u00e8s (I)"},"content":{"rendered":"<p>Sabeu qu\u00e8 \u00e9s una maqueta? \u00c9s una representaci\u00f3, en tres dimensions i petita, d&#8217;un lloc, un objecte, un edifici &#8230;<\/p>\n<p>Nosaltres n&#8217;estem fent una del Giron\u00e8s. El primer que es necessita per fer una maqueta \u00e9s un mapa i en Ferran, el pare d&#8217;en Pau i en Joan, que \u00e9s ge\u00f2graf, ens en va enviar un. Era un mapa topogr\u00e0fic molt gran, a peces, perqu\u00e8 el pogu\u00e9ssim imprimir. La primera feina va ser enganxar les peces del mapa.<\/p>\n<p>Vam marcar els l\u00edmits del Giron\u00e8s i vam comen\u00e7ar a reseguir les corbes de nivell. Aquestes l\u00ednies marquen l&#8217;altura del terreny. El nostre mapa marcava les corbes \u00a0de 100, 200, 300&#8230; metres. Va ser una mica dif\u00edcil perqu\u00e8 a vegades les l\u00ednies desapareixien al mig dels rius, carreteres o\u00a0vies, i ens costava trobar la continuaci\u00f3. Despr\u00e9s vam pintar\u00a0les capes de diferents colors en funci\u00f3 de l&#8217;al\u00e7ada que representaven.<\/p>\n<p>Una vegada acabat de pintar hem vist que al nord-oest hi ha les muntanyes m\u00e9s altes del Giron\u00e8s perqu\u00e8 hi ha moltes corbes juntes i de molts colors diferents. Tamb\u00e9 hem vist que Girona est\u00e0 situada en una plana amb turons al voltant . Les comunicacions tamb\u00e9 passen per les planes.<\/p>\n<p>Per acabar \u00a0la primera fase de la maqueta vam retallar el contorn del Giron\u00e8s i el vam marcar a sobre d&#8217;una fusta que ser\u00e0 la base de la maqueta. Ara ja podem comen\u00e7ar a fer les diferents capes amb suro. Farem servir una serra de marqueteria.<\/p>\n\n","protected":false},"excerpt":{"rendered":"<p>Sabeu qu\u00e8 \u00e9s una maqueta? \u00c9s una representaci\u00f3, en tres dimensions i petita, d&#8217;un lloc, un objecte, un edifici &#8230; Nosaltres n&#8217;estem fent una del Giron\u00e8s. El primer que es necessita per fer una maqueta \u00e9s un mapa i en Ferran, el pare d&#8217;en Pau i en Joan, que \u00e9s ge\u00f2graf, ens en va enviar [&hellip;]<\/p>\n","protected":false},"author":16,"featured_media":11688,"comment_status":"open","ping_status":"open","sticky":false,"template":"","format":"standard","meta":{"_bbp_topic_count":0,"_bbp_reply_count":0,"_bbp_total_topic_count":0,"_bbp_total_reply_count":0,"_bbp_voice_count":0,"_bbp_anonymous_reply_count":0,"_bbp_topic_count_hidden":0,"_bbp_reply_count_hidden":0,"_bbp_forum_subforum_count":0,"site-sidebar-layout":"default","site-content-layout":"","ast-site-content-layout":"","site-content-style":"default","site-sidebar-style":"default","ast-global-header-display":"","ast-banner-title-visibility":"","ast-main-header-display":"","ast-hfb-above-header-display":"","ast-hfb-below-header-display":"","ast-hfb-mobile-header-display":"","site-post-title":"","ast-breadcrumbs-content":"","ast-featured-img":"","footer-sml-layout":"","theme-transparent-header-meta":"","adv-header-id-meta":"","stick-header-meta":"","header-above-stick-meta":"","header-main-stick-meta":"","header-below-stick-meta":"","astra-migrate-meta-layouts":"default","ast-page-background-enabled":"default","ast-page-background-meta":{"desktop":{"background-color":"var(--ast-global-color-4)","background-image":"","background-repeat":"repeat","background-position":"center center","background-size":"auto","background-attachment":"scroll","background-type":"","background-media":"","overlay-type":"","overlay-color":"","overlay-opacity":"","overlay-gradient":""},"tablet":{"background-color":"","background-image":"","background-repeat":"repeat","background-position":"center center","background-size":"auto","background-attachment":"scroll","background-type":"","background-media":"","overlay-type":"","overlay-color":"","overlay-opacity":"","overlay-gradient":""},"mobile":{"background-color":"","background-image":"","background-repeat":"repeat","background-position":"center center","background-size":"auto","background-attachment":"scroll","background-type":"","background-media":"","overlay-type":"","overlay-color":"","overlay-opacity":"","overlay-gradient":""}},"ast-content-background-meta":{"desktop":{"background-color":"var(--ast-global-color-5)","background-image":"","background-repeat":"repeat","background-position":"center center","background-size":"auto","background-attachment":"scroll","background-type":"","background-media":"","overlay-type":"","overlay-color":"","overlay-opacity":"","overlay-gradient":""},"tablet":{"background-color":"var(--ast-global-color-5)","background-image":"","background-repeat":"repeat","background-position":"center center","background-size":"auto","background-attachment":"scroll","background-type":"","background-media":"","overlay-type":"","overlay-color":"","overlay-opacity":"","overlay-gradient":""},"mobile":{"background-color":"var(--ast-global-color-5)","background-image":"","background-repeat":"repeat","background-position":"center center","background-size":"auto","background-attachment":"scroll","background-type":"","background-media":"","overlay-type":"","overlay-color":"","overlay-opacity":"","overlay-gradient":""}},"footnotes":""},"categories":[69,1,4],"tags":[],"class_list":["post-11682","post","type-post","status-publish","format-standard","has-post-thumbnail","hentry","category-4t","category-general","category-portada"],"post_mailing_queue_ids":[],"_links":{"self":[{"href":"https:\/\/agora.xtec.cat\/escolaverd\/wp-json\/wp\/v2\/posts\/11682","targetHints":{"allow":["GET"]}}],"collection":[{"href":"https:\/\/agora.xtec.cat\/escolaverd\/wp-json\/wp\/v2\/posts"}],"about":[{"href":"https:\/\/agora.xtec.cat\/escolaverd\/wp-json\/wp\/v2\/types\/post"}],"author":[{"embeddable":true,"href":"https:\/\/agora.xtec.cat\/escolaverd\/wp-json\/wp\/v2\/users\/16"}],"replies":[{"embeddable":true,"href":"https:\/\/agora.xtec.cat\/escolaverd\/wp-json\/wp\/v2\/comments?post=11682"}],"version-history":[{"count":0,"href":"https:\/\/agora.xtec.cat\/escolaverd\/wp-json\/wp\/v2\/posts\/11682\/revisions"}],"wp:featuredmedia":[{"embeddable":true,"href":"https:\/\/agora.xtec.cat\/escolaverd\/wp-json\/"}],"wp:attachment":[{"href":"https:\/\/agora.xtec.cat\/escolaverd\/wp-json\/wp\/v2\/media?parent=11682"}],"wp:term":[{"taxonomy":"category","embeddable":true,"href":"https:\/\/agora.xtec.cat\/escolaverd\/wp-json\/wp\/v2\/categories?post=11682"},{"taxonomy":"post_tag","embeddable":true,"href":"https:\/\/agora.xtec.cat\/escolaverd\/wp-json\/wp\/v2\/tags?post=11682"}],"curies":[{"name":"wp","href":"https:\/\/api.w.org\/{rel}","templated":true}]}}