{"id":11404,"date":"2016-10-26T09:00:31","date_gmt":"2016-10-26T07:00:31","guid":{"rendered":"http:\/\/www.escolaverd.cat\/?p=11404"},"modified":"2016-10-26T09:00:31","modified_gmt":"2016-10-26T07:00:31","slug":"contes-tradicionals","status":"publish","type":"post","link":"https:\/\/agora.xtec.cat\/escolaverd\/general\/contes-tradicionals\/","title":{"rendered":"Contes tradicionals"},"content":{"rendered":"<p>Una de les activitats de dinamitzaci\u00f3 lectora amb les que hem volgut comen\u00e7ar el curs ha estat una pel\u00b7l\u00edcula. Pensareu que potser hagu\u00e9s estat m\u00e9s adient comen\u00e7ar amb un conte, oi? I \u00e9s que aquesta pel\u00b7l\u00edcula est\u00e0 basada amb l&#8217;\u00e0lbum il\u00b7lustrat de <strong>Nat i el secret de l&#8217;Esperan\u00e7a,<\/strong> escrit per l&#8217;<em>Anik Le Ray<\/em> i fant\u00e0sticament il\u00b7lustrat per la<em> R\u00e9becca Dautremer.<\/em><\/p>\n<p><a href=\"http:\/\/www.escolaverd.cat\/wp-content\/uploads\/2016\/10\/kerity_la_maison_des_contes_eleonore_s_secret-274289040-large.jpg\"><img loading=\"lazy\" decoding=\"async\" class=\"  wp-image-11405 aligncenter\" src=\"http:\/\/www.escolaverd.cat\/wp-content\/uploads\/2016\/10\/kerity_la_maison_des_contes_eleonore_s_secret-274289040-large-262x350.jpg\" alt=\"kerity_la_maison_des_contes_eleonore_s_secret-274289040-large\" width=\"173\" height=\"231\" \/><\/a><\/p>\n<p>Tracta de les aventures del protagonista per salvar una biblioteca molt curiosa i plena de secrets que deixa a la fam\u00edlia d&#8217;en Nat l&#8217;\u00e0via Esperan\u00e7a. Una hist\u00f2ria que ens ha fet reflexionar sobre el valor dels llibres d&#8217;una manera molt m\u00e0gica.<\/p>\n<p>Posteriorment, hem inventat un altre final per a la hist\u00f2ria, hem recordat els llibres que lleg\u00edem quan \u00e9rem petits i tot just comen\u00e7\u00e0vem a aprendre a llegir, i els personatges que encara recordem perqu\u00e8 ens van impressionar. \u00c9s per aix\u00f2 que actualment tenim una exposici\u00f3 que vol reproduir la biblioteca de l&#8217;Esperan\u00e7a, amb tot de contes tradicionals, que sembla que quan ens fem grans ja no els recordem per\u00f2 que ens porten bons records si els rellegim.<\/p>\n\n","protected":false},"excerpt":{"rendered":"<p>Una de les activitats de dinamitzaci\u00f3 lectora amb les que hem volgut comen\u00e7ar el curs ha estat una pel\u00b7l\u00edcula. Pensareu que potser hagu\u00e9s estat m\u00e9s adient comen\u00e7ar amb un conte, oi? I \u00e9s que aquesta pel\u00b7l\u00edcula est\u00e0 basada amb l&#8217;\u00e0lbum il\u00b7lustrat de Nat i el secret de l&#8217;Esperan\u00e7a, escrit per l&#8217;Anik Le Ray i fant\u00e0sticament [&hellip;]<\/p>\n","protected":false},"author":16,"featured_media":11406,"comment_status":"open","ping_status":"open","sticky":false,"template":"","format":"standard","meta":{"_bbp_topic_count":0,"_bbp_reply_count":0,"_bbp_total_topic_count":0,"_bbp_total_reply_count":0,"_bbp_voice_count":0,"_bbp_anonymous_reply_count":0,"_bbp_topic_count_hidden":0,"_bbp_reply_count_hidden":0,"_bbp_forum_subforum_count":0,"site-sidebar-layout":"default","site-content-layout":"","ast-site-content-layout":"","site-content-style":"default","site-sidebar-style":"default","ast-global-header-display":"","ast-banner-title-visibility":"","ast-main-header-display":"","ast-hfb-above-header-display":"","ast-hfb-below-header-display":"","ast-hfb-mobile-header-display":"","site-post-title":"","ast-breadcrumbs-content":"","ast-featured-img":"","footer-sml-layout":"","theme-transparent-header-meta":"","adv-header-id-meta":"","stick-header-meta":"","header-above-stick-meta":"","header-main-stick-meta":"","header-below-stick-meta":"","astra-migrate-meta-layouts":"default","ast-page-background-enabled":"default","ast-page-background-meta":{"desktop":{"background-color":"var(--ast-global-color-4)","background-image":"","background-repeat":"repeat","background-position":"center center","background-size":"auto","background-attachment":"scroll","background-type":"","background-media":"","overlay-type":"","overlay-color":"","overlay-opacity":"","overlay-gradient":""},"tablet":{"background-color":"","background-image":"","background-repeat":"repeat","background-position":"center center","background-size":"auto","background-attachment":"scroll","background-type":"","background-media":"","overlay-type":"","overlay-color":"","overlay-opacity":"","overlay-gradient":""},"mobile":{"background-color":"","background-image":"","background-repeat":"repeat","background-position":"center center","background-size":"auto","background-attachment":"scroll","background-type":"","background-media":"","overlay-type":"","overlay-color":"","overlay-opacity":"","overlay-gradient":""}},"ast-content-background-meta":{"desktop":{"background-color":"var(--ast-global-color-5)","background-image":"","background-repeat":"repeat","background-position":"center center","background-size":"auto","background-attachment":"scroll","background-type":"","background-media":"","overlay-type":"","overlay-color":"","overlay-opacity":"","overlay-gradient":""},"tablet":{"background-color":"var(--ast-global-color-5)","background-image":"","background-repeat":"repeat","background-position":"center center","background-size":"auto","background-attachment":"scroll","background-type":"","background-media":"","overlay-type":"","overlay-color":"","overlay-opacity":"","overlay-gradient":""},"mobile":{"background-color":"var(--ast-global-color-5)","background-image":"","background-repeat":"repeat","background-position":"center center","background-size":"auto","background-attachment":"scroll","background-type":"","background-media":"","overlay-type":"","overlay-color":"","overlay-opacity":"","overlay-gradient":""}},"footnotes":""},"categories":[136,1],"tags":[],"class_list":["post-11404","post","type-post","status-publish","format-standard","has-post-thumbnail","hentry","category-biblioteca-verd","category-general"],"post_mailing_queue_ids":[],"_links":{"self":[{"href":"https:\/\/agora.xtec.cat\/escolaverd\/wp-json\/wp\/v2\/posts\/11404","targetHints":{"allow":["GET"]}}],"collection":[{"href":"https:\/\/agora.xtec.cat\/escolaverd\/wp-json\/wp\/v2\/posts"}],"about":[{"href":"https:\/\/agora.xtec.cat\/escolaverd\/wp-json\/wp\/v2\/types\/post"}],"author":[{"embeddable":true,"href":"https:\/\/agora.xtec.cat\/escolaverd\/wp-json\/wp\/v2\/users\/16"}],"replies":[{"embeddable":true,"href":"https:\/\/agora.xtec.cat\/escolaverd\/wp-json\/wp\/v2\/comments?post=11404"}],"version-history":[{"count":0,"href":"https:\/\/agora.xtec.cat\/escolaverd\/wp-json\/wp\/v2\/posts\/11404\/revisions"}],"wp:featuredmedia":[{"embeddable":true,"href":"https:\/\/agora.xtec.cat\/escolaverd\/wp-json\/"}],"wp:attachment":[{"href":"https:\/\/agora.xtec.cat\/escolaverd\/wp-json\/wp\/v2\/media?parent=11404"}],"wp:term":[{"taxonomy":"category","embeddable":true,"href":"https:\/\/agora.xtec.cat\/escolaverd\/wp-json\/wp\/v2\/categories?post=11404"},{"taxonomy":"post_tag","embeddable":true,"href":"https:\/\/agora.xtec.cat\/escolaverd\/wp-json\/wp\/v2\/tags?post=11404"}],"curies":[{"name":"wp","href":"https:\/\/api.w.org\/{rel}","templated":true}]}}