{"id":10341,"date":"2016-05-09T14:51:03","date_gmt":"2016-05-09T12:51:03","guid":{"rendered":"http:\/\/www.escolaverd.cat\/?p=10341"},"modified":"2016-05-09T14:51:03","modified_gmt":"2016-05-09T12:51:03","slug":"la-practicant-de-3r","status":"publish","type":"post","link":"https:\/\/agora.xtec.cat\/escolaverd\/general\/la-practicant-de-3r\/","title":{"rendered":"La practicant de 3r"},"content":{"rendered":"<p><a href=\"http:\/\/www.escolaverd.cat\/wp-content\/uploads\/2016\/05\/DSC04721.jpg\"><img loading=\"lazy\" decoding=\"async\" class=\"  wp-image-10342 alignright\" src=\"http:\/\/www.escolaverd.cat\/wp-content\/uploads\/2016\/05\/DSC04721-350x233.jpg\" alt=\"DSC04721\" width=\"191\" height=\"127\" \/><\/a>Aquest curs els nens i nenes de 3r hem tingut la Mireia Font fent pr\u00e0ctiques a la nostra classe durant el segon i el tercer trimestre. Vol\u00edem saber coses d&#8217;ella, per aix\u00f2 li hem fet una enquesta.<\/p>\n<p>&nbsp;<\/p>\n<ol>\n<li><span style=\"font-family: Arial, sans-serif;\"><strong>Quants anys tens?<\/strong>\u00a0<\/span>21 anys<\/li>\n<li><span style=\"font-family: Arial, sans-serif;\"><strong>Quina \u00e9s la teva afici\u00f3 m\u00e9s gran?<\/strong>\u00a0<\/span>M&#8217;agrada molt\u00edssim viatjar, veure nous llocs i els edificis importants.<\/li>\n<li><strong>Quin \u00e9s el teu talent?<\/strong>\u00a0Ui! Tamb\u00e9 \u00e9s dif\u00edcil, no s\u00e9&#8230; em sembla que encara l&#8217;he de descobrir.<\/li>\n<li><strong><span style=\"font-family: Arial, sans-serif;\">A quina escola anaves quan eres petita?\u00a0<\/span><\/strong>Anava a l&#8217;escola del meu poble FEDAC Prats.<\/li>\n<li><span style=\"font-family: Arial, sans-serif;\"><strong>Tota la vida has somiat ser mestra?<\/strong>\u00a0<\/span>S\u00ed, quan era petita m&#8217;agradava agafar les nines, les posava a la paret, agafava una pissarra i els hi explicava els deures que tenia.<\/li>\n<li><span style=\"font-family: Arial, sans-serif;\"><strong>Havies anat a alguna altra escola abans?<\/strong>\u00a0<\/span>S\u00ed, he estat a l&#8217;escola on jo vaig anar de petita, a una altra del poble del costat, i a Palafrugell.<\/li>\n<li><span style=\"font-family: Arial, sans-serif;\"><strong>Si no hagu\u00e9ssis pogut ser mestra d&#8217;angl\u00e8s que hauries fet?<\/strong>\u00a0<\/span>Dif\u00edcil pregunta, perqu\u00e8 sempre he volgut ser mestra. Si sapigu\u00e9s tocar la guitarra (que m&#8217;agradaria saber-ne) potser faria m\u00fasica.<\/li>\n<li><strong>Tens algun altre ofici que no sigui ser mestra?<\/strong>\u00a0Estic fent de monitora en un casal d&#8217;estiu.<\/li>\n<li><span style=\"font-family: Arial, sans-serif;\"><strong>T&#8217;agrada fer classes i estar amb els nens? Per qu\u00e8?<\/strong>\u00a0<\/span>S\u00ed, \u00e9s el que m&#8217;agrada m\u00e9s de tot.Quan arribo a casa i estic tota sola m&#8217;avorreix una mica.<\/li>\n<li><span style=\"font-family: Arial, sans-serif;\"><strong>Has apr\u00e8s coses de nosaltres?<\/strong>\u00a0<\/span>S\u00ed, moltes. A tenir paci\u00e8ncia, a passar-m&#8217;ho b\u00e9&#8230; i sempre ho tindr\u00e9 dins del meu cor.<\/li>\n<li><span style=\"font-family: Arial, sans-serif;\"><strong>T&#8217;han agradat les excursions que has fet amb nosaltres?<\/strong>\u00a0<\/span>S\u00ed, han estat molt divertides.<\/li>\n<li><span style=\"font-family: Arial, sans-serif;\"><strong>Qu\u00e8 \u00e9s el que t&#8217;agrada m\u00e9s de l&#8217;Escola Verd?<\/strong>\u00a0<\/span>Vosaltres. Perqu\u00e8 sense els nens i nenes l&#8217;escola seria molt trista.<\/li>\n<li><span style=\"font-family: Arial, sans-serif;\"><strong>Tu creus que podr\u00e0s anar a la millor escola del m\u00f3n (per tu)?<\/strong>\u00a0<\/span>No s\u00e9 si anir\u00e9 a la millor escola, per\u00f2 a la quew vagi intentar\u00e9 fer-la la millor del m\u00f3n.<\/li>\n<li><span style=\"font-family: Arial, sans-serif;\"><strong>Quan tinguis fills aniran a la mateixa escola que tu?<\/strong>\u00a0<\/span>No ho s\u00e9, dep\u00e8n d&#8217;on visqui i de l&#8217;escola on treballi. Si treballo al costat de casa s\u00ed<\/li>\n<li><span style=\"font-family: Arial, sans-serif;\"><strong>T&#8217;agradaria anar a aprendre angl\u00e8s a un altre pa\u00eds? A quin t&#8217;agradaria anar?<\/strong>\u00a0<\/span>S\u00ed, m&#8217;agradaria molt\u00edssim. A Londres, que \u00e9s una ciutat molt maca, o Irlanda, o Nova York.<\/li>\n<li>Quin \u00e9s el teu preferit&#8230;<\/li>\n<\/ol>\n<p><strong>Menjar:<\/strong> espaguettis a la carbonara \u00a0 \u00a0 \u00a0<strong>Color:<\/strong> rosa \u00a0 \u00a0\u00a0<strong>N\u00famero:<\/strong> set \u00a0 \u00a0 \u00a0<strong>Assignatura:<\/strong> angl\u00e8s<\/p>\n<p><strong>Llengua:<\/strong> angl\u00e8s i el catal\u00e0<\/p>\n<p>Moltes gr\u00e0cies Mireia.<\/p>\n","protected":false},"excerpt":{"rendered":"<p>Aquest curs els nens i nenes de 3r hem tingut la Mireia Font fent pr\u00e0ctiques a la nostra classe durant el segon i el tercer trimestre. Vol\u00edem saber coses d&#8217;ella, per aix\u00f2 li hem fet una enquesta. &nbsp; Quants anys tens?\u00a021 anys Quina \u00e9s la teva afici\u00f3 m\u00e9s gran?\u00a0M&#8217;agrada molt\u00edssim viatjar, veure nous llocs i [&hellip;]<\/p>\n","protected":false},"author":3,"featured_media":10342,"comment_status":"open","ping_status":"open","sticky":false,"template":"","format":"standard","meta":{"_bbp_topic_count":0,"_bbp_reply_count":0,"_bbp_total_topic_count":0,"_bbp_total_reply_count":0,"_bbp_voice_count":0,"_bbp_anonymous_reply_count":0,"_bbp_topic_count_hidden":0,"_bbp_reply_count_hidden":0,"_bbp_forum_subforum_count":0,"site-sidebar-layout":"default","site-content-layout":"","ast-site-content-layout":"","site-content-style":"default","site-sidebar-style":"default","ast-global-header-display":"","ast-banner-title-visibility":"","ast-main-header-display":"","ast-hfb-above-header-display":"","ast-hfb-below-header-display":"","ast-hfb-mobile-header-display":"","site-post-title":"","ast-breadcrumbs-content":"","ast-featured-img":"","footer-sml-layout":"","theme-transparent-header-meta":"","adv-header-id-meta":"","stick-header-meta":"","header-above-stick-meta":"","header-main-stick-meta":"","header-below-stick-meta":"","astra-migrate-meta-layouts":"default","ast-page-background-enabled":"default","ast-page-background-meta":{"desktop":{"background-color":"var(--ast-global-color-4)","background-image":"","background-repeat":"repeat","background-position":"center center","background-size":"auto","background-attachment":"scroll","background-type":"","background-media":"","overlay-type":"","overlay-color":"","overlay-opacity":"","overlay-gradient":""},"tablet":{"background-color":"","background-image":"","background-repeat":"repeat","background-position":"center center","background-size":"auto","background-attachment":"scroll","background-type":"","background-media":"","overlay-type":"","overlay-color":"","overlay-opacity":"","overlay-gradient":""},"mobile":{"background-color":"","background-image":"","background-repeat":"repeat","background-position":"center center","background-size":"auto","background-attachment":"scroll","background-type":"","background-media":"","overlay-type":"","overlay-color":"","overlay-opacity":"","overlay-gradient":""}},"ast-content-background-meta":{"desktop":{"background-color":"var(--ast-global-color-5)","background-image":"","background-repeat":"repeat","background-position":"center center","background-size":"auto","background-attachment":"scroll","background-type":"","background-media":"","overlay-type":"","overlay-color":"","overlay-opacity":"","overlay-gradient":""},"tablet":{"background-color":"var(--ast-global-color-5)","background-image":"","background-repeat":"repeat","background-position":"center center","background-size":"auto","background-attachment":"scroll","background-type":"","background-media":"","overlay-type":"","overlay-color":"","overlay-opacity":"","overlay-gradient":""},"mobile":{"background-color":"var(--ast-global-color-5)","background-image":"","background-repeat":"repeat","background-position":"center center","background-size":"auto","background-attachment":"scroll","background-type":"","background-media":"","overlay-type":"","overlay-color":"","overlay-opacity":"","overlay-gradient":""}},"footnotes":""},"categories":[70,1],"tags":[],"class_list":["post-10341","post","type-post","status-publish","format-standard","has-post-thumbnail","hentry","category-3r","category-general"],"post_mailing_queue_ids":[],"_links":{"self":[{"href":"https:\/\/agora.xtec.cat\/escolaverd\/wp-json\/wp\/v2\/posts\/10341","targetHints":{"allow":["GET"]}}],"collection":[{"href":"https:\/\/agora.xtec.cat\/escolaverd\/wp-json\/wp\/v2\/posts"}],"about":[{"href":"https:\/\/agora.xtec.cat\/escolaverd\/wp-json\/wp\/v2\/types\/post"}],"author":[{"embeddable":true,"href":"https:\/\/agora.xtec.cat\/escolaverd\/wp-json\/wp\/v2\/users\/3"}],"replies":[{"embeddable":true,"href":"https:\/\/agora.xtec.cat\/escolaverd\/wp-json\/wp\/v2\/comments?post=10341"}],"version-history":[{"count":0,"href":"https:\/\/agora.xtec.cat\/escolaverd\/wp-json\/wp\/v2\/posts\/10341\/revisions"}],"wp:featuredmedia":[{"embeddable":true,"href":"https:\/\/agora.xtec.cat\/escolaverd\/wp-json\/"}],"wp:attachment":[{"href":"https:\/\/agora.xtec.cat\/escolaverd\/wp-json\/wp\/v2\/media?parent=10341"}],"wp:term":[{"taxonomy":"category","embeddable":true,"href":"https:\/\/agora.xtec.cat\/escolaverd\/wp-json\/wp\/v2\/categories?post=10341"},{"taxonomy":"post_tag","embeddable":true,"href":"https:\/\/agora.xtec.cat\/escolaverd\/wp-json\/wp\/v2\/tags?post=10341"}],"curies":[{"name":"wp","href":"https:\/\/api.w.org\/{rel}","templated":true}]}}