{"id":7620,"date":"2026-04-22T13:52:40","date_gmt":"2026-04-22T11:52:40","guid":{"rendered":"https:\/\/agora.xtec.cat\/escolavalldaura\/?p=7620"},"modified":"2026-04-22T13:52:40","modified_gmt":"2026-04-22T11:52:40","slug":"colonies-de-primaria-a-coma-ruga","status":"publish","type":"post","link":"https:\/\/agora.xtec.cat\/escolavalldaura\/general\/colonies-de-primaria-a-coma-ruga\/","title":{"rendered":"COL\u00d2NIES DE PRIM\u00c0RIA A COMA-RUGA"},"content":{"rendered":"\n<p>Les col\u00f2nies a Coma-ruga han estat, sens dubte, una experi\u00e8ncia \u00fanica i molt especial per a tots els nens i nenes, plena de viv\u00e8ncies, emocions i moments que quedaran en el record de tothom.<\/p>\n\n\n\n<p>El primer dia, l\u2019alumnat va sortir de l\u2019escola a les 9:00 del mat\u00ed amb molta il\u00b7lusi\u00f3 i ganes de comen\u00e7ar aquesta aventura. Durant el trajecte en autocar es respirava un ambient d\u2019alegria i expectaci\u00f3, amb converses, rialles i nervis per tot el que estava per arribar. Van arribar a Coma-ruga al voltant de les 11:00, i en baixar de l\u2019autocar van anar directament a l\u2019alberg, on van deixar les maletes i es van instal\u00b7lar.<\/p>\n\n\n\n<p>Tot seguit, van gaudir d\u2019una estona per esmorzar i recuperar energies despr\u00e9s del viatge. Despr\u00e9s de menjar, van tenir temps de joc lliure, un moment ideal per comen\u00e7ar a con\u00e8ixer l\u2019espai, els companys i l\u2019entorn natural, aix\u00ed com per comen\u00e7ar a sentir-se c\u00f2modes en aquest nou espai compartit.<\/p>\n\n\n\n<p>M\u00e9s tard, es va fer la presentaci\u00f3 dels monitors i monitores, que van ser els encarregats d\u2019acompanyar-los durant tota l\u2019estada. A continuaci\u00f3, es van organitzar els grups, dividint els infants en cicle inicial, i per altra banda, cicle mitj\u00e0 i cicle superior. Aquesta organitzaci\u00f3 va permetre adaptar les activitats a les edats i garantir una millor experi\u00e8ncia per a tothom.<\/p>\n\n\n\n<p>Durant la tarda, els alumnes van participar en un ampli ventall d\u2019activitats l\u00fadiques, esportives i cooperatives. Van poder gaudir del tir amb arc, posar a prova l\u2019equilibri amb el slackline, jugar a l\u2019ultimate i descobrir el tradicional joc del tambor\u00ed. Totes aquestes activitats van fomentar el treball en equip, la coordinaci\u00f3 i la conviv\u00e8ncia entre companys.<\/p>\n\n\n\n<p>A m\u00e9s a m\u00e9s, tamb\u00e9 van realitzar una activitat art\u00edstica molt creativa en la qual van poder personalitzar la seva pr\u00f2pia bandera de pirata, deixant volar la imaginaci\u00f3 i creant un record molt especial de les col\u00f2nies. Durant la tarda tamb\u00e9 van fer una pausa per berenar, gaudint d\u2019un moment de descans i conviv\u00e8ncia abans de continuar amb les activitats.<\/p>\n\n\n\n<p>Un cop finalitzades les propostes de la tarda, els infants van anar a les habitacions per instal\u00b7lar-se millor, canviar-se i preparar-se per a una de les activitats m\u00e9s esperades del dia: la visita a la platja. Quan van arribar-hi, van viure un moment m\u00e0gic. Van poder banyar-se al mar, c\u00f3rrer per la sorra, construir castells, jugar i compartir estones de diversi\u00f3 en un entorn natural privilegiat.<\/p>\n\n\n\n<p>Despr\u00e9s d\u2019aquesta estona tan intensa i divertida, van tornar a l\u2019alberg, on van fer una dutxa r\u00e0pida per refrescar-se i preparar-se per al sopar. El sopar va ser molt ben valorat, ja que els va permetre recuperar forces despr\u00e9s d\u2019un dia ple d\u2019activitats i emocions.<\/p>\n\n\n\n<p>Quan van acabar de sopar, va arribar el torn del joc de nit, una activitat plena de misteri, moviment i diversi\u00f3 que va agradar molt a tots els participants. Tot i aix\u00f2, el moment m\u00e9s esperat i emocionant del dia va ser, sense cap dubte, la discoteca. All\u00e0, nens i nenes van ballar, cantar i compartir moments d\u2019alegria amb la m\u00fasica, gaudint d\u2019una experi\u00e8ncia festiva inoblidable.<\/p>\n\n\n\n<p>Despr\u00e9s de la discoteca, i ja amb molta energia gastada, van tornar a les habitacions, es van rentar les dents i es van preparar per anar a dormir. El cansament del dia era evident, per\u00f2 tamb\u00e9 la felicitat per tot el que havien viscut. Calia descansar, ja que l\u2019endem\u00e0 els esperava un altre dia ple d\u2019activitats i emocions.<\/p>\n\n\n\n<p>A l\u2019endem\u00e0, es van despertar, van ordenar les habitacions, van preparar les maletes i van anar a esmorzar. Amb l\u2019est\u00f3mac ple i les energies renovades, van comen\u00e7ar les activitats del mat\u00ed.<\/p>\n\n\n\n<p>Els infants de cicle inicial van viure una aventura molt especial a la platja, on van anar a la recerca del cofre del tresor, una activitat plena de misteri i emoci\u00f3 que els va fer gaudir molt\u00edssim. Per la seva banda, els alumnes de cicle mitj\u00e0 i cicle superior tamb\u00e9 van anar a la platja, per\u00f2 en aquest cas van participar en diversos tallers educatius sobre la platja, la sorra, l\u2019aigua i tots els elements que formen aquest ecosistema tan ric i interessant.<\/p>\n\n\n\n<p>Despr\u00e9s de finalitzar les activitats del mat\u00ed, tots els grups van tornar a l\u2019alberg per dinar i compartir les \u00faltimes hores de conviv\u00e8ncia. A continuaci\u00f3, van tenir una estona de joc lliure per gaudir dels companys abans de comen\u00e7ar a recollir i preparar-se per a la tornada.<\/p>\n\n\n\n<p>Finalment, quan van arribar els autocars, es van acomiadar dels monitors i monitores amb una barreja de tristesa i agra\u00efment. Van ser dos dies intensos, plens de riures, jocs, aprenentatges i moments compartits que segur que quedaran en el record de tots els participants durant molt de temps.<\/p>\n\n\n\n<p>Les col\u00f2nies a Coma-ruga han estat una viv\u00e8ncia extraordin\u00e0ria, on la conviv\u00e8ncia, la diversi\u00f3 i l\u2019aprenentatge han anat de la m\u00e0, deixant una empremta molt positiva en tots els nens i nenes.<\/p>\n\n\n<figure class=\"wp-block-post-featured-image\"><img loading=\"lazy\" decoding=\"async\" width=\"999\" height=\"667\" src=\"https:\/\/agora.xtec.cat\/escolavalldaura\/wp-content\/uploads\/usu1912\/2026\/04\/Captura-de-pantalla-2026-04-22-134610.png\" class=\"attachment-post-thumbnail size-post-thumbnail wp-post-image\" alt=\"\" style=\"object-fit:cover;\" srcset=\"https:\/\/agora.xtec.cat\/escolavalldaura\/wp-content\/uploads\/usu1912\/2026\/04\/Captura-de-pantalla-2026-04-22-134610.png 999w, https:\/\/agora.xtec.cat\/escolavalldaura\/wp-content\/uploads\/usu1912\/2026\/04\/Captura-de-pantalla-2026-04-22-134610-300x200.png 300w, https:\/\/agora.xtec.cat\/escolavalldaura\/wp-content\/uploads\/usu1912\/2026\/04\/Captura-de-pantalla-2026-04-22-134610-768x513.png 768w\" sizes=\"auto, (max-width: 999px) 100vw, 999px\" \/><\/figure>","protected":false},"excerpt":{"rendered":"<p>Les col\u00f2nies a Coma-ruga han estat, sens dubte, una experi\u00e8ncia \u00fanica i molt especial per a tots els nens i nenes, plena de viv\u00e8ncies, emocions i moments que quedaran en el record de tothom. El primer dia, l\u2019alumnat va sortir de l\u2019escola a les 9:00 del mat\u00ed amb molta il\u00b7lusi\u00f3 i ganes de comen\u00e7ar aquesta [&hellip;]<\/p>\n","protected":false},"author":23,"featured_media":7622,"comment_status":"open","ping_status":"open","sticky":false,"template":"","format":"standard","meta":{"_bbp_topic_count":0,"_bbp_reply_count":0,"_bbp_total_topic_count":0,"_bbp_total_reply_count":0,"_bbp_voice_count":0,"_bbp_anonymous_reply_count":0,"_bbp_topic_count_hidden":0,"_bbp_reply_count_hidden":0,"_bbp_forum_subforum_count":0,"site-sidebar-layout":"default","site-content-layout":"","ast-site-content-layout":"default","site-content-style":"default","site-sidebar-style":"default","ast-global-header-display":"","ast-banner-title-visibility":"","ast-main-header-display":"","ast-hfb-above-header-display":"","ast-hfb-below-header-display":"","ast-hfb-mobile-header-display":"","site-post-title":"","ast-breadcrumbs-content":"","ast-featured-img":"","footer-sml-layout":"","theme-transparent-header-meta":"","adv-header-id-meta":"","stick-header-meta":"","header-above-stick-meta":"","header-main-stick-meta":"","header-below-stick-meta":"","astra-migrate-meta-layouts":"set","ast-page-background-enabled":"default","ast-page-background-meta":{"desktop":{"background-color":"var(--ast-global-color-4)","background-image":"","background-repeat":"repeat","background-position":"center center","background-size":"auto","background-attachment":"scroll","background-type":"","background-media":"","overlay-type":"","overlay-color":"","overlay-opacity":"","overlay-gradient":""},"tablet":{"background-color":"","background-image":"","background-repeat":"repeat","background-position":"center center","background-size":"auto","background-attachment":"scroll","background-type":"","background-media":"","overlay-type":"","overlay-color":"","overlay-opacity":"","overlay-gradient":""},"mobile":{"background-color":"","background-image":"","background-repeat":"repeat","background-position":"center center","background-size":"auto","background-attachment":"scroll","background-type":"","background-media":"","overlay-type":"","overlay-color":"","overlay-opacity":"","overlay-gradient":""}},"ast-content-background-meta":{"desktop":{"background-color":"var(--ast-global-color-5)","background-image":"","background-repeat":"repeat","background-position":"center center","background-size":"auto","background-attachment":"scroll","background-type":"","background-media":"","overlay-type":"","overlay-color":"","overlay-opacity":"","overlay-gradient":""},"tablet":{"background-color":"var(--ast-global-color-5)","background-image":"","background-repeat":"repeat","background-position":"center center","background-size":"auto","background-attachment":"scroll","background-type":"","background-media":"","overlay-type":"","overlay-color":"","overlay-opacity":"","overlay-gradient":""},"mobile":{"background-color":"var(--ast-global-color-5)","background-image":"","background-repeat":"repeat","background-position":"center center","background-size":"auto","background-attachment":"scroll","background-type":"","background-media":"","overlay-type":"","overlay-color":"","overlay-opacity":"","overlay-gradient":""}},"footnotes":""},"categories":[1,4,211],"tags":[],"class_list":["post-7620","post","type-post","status-publish","format-standard","has-post-thumbnail","hentry","category-general","category-portada","category-sortides-i-colonies"],"post_mailing_queue_ids":[],"_links":{"self":[{"href":"https:\/\/agora.xtec.cat\/escolavalldaura\/wp-json\/wp\/v2\/posts\/7620","targetHints":{"allow":["GET"]}}],"collection":[{"href":"https:\/\/agora.xtec.cat\/escolavalldaura\/wp-json\/wp\/v2\/posts"}],"about":[{"href":"https:\/\/agora.xtec.cat\/escolavalldaura\/wp-json\/wp\/v2\/types\/post"}],"author":[{"embeddable":true,"href":"https:\/\/agora.xtec.cat\/escolavalldaura\/wp-json\/wp\/v2\/users\/23"}],"replies":[{"embeddable":true,"href":"https:\/\/agora.xtec.cat\/escolavalldaura\/wp-json\/wp\/v2\/comments?post=7620"}],"version-history":[{"count":1,"href":"https:\/\/agora.xtec.cat\/escolavalldaura\/wp-json\/wp\/v2\/posts\/7620\/revisions"}],"predecessor-version":[{"id":7623,"href":"https:\/\/agora.xtec.cat\/escolavalldaura\/wp-json\/wp\/v2\/posts\/7620\/revisions\/7623"}],"wp:featuredmedia":[{"embeddable":true,"href":"https:\/\/agora.xtec.cat\/escolavalldaura\/wp-json\/wp\/v2\/media\/7622"}],"wp:attachment":[{"href":"https:\/\/agora.xtec.cat\/escolavalldaura\/wp-json\/wp\/v2\/media?parent=7620"}],"wp:term":[{"taxonomy":"category","embeddable":true,"href":"https:\/\/agora.xtec.cat\/escolavalldaura\/wp-json\/wp\/v2\/categories?post=7620"},{"taxonomy":"post_tag","embeddable":true,"href":"https:\/\/agora.xtec.cat\/escolavalldaura\/wp-json\/wp\/v2\/tags?post=7620"}],"curies":[{"name":"wp","href":"https:\/\/api.w.org\/{rel}","templated":true}]}}