{"id":7569,"date":"2026-02-27T19:27:01","date_gmt":"2026-02-27T18:27:01","guid":{"rendered":"https:\/\/agora.xtec.cat\/escolavalldaura\/?p=7569"},"modified":"2026-02-27T19:27:01","modified_gmt":"2026-02-27T18:27:01","slug":"collaborem-al-congres-nacional-deducadors-ambientals","status":"publish","type":"post","link":"https:\/\/agora.xtec.cat\/escolavalldaura\/general\/collaborem-al-congres-nacional-deducadors-ambientals\/","title":{"rendered":"Col\u00b7laborem al Congr\u00e9s Nacional d&#8217;Educadors Ambientals"},"content":{"rendered":"\n<p>La nostra escola ha participat recentment al Congr\u00e9s Nacional d\u2019Educadors Ambientals, celebrat a Manresa, on m\u00e9s de 200 professionals es van reunir per reflexionar i compartir experi\u00e8ncies entorn de l\u2019educaci\u00f3 ambiental i els reptes actuals del sector.<\/p>\n\n\n\n<p>Podeu llegir la not\u00edcia completa publicada a Regi\u00f37 en aquest enlla\u00e7:<br><a href=\"https:\/\/www.regio7.cat\/manresa\/2026\/02\/27\/mes-200-professionals-reflexionen-manresa-127317129.html\">https:\/\/www.regio7.cat\/manresa\/2026\/02\/27\/mes-200-professionals-reflexionen-manresa-127317129.html<\/a><\/p>\n\n\n\n<p>La nostra participaci\u00f3 va posar en valor el treball que duem a terme setmanalment amb l\u2019alumnat d\u2019Educaci\u00f3 Infantil a la ribera del riu Cardener. Aquest projecte, basat en l\u2019exploraci\u00f3 directa de l\u2019entorn natural, fomenta l\u2019aprenentatge vivencial, el respecte pel medi ambient i el vincle amb el territori des de les primeres etapes educatives.<\/p>\n\n\n\n<p>Haver col\u00b7laborat d\u2019aquest congr\u00e9s ha estat una oportunitat enriquidora per compartir la nostra experi\u00e8ncia amb altres professionals. Apostem per una educaci\u00f3 arrelada, conscient i compromesa amb l\u2019entorn.<\/p>\n\n\n<figure class=\"wp-block-post-featured-image\"><img loading=\"lazy\" decoding=\"async\" width=\"684\" height=\"763\" src=\"https:\/\/agora.xtec.cat\/escolavalldaura\/wp-content\/uploads\/usu1912\/2026\/02\/Captura-de-pantalla-2026-02-27-192225.png\" class=\"attachment-post-thumbnail size-post-thumbnail wp-post-image\" alt=\"\" style=\"object-fit:cover;\" srcset=\"https:\/\/agora.xtec.cat\/escolavalldaura\/wp-content\/uploads\/usu1912\/2026\/02\/Captura-de-pantalla-2026-02-27-192225.png 684w, https:\/\/agora.xtec.cat\/escolavalldaura\/wp-content\/uploads\/usu1912\/2026\/02\/Captura-de-pantalla-2026-02-27-192225-269x300.png 269w\" sizes=\"auto, (max-width: 684px) 100vw, 684px\" \/><\/figure>","protected":false},"excerpt":{"rendered":"<p>La nostra escola ha participat recentment al Congr\u00e9s Nacional d\u2019Educadors Ambientals, celebrat a Manresa, on m\u00e9s de 200 professionals es van reunir per reflexionar i compartir experi\u00e8ncies entorn de l\u2019educaci\u00f3 ambiental i els reptes actuals del sector. Podeu llegir la not\u00edcia completa publicada a Regi\u00f37 en aquest enlla\u00e7:https:\/\/www.regio7.cat\/manresa\/2026\/02\/27\/mes-200-professionals-reflexionen-manresa-127317129.html La nostra participaci\u00f3 va posar en valor [&hellip;]<\/p>\n","protected":false},"author":23,"featured_media":7571,"comment_status":"open","ping_status":"open","sticky":false,"template":"","format":"standard","meta":{"_bbp_topic_count":0,"_bbp_reply_count":0,"_bbp_total_topic_count":0,"_bbp_total_reply_count":0,"_bbp_voice_count":0,"_bbp_anonymous_reply_count":0,"_bbp_topic_count_hidden":0,"_bbp_reply_count_hidden":0,"_bbp_forum_subforum_count":0,"site-sidebar-layout":"default","site-content-layout":"","ast-site-content-layout":"default","site-content-style":"default","site-sidebar-style":"default","ast-global-header-display":"","ast-banner-title-visibility":"","ast-main-header-display":"","ast-hfb-above-header-display":"","ast-hfb-below-header-display":"","ast-hfb-mobile-header-display":"","site-post-title":"","ast-breadcrumbs-content":"","ast-featured-img":"","footer-sml-layout":"","theme-transparent-header-meta":"","adv-header-id-meta":"","stick-header-meta":"","header-above-stick-meta":"","header-main-stick-meta":"","header-below-stick-meta":"","astra-migrate-meta-layouts":"set","ast-page-background-enabled":"default","ast-page-background-meta":{"desktop":{"background-color":"var(--ast-global-color-4)","background-image":"","background-repeat":"repeat","background-position":"center center","background-size":"auto","background-attachment":"scroll","background-type":"","background-media":"","overlay-type":"","overlay-color":"","overlay-opacity":"","overlay-gradient":""},"tablet":{"background-color":"","background-image":"","background-repeat":"repeat","background-position":"center center","background-size":"auto","background-attachment":"scroll","background-type":"","background-media":"","overlay-type":"","overlay-color":"","overlay-opacity":"","overlay-gradient":""},"mobile":{"background-color":"","background-image":"","background-repeat":"repeat","background-position":"center center","background-size":"auto","background-attachment":"scroll","background-type":"","background-media":"","overlay-type":"","overlay-color":"","overlay-opacity":"","overlay-gradient":""}},"ast-content-background-meta":{"desktop":{"background-color":"var(--ast-global-color-5)","background-image":"","background-repeat":"repeat","background-position":"center center","background-size":"auto","background-attachment":"scroll","background-type":"","background-media":"","overlay-type":"","overlay-color":"","overlay-opacity":"","overlay-gradient":""},"tablet":{"background-color":"var(--ast-global-color-5)","background-image":"","background-repeat":"repeat","background-position":"center center","background-size":"auto","background-attachment":"scroll","background-type":"","background-media":"","overlay-type":"","overlay-color":"","overlay-opacity":"","overlay-gradient":""},"mobile":{"background-color":"var(--ast-global-color-5)","background-image":"","background-repeat":"repeat","background-position":"center center","background-size":"auto","background-attachment":"scroll","background-type":"","background-media":"","overlay-type":"","overlay-color":"","overlay-opacity":"","overlay-gradient":""}},"footnotes":""},"categories":[1,4,214,205],"tags":[],"class_list":["post-7569","post","type-post","status-publish","format-standard","has-post-thumbnail","hentry","category-general","category-portada","category-premsa","category-ribera-del-riu-cardener"],"post_mailing_queue_ids":[],"_links":{"self":[{"href":"https:\/\/agora.xtec.cat\/escolavalldaura\/wp-json\/wp\/v2\/posts\/7569","targetHints":{"allow":["GET"]}}],"collection":[{"href":"https:\/\/agora.xtec.cat\/escolavalldaura\/wp-json\/wp\/v2\/posts"}],"about":[{"href":"https:\/\/agora.xtec.cat\/escolavalldaura\/wp-json\/wp\/v2\/types\/post"}],"author":[{"embeddable":true,"href":"https:\/\/agora.xtec.cat\/escolavalldaura\/wp-json\/wp\/v2\/users\/23"}],"replies":[{"embeddable":true,"href":"https:\/\/agora.xtec.cat\/escolavalldaura\/wp-json\/wp\/v2\/comments?post=7569"}],"version-history":[{"count":1,"href":"https:\/\/agora.xtec.cat\/escolavalldaura\/wp-json\/wp\/v2\/posts\/7569\/revisions"}],"predecessor-version":[{"id":7572,"href":"https:\/\/agora.xtec.cat\/escolavalldaura\/wp-json\/wp\/v2\/posts\/7569\/revisions\/7572"}],"wp:featuredmedia":[{"embeddable":true,"href":"https:\/\/agora.xtec.cat\/escolavalldaura\/wp-json\/wp\/v2\/media\/7571"}],"wp:attachment":[{"href":"https:\/\/agora.xtec.cat\/escolavalldaura\/wp-json\/wp\/v2\/media?parent=7569"}],"wp:term":[{"taxonomy":"category","embeddable":true,"href":"https:\/\/agora.xtec.cat\/escolavalldaura\/wp-json\/wp\/v2\/categories?post=7569"},{"taxonomy":"post_tag","embeddable":true,"href":"https:\/\/agora.xtec.cat\/escolavalldaura\/wp-json\/wp\/v2\/tags?post=7569"}],"curies":[{"name":"wp","href":"https:\/\/api.w.org\/{rel}","templated":true}]}}