{"id":7564,"date":"2026-02-17T12:45:58","date_gmt":"2026-02-17T11:45:58","guid":{"rendered":"https:\/\/agora.xtec.cat\/escolavalldaura\/?p=7564"},"modified":"2026-02-17T12:45:58","modified_gmt":"2026-02-17T11:45:58","slug":"carnestoltes-de-manresa-2","status":"publish","type":"post","link":"https:\/\/agora.xtec.cat\/escolavalldaura\/general\/carnestoltes-de-manresa-2\/","title":{"rendered":"CARNESTOLTES DE MANRESA"},"content":{"rendered":"\n<p>3, 2, 1\u2026 BOOM!<\/p>\n\n\n\n<p>Aquest era el nom de la comparsa de la nostra AFI que enguany ha participat a la rua de Carnestoltes de Manresa, dedicada a la tem\u00e0tica del circ. Fam\u00edlies i infants de l\u2019escola s\u2019han implicat amb entusiasme en aquesta proposta, convertint-se en aut\u00e8ntiques persones bala i omplint els carrers de color, creativitat i esperit festiu.<\/p>\n\n\n\n<p>La comparsa ha desfilat acompanyada del cargol Vall i la formiga Daura, els gegants de l\u2019escola, que han tornat a fer gaudir petits i grans. La m\u00fasica tamb\u00e9 hi ha tingut un paper protagonista, amb el ritme del grup de percussi\u00f3 Hamak i la participaci\u00f3 dels grallers, que han donat energia i ambient festiu a tot el recorregut.<\/p>\n\n\n\n<p>Durant la rua, la comunitat educativa ha fet sentir la seva veu amb c\u00e0ntics compartits que han refor\u00e7at el sentiment de pertinen\u00e7a:<\/p>\n\n\n\n<p>Qui \u00e9s que vola? Valldaura!<br>Qui \u00e9s que mola? Valldaura!<br>Quina escola? Valldaura!!!<\/p>\n\n\n\n<p>M\u00e9s enll\u00e0 de la desfilada, el Carnestoltes ha estat una experi\u00e8ncia de cohesi\u00f3 social molt valuosa. Els tallers de fam\u00edlies per elaborar les disfresses han esdevingut espais de trobada i col\u00b7laboraci\u00f3, que s\u2019han sumat a la il\u00b7lusi\u00f3 compartida de participar a la rua. La jornada es va cloure amb un dinar de germanor que va permetre continuar compartint estones i enfortint els vincles entre les fam\u00edlies de l\u2019escola.<\/p>\n\n\n\n<p>Agra\u00efm sincerament la implicaci\u00f3 de totes les persones que ho han fet possible. Activitats com aquesta contribueixen a fer escola i a construir comunitat.<\/p>\n\n\n<figure class=\"wp-block-post-featured-image\"><img loading=\"lazy\" decoding=\"async\" width=\"1600\" height=\"1200\" src=\"https:\/\/agora.xtec.cat\/escolavalldaura\/wp-content\/uploads\/usu1912\/2026\/02\/1000129055.jpg\" class=\"attachment-post-thumbnail size-post-thumbnail wp-post-image\" alt=\"\" style=\"object-fit:cover;\" srcset=\"https:\/\/agora.xtec.cat\/escolavalldaura\/wp-content\/uploads\/usu1912\/2026\/02\/1000129055.jpg 1600w, https:\/\/agora.xtec.cat\/escolavalldaura\/wp-content\/uploads\/usu1912\/2026\/02\/1000129055-300x225.jpg 300w, https:\/\/agora.xtec.cat\/escolavalldaura\/wp-content\/uploads\/usu1912\/2026\/02\/1000129055-1024x768.jpg 1024w, https:\/\/agora.xtec.cat\/escolavalldaura\/wp-content\/uploads\/usu1912\/2026\/02\/1000129055-768x576.jpg 768w, https:\/\/agora.xtec.cat\/escolavalldaura\/wp-content\/uploads\/usu1912\/2026\/02\/1000129055-1536x1152.jpg 1536w\" sizes=\"auto, (max-width: 1600px) 100vw, 1600px\" \/><\/figure>","protected":false},"excerpt":{"rendered":"<p>3, 2, 1\u2026 BOOM! Aquest era el nom de la comparsa de la nostra AFI que enguany ha participat a la rua de Carnestoltes de Manresa, dedicada a la tem\u00e0tica del circ. Fam\u00edlies i infants de l\u2019escola s\u2019han implicat amb entusiasme en aquesta proposta, convertint-se en aut\u00e8ntiques persones bala i omplint els carrers de color, [&hellip;]<\/p>\n","protected":false},"author":23,"featured_media":7566,"comment_status":"open","ping_status":"open","sticky":false,"template":"","format":"standard","meta":{"_bbp_topic_count":0,"_bbp_reply_count":0,"_bbp_total_topic_count":0,"_bbp_total_reply_count":0,"_bbp_voice_count":0,"_bbp_anonymous_reply_count":0,"_bbp_topic_count_hidden":0,"_bbp_reply_count_hidden":0,"_bbp_forum_subforum_count":0,"site-sidebar-layout":"default","site-content-layout":"","ast-site-content-layout":"default","site-content-style":"default","site-sidebar-style":"default","ast-global-header-display":"","ast-banner-title-visibility":"","ast-main-header-display":"","ast-hfb-above-header-display":"","ast-hfb-below-header-display":"","ast-hfb-mobile-header-display":"","site-post-title":"","ast-breadcrumbs-content":"","ast-featured-img":"","footer-sml-layout":"","theme-transparent-header-meta":"","adv-header-id-meta":"","stick-header-meta":"","header-above-stick-meta":"","header-main-stick-meta":"","header-below-stick-meta":"","astra-migrate-meta-layouts":"set","ast-page-background-enabled":"default","ast-page-background-meta":{"desktop":{"background-color":"var(--ast-global-color-4)","background-image":"","background-repeat":"repeat","background-position":"center center","background-size":"auto","background-attachment":"scroll","background-type":"","background-media":"","overlay-type":"","overlay-color":"","overlay-opacity":"","overlay-gradient":""},"tablet":{"background-color":"","background-image":"","background-repeat":"repeat","background-position":"center center","background-size":"auto","background-attachment":"scroll","background-type":"","background-media":"","overlay-type":"","overlay-color":"","overlay-opacity":"","overlay-gradient":""},"mobile":{"background-color":"","background-image":"","background-repeat":"repeat","background-position":"center center","background-size":"auto","background-attachment":"scroll","background-type":"","background-media":"","overlay-type":"","overlay-color":"","overlay-opacity":"","overlay-gradient":""}},"ast-content-background-meta":{"desktop":{"background-color":"var(--ast-global-color-5)","background-image":"","background-repeat":"repeat","background-position":"center center","background-size":"auto","background-attachment":"scroll","background-type":"","background-media":"","overlay-type":"","overlay-color":"","overlay-opacity":"","overlay-gradient":""},"tablet":{"background-color":"var(--ast-global-color-5)","background-image":"","background-repeat":"repeat","background-position":"center center","background-size":"auto","background-attachment":"scroll","background-type":"","background-media":"","overlay-type":"","overlay-color":"","overlay-opacity":"","overlay-gradient":""},"mobile":{"background-color":"var(--ast-global-color-5)","background-image":"","background-repeat":"repeat","background-position":"center center","background-size":"auto","background-attachment":"scroll","background-type":"","background-media":"","overlay-type":"","overlay-color":"","overlay-opacity":"","overlay-gradient":""}},"footnotes":""},"categories":[61,209,1,4],"tags":[],"class_list":["post-7564","post","type-post","status-publish","format-standard","has-post-thumbnail","hentry","category-afi","category-festes-activitats-de-centre","category-general","category-portada"],"post_mailing_queue_ids":[],"_links":{"self":[{"href":"https:\/\/agora.xtec.cat\/escolavalldaura\/wp-json\/wp\/v2\/posts\/7564","targetHints":{"allow":["GET"]}}],"collection":[{"href":"https:\/\/agora.xtec.cat\/escolavalldaura\/wp-json\/wp\/v2\/posts"}],"about":[{"href":"https:\/\/agora.xtec.cat\/escolavalldaura\/wp-json\/wp\/v2\/types\/post"}],"author":[{"embeddable":true,"href":"https:\/\/agora.xtec.cat\/escolavalldaura\/wp-json\/wp\/v2\/users\/23"}],"replies":[{"embeddable":true,"href":"https:\/\/agora.xtec.cat\/escolavalldaura\/wp-json\/wp\/v2\/comments?post=7564"}],"version-history":[{"count":2,"href":"https:\/\/agora.xtec.cat\/escolavalldaura\/wp-json\/wp\/v2\/posts\/7564\/revisions"}],"predecessor-version":[{"id":7568,"href":"https:\/\/agora.xtec.cat\/escolavalldaura\/wp-json\/wp\/v2\/posts\/7564\/revisions\/7568"}],"wp:featuredmedia":[{"embeddable":true,"href":"https:\/\/agora.xtec.cat\/escolavalldaura\/wp-json\/wp\/v2\/media\/7566"}],"wp:attachment":[{"href":"https:\/\/agora.xtec.cat\/escolavalldaura\/wp-json\/wp\/v2\/media?parent=7564"}],"wp:term":[{"taxonomy":"category","embeddable":true,"href":"https:\/\/agora.xtec.cat\/escolavalldaura\/wp-json\/wp\/v2\/categories?post=7564"},{"taxonomy":"post_tag","embeddable":true,"href":"https:\/\/agora.xtec.cat\/escolavalldaura\/wp-json\/wp\/v2\/tags?post=7564"}],"curies":[{"name":"wp","href":"https:\/\/api.w.org\/{rel}","templated":true}]}}