{"id":7560,"date":"2026-02-18T17:00:00","date_gmt":"2026-02-18T16:00:00","guid":{"rendered":"https:\/\/agora.xtec.cat\/escolavalldaura\/?p=7560"},"modified":"2026-02-17T11:27:23","modified_gmt":"2026-02-17T10:27:23","slug":"carnestoltes-2","status":"publish","type":"post","link":"https:\/\/agora.xtec.cat\/escolavalldaura\/general\/carnestoltes-2\/","title":{"rendered":"CARNESTOLTES"},"content":{"rendered":"<figure class=\"wp-block-post-featured-image\"><img loading=\"lazy\" decoding=\"async\" width=\"1200\" height=\"1600\" src=\"https:\/\/agora.xtec.cat\/escolavalldaura\/wp-content\/uploads\/usu1912\/2026\/02\/1000129436.jpg\" class=\"attachment-post-thumbnail size-post-thumbnail wp-post-image\" alt=\"\" style=\"object-fit:cover;\" srcset=\"https:\/\/agora.xtec.cat\/escolavalldaura\/wp-content\/uploads\/usu1912\/2026\/02\/1000129436.jpg 1200w, https:\/\/agora.xtec.cat\/escolavalldaura\/wp-content\/uploads\/usu1912\/2026\/02\/1000129436-225x300.jpg 225w, https:\/\/agora.xtec.cat\/escolavalldaura\/wp-content\/uploads\/usu1912\/2026\/02\/1000129436-768x1024.jpg 768w, https:\/\/agora.xtec.cat\/escolavalldaura\/wp-content\/uploads\/usu1912\/2026\/02\/1000129436-1152x1536.jpg 1152w\" sizes=\"auto, (max-width: 1200px) 100vw, 1200px\" \/><\/figure>\n\n\n<p>El Carnestoltes ha tornat a omplir l\u2019escola d\u2019alegria, creativitat i conviv\u00e8ncia. Durant tota la setmana hem seguit amb entusiasme les consignes del Confeti i la Disbauxa, els nostres reis Carnestoltes, que ens han convidat a deixar volar la imaginaci\u00f3 i a viure la festa plegats, i que, malgrat tots els imprevistos d\u2019aquest any, finalment hem pogut celebrar com cal.<\/p>\n\n\n\n<p>Un dels moments m\u00e9s especials han estat els tallers de lliure circulaci\u00f3, on l\u2019alumnat ha pogut gaudir de diferents propostes relacionades amb el Carnestoltes, com el pinta-cares, la creaci\u00f3 de m\u00e0scares i l\u2019elaboraci\u00f3 de corones, entre d\u2019altres. Aquests espais han afavorit la interacci\u00f3 entre infants de diferents edats, fomentant la cooperaci\u00f3, la creativitat i el sentiment de pertinen\u00e7a a la comunitat educativa.<\/p>\n\n\n\n<p>Un altre dels punts \u00e0lgids de la celebraci\u00f3 ha estat la tradicional rua pel barri, on cada aula ha llu\u00eft les seves disfresses relacionades amb els projectes que treballen a classe. La rua ha estat encap\u00e7alada per la percussi\u00f3 de l\u2019alumnat de 6\u00e8, que ha marcat el ritme festiu durant tot el recorregut. Tamb\u00e9 hem comptat amb la percussi\u00f3 de mares Hamak, demostrant, una vegada m\u00e9s, la implicaci\u00f3 i el comprom\u00eds de les fam\u00edlies amb la vida de l\u2019escola.<\/p>\n\n\n\n<p>En acabar la rua, hem compartit un berenar i una estona de ball dels gegants que han perm\u00e8s continuar gaudint d\u2019un ambient festiu i de conviv\u00e8ncia entre infants, mestres i fam\u00edlies. Aquestes celebracions s\u00f3n una oportunitat per refor\u00e7ar els vincles entre tots els membres de la comunitat educativa i per posar en valor la import\u00e0ncia de cr\u00e9ixer i aprendre en un entorn compartit.<\/p>\n\n\n\n<p>La festa s\u2019ha tancat amb l\u2019arribada de la Vella Quaresma el Dimecres de Cendra, que ens recorda el pas del temps i dona inici a una nova etapa despr\u00e9s dels dies de gresca i disbauxa.<\/p>\n\n\n\n<p>Un any m\u00e9s, el Carnestoltes ens ha perm\u00e8s celebrar, crear i compartir, refor\u00e7ant la cohesi\u00f3 i el sentiment de comunitat que defineix la nostra escola.<\/p>\n\n\n\n<p><\/p>\n","protected":false},"excerpt":{"rendered":"<p>El Carnestoltes ha tornat a omplir l\u2019escola d\u2019alegria, creativitat i conviv\u00e8ncia. Durant tota la setmana hem seguit amb entusiasme les consignes del Confeti i la Disbauxa, els nostres reis Carnestoltes, que ens han convidat a deixar volar la imaginaci\u00f3 i a viure la festa plegats, i que, malgrat tots els imprevistos d\u2019aquest any, finalment hem [&hellip;]<\/p>\n","protected":false},"author":23,"featured_media":7562,"comment_status":"open","ping_status":"open","sticky":false,"template":"","format":"standard","meta":{"_bbp_topic_count":0,"_bbp_reply_count":0,"_bbp_total_topic_count":0,"_bbp_total_reply_count":0,"_bbp_voice_count":0,"_bbp_anonymous_reply_count":0,"_bbp_topic_count_hidden":0,"_bbp_reply_count_hidden":0,"_bbp_forum_subforum_count":0,"site-sidebar-layout":"default","site-content-layout":"","ast-site-content-layout":"default","site-content-style":"default","site-sidebar-style":"default","ast-global-header-display":"","ast-banner-title-visibility":"","ast-main-header-display":"","ast-hfb-above-header-display":"","ast-hfb-below-header-display":"","ast-hfb-mobile-header-display":"","site-post-title":"","ast-breadcrumbs-content":"","ast-featured-img":"","footer-sml-layout":"","theme-transparent-header-meta":"","adv-header-id-meta":"","stick-header-meta":"","header-above-stick-meta":"","header-main-stick-meta":"","header-below-stick-meta":"","astra-migrate-meta-layouts":"set","ast-page-background-enabled":"default","ast-page-background-meta":{"desktop":{"background-color":"var(--ast-global-color-4)","background-image":"","background-repeat":"repeat","background-position":"center center","background-size":"auto","background-attachment":"scroll","background-type":"","background-media":"","overlay-type":"","overlay-color":"","overlay-opacity":"","overlay-gradient":""},"tablet":{"background-color":"","background-image":"","background-repeat":"repeat","background-position":"center center","background-size":"auto","background-attachment":"scroll","background-type":"","background-media":"","overlay-type":"","overlay-color":"","overlay-opacity":"","overlay-gradient":""},"mobile":{"background-color":"","background-image":"","background-repeat":"repeat","background-position":"center center","background-size":"auto","background-attachment":"scroll","background-type":"","background-media":"","overlay-type":"","overlay-color":"","overlay-opacity":"","overlay-gradient":""}},"ast-content-background-meta":{"desktop":{"background-color":"var(--ast-global-color-5)","background-image":"","background-repeat":"repeat","background-position":"center center","background-size":"auto","background-attachment":"scroll","background-type":"","background-media":"","overlay-type":"","overlay-color":"","overlay-opacity":"","overlay-gradient":""},"tablet":{"background-color":"var(--ast-global-color-5)","background-image":"","background-repeat":"repeat","background-position":"center center","background-size":"auto","background-attachment":"scroll","background-type":"","background-media":"","overlay-type":"","overlay-color":"","overlay-opacity":"","overlay-gradient":""},"mobile":{"background-color":"var(--ast-global-color-5)","background-image":"","background-repeat":"repeat","background-position":"center center","background-size":"auto","background-attachment":"scroll","background-type":"","background-media":"","overlay-type":"","overlay-color":"","overlay-opacity":"","overlay-gradient":""}},"footnotes":""},"categories":[209,1,4],"tags":[],"class_list":["post-7560","post","type-post","status-publish","format-standard","has-post-thumbnail","hentry","category-festes-activitats-de-centre","category-general","category-portada"],"post_mailing_queue_ids":[],"_links":{"self":[{"href":"https:\/\/agora.xtec.cat\/escolavalldaura\/wp-json\/wp\/v2\/posts\/7560","targetHints":{"allow":["GET"]}}],"collection":[{"href":"https:\/\/agora.xtec.cat\/escolavalldaura\/wp-json\/wp\/v2\/posts"}],"about":[{"href":"https:\/\/agora.xtec.cat\/escolavalldaura\/wp-json\/wp\/v2\/types\/post"}],"author":[{"embeddable":true,"href":"https:\/\/agora.xtec.cat\/escolavalldaura\/wp-json\/wp\/v2\/users\/23"}],"replies":[{"embeddable":true,"href":"https:\/\/agora.xtec.cat\/escolavalldaura\/wp-json\/wp\/v2\/comments?post=7560"}],"version-history":[{"count":2,"href":"https:\/\/agora.xtec.cat\/escolavalldaura\/wp-json\/wp\/v2\/posts\/7560\/revisions"}],"predecessor-version":[{"id":7563,"href":"https:\/\/agora.xtec.cat\/escolavalldaura\/wp-json\/wp\/v2\/posts\/7560\/revisions\/7563"}],"wp:featuredmedia":[{"embeddable":true,"href":"https:\/\/agora.xtec.cat\/escolavalldaura\/wp-json\/wp\/v2\/media\/7562"}],"wp:attachment":[{"href":"https:\/\/agora.xtec.cat\/escolavalldaura\/wp-json\/wp\/v2\/media?parent=7560"}],"wp:term":[{"taxonomy":"category","embeddable":true,"href":"https:\/\/agora.xtec.cat\/escolavalldaura\/wp-json\/wp\/v2\/categories?post=7560"},{"taxonomy":"post_tag","embeddable":true,"href":"https:\/\/agora.xtec.cat\/escolavalldaura\/wp-json\/wp\/v2\/tags?post=7560"}],"curies":[{"name":"wp","href":"https:\/\/api.w.org\/{rel}","templated":true}]}}