{"id":7549,"date":"2026-01-21T13:52:38","date_gmt":"2026-01-21T12:52:38","guid":{"rendered":"https:\/\/agora.xtec.cat\/escolavalldaura\/?p=7549"},"modified":"2026-01-21T13:52:38","modified_gmt":"2026-01-21T12:52:38","slug":"lafi-de-lescola-valldaura-finalista-als-premis-affac-votans","status":"publish","type":"post","link":"https:\/\/agora.xtec.cat\/escolavalldaura\/general\/lafi-de-lescola-valldaura-finalista-als-premis-affac-votans\/","title":{"rendered":"L\u2019AFI de l\u2019Escola Valldaura, finalista als Premis AFFAC: vota\u2019ns!"},"content":{"rendered":"\n<p>Ens fa molta il\u00b7lusi\u00f3 anunciar que l\u2019<strong>AFI de l\u2019Escola Valldaura de Manresa<\/strong> ha estat seleccionada com a <strong>finalista als Premis AFFAC<\/strong>, uns guardons que reconeixen projectes impulsats per les associacions de fam\u00edlies que treballen per una escola m\u00e9s participativa, inclusiva i cohesionada.<\/p>\n\n\n\n<p>El projecte presentat, que t\u00e9 com a eix la <strong>festa de l\u2019escola<\/strong>, posa en valor la import\u00e0ncia de crear espais de trobada que <strong>enforteixin els vincles entre fam\u00edlies, infants i comunitat educativa<\/strong>, afavorint la cohesi\u00f3 social i el treball en xarxa. Un impacte que es viu dins la nostra escola i que, <strong>de retruc, repercuteix positivament en la ciutat de Manresa<\/strong>.<\/p>\n\n\n\n<p>Guanyar aquest premi suposaria obtenir uns <strong>recursos econ\u00f2mics<\/strong> que ens ajudarien a continuar organitzant activitats comunit\u00e0ries i a seguir construint una escola oberta, viva i arrelada al seu entorn.<\/p>\n\n\n\n<p>\ud83d\uddf3\ufe0f <strong>Com pots ajudar-nos?<\/strong><br>Participant a la votaci\u00f3 popular. Votar \u00e9s molt senzill i nom\u00e9s cal un moment:<br>\ud83d\udc49 <a href=\"https:\/\/premisaffac.cat\/votacions\/\">https:\/\/premisaffac.cat\/votacions\/<\/a><\/p>\n\n\n\n<p>\ud83c\udfa5 Tamb\u00e9 podeu veure el <strong>v\u00eddeo del projecte finalista<\/strong>, amb imatges de la festa de l\u2019escola, que reflecteix molt b\u00e9 l\u2019esperit de comunitat que compartim:<br>\ud83d\udc49 <a href=\"https:\/\/www.instagram.com\/reel\/DJwTwOMIrjr\/?igsh=dDlkM2p1YzNiZ3Uz\">https:\/\/www.instagram.com\/reel\/DJwTwOMIrjr\/?igsh=dDlkM2p1YzNiZ3Uz<\/a><\/p>\n\n\n\n<p>Des de l\u2019AFI i l\u2019escola, <strong>us agra\u00efm molt el vostre suport i la vostra implicaci\u00f3<\/strong>. Junts i juntes, continuem fent xarxa i construint comunitat.<\/p>\n\n\n\n<p>AFI Escola Valldaura<\/p>\n\n\n<figure class=\"wp-block-post-featured-image\"><img loading=\"lazy\" decoding=\"async\" width=\"1285\" height=\"859\" src=\"https:\/\/agora.xtec.cat\/escolavalldaura\/wp-content\/uploads\/usu1912\/2026\/01\/Captura-de-pantalla-2026-01-21-135129.png\" class=\"attachment-post-thumbnail size-post-thumbnail wp-post-image\" alt=\"\" style=\"object-fit:cover;\" srcset=\"https:\/\/agora.xtec.cat\/escolavalldaura\/wp-content\/uploads\/usu1912\/2026\/01\/Captura-de-pantalla-2026-01-21-135129.png 1285w, https:\/\/agora.xtec.cat\/escolavalldaura\/wp-content\/uploads\/usu1912\/2026\/01\/Captura-de-pantalla-2026-01-21-135129-300x201.png 300w, https:\/\/agora.xtec.cat\/escolavalldaura\/wp-content\/uploads\/usu1912\/2026\/01\/Captura-de-pantalla-2026-01-21-135129-1024x685.png 1024w, https:\/\/agora.xtec.cat\/escolavalldaura\/wp-content\/uploads\/usu1912\/2026\/01\/Captura-de-pantalla-2026-01-21-135129-768x513.png 768w\" sizes=\"auto, (max-width: 1285px) 100vw, 1285px\" \/><\/figure>","protected":false},"excerpt":{"rendered":"<p>Ens fa molta il\u00b7lusi\u00f3 anunciar que l\u2019AFI de l\u2019Escola Valldaura de Manresa ha estat seleccionada com a finalista als Premis AFFAC, uns guardons que reconeixen projectes impulsats per les associacions de fam\u00edlies que treballen per una escola m\u00e9s participativa, inclusiva i cohesionada. El projecte presentat, que t\u00e9 com a eix la festa de l\u2019escola, posa [&hellip;]<\/p>\n","protected":false},"author":23,"featured_media":7551,"comment_status":"open","ping_status":"open","sticky":false,"template":"","format":"standard","meta":{"_bbp_topic_count":0,"_bbp_reply_count":0,"_bbp_total_topic_count":0,"_bbp_total_reply_count":0,"_bbp_voice_count":0,"_bbp_anonymous_reply_count":0,"_bbp_topic_count_hidden":0,"_bbp_reply_count_hidden":0,"_bbp_forum_subforum_count":0,"site-sidebar-layout":"default","site-content-layout":"","ast-site-content-layout":"default","site-content-style":"default","site-sidebar-style":"default","ast-global-header-display":"","ast-banner-title-visibility":"","ast-main-header-display":"","ast-hfb-above-header-display":"","ast-hfb-below-header-display":"","ast-hfb-mobile-header-display":"","site-post-title":"","ast-breadcrumbs-content":"","ast-featured-img":"","footer-sml-layout":"","theme-transparent-header-meta":"","adv-header-id-meta":"","stick-header-meta":"","header-above-stick-meta":"","header-main-stick-meta":"","header-below-stick-meta":"","astra-migrate-meta-layouts":"set","ast-page-background-enabled":"default","ast-page-background-meta":{"desktop":{"background-color":"var(--ast-global-color-4)","background-image":"","background-repeat":"repeat","background-position":"center center","background-size":"auto","background-attachment":"scroll","background-type":"","background-media":"","overlay-type":"","overlay-color":"","overlay-opacity":"","overlay-gradient":""},"tablet":{"background-color":"","background-image":"","background-repeat":"repeat","background-position":"center center","background-size":"auto","background-attachment":"scroll","background-type":"","background-media":"","overlay-type":"","overlay-color":"","overlay-opacity":"","overlay-gradient":""},"mobile":{"background-color":"","background-image":"","background-repeat":"repeat","background-position":"center center","background-size":"auto","background-attachment":"scroll","background-type":"","background-media":"","overlay-type":"","overlay-color":"","overlay-opacity":"","overlay-gradient":""}},"ast-content-background-meta":{"desktop":{"background-color":"var(--ast-global-color-5)","background-image":"","background-repeat":"repeat","background-position":"center center","background-size":"auto","background-attachment":"scroll","background-type":"","background-media":"","overlay-type":"","overlay-color":"","overlay-opacity":"","overlay-gradient":""},"tablet":{"background-color":"var(--ast-global-color-5)","background-image":"","background-repeat":"repeat","background-position":"center center","background-size":"auto","background-attachment":"scroll","background-type":"","background-media":"","overlay-type":"","overlay-color":"","overlay-opacity":"","overlay-gradient":""},"mobile":{"background-color":"var(--ast-global-color-5)","background-image":"","background-repeat":"repeat","background-position":"center center","background-size":"auto","background-attachment":"scroll","background-type":"","background-media":"","overlay-type":"","overlay-color":"","overlay-opacity":"","overlay-gradient":""}},"footnotes":""},"categories":[61,209,1,4],"tags":[],"class_list":["post-7549","post","type-post","status-publish","format-standard","has-post-thumbnail","hentry","category-afi","category-festes-activitats-de-centre","category-general","category-portada"],"post_mailing_queue_ids":[],"_links":{"self":[{"href":"https:\/\/agora.xtec.cat\/escolavalldaura\/wp-json\/wp\/v2\/posts\/7549","targetHints":{"allow":["GET"]}}],"collection":[{"href":"https:\/\/agora.xtec.cat\/escolavalldaura\/wp-json\/wp\/v2\/posts"}],"about":[{"href":"https:\/\/agora.xtec.cat\/escolavalldaura\/wp-json\/wp\/v2\/types\/post"}],"author":[{"embeddable":true,"href":"https:\/\/agora.xtec.cat\/escolavalldaura\/wp-json\/wp\/v2\/users\/23"}],"replies":[{"embeddable":true,"href":"https:\/\/agora.xtec.cat\/escolavalldaura\/wp-json\/wp\/v2\/comments?post=7549"}],"version-history":[{"count":1,"href":"https:\/\/agora.xtec.cat\/escolavalldaura\/wp-json\/wp\/v2\/posts\/7549\/revisions"}],"predecessor-version":[{"id":7552,"href":"https:\/\/agora.xtec.cat\/escolavalldaura\/wp-json\/wp\/v2\/posts\/7549\/revisions\/7552"}],"wp:featuredmedia":[{"embeddable":true,"href":"https:\/\/agora.xtec.cat\/escolavalldaura\/wp-json\/wp\/v2\/media\/7551"}],"wp:attachment":[{"href":"https:\/\/agora.xtec.cat\/escolavalldaura\/wp-json\/wp\/v2\/media?parent=7549"}],"wp:term":[{"taxonomy":"category","embeddable":true,"href":"https:\/\/agora.xtec.cat\/escolavalldaura\/wp-json\/wp\/v2\/categories?post=7549"},{"taxonomy":"post_tag","embeddable":true,"href":"https:\/\/agora.xtec.cat\/escolavalldaura\/wp-json\/wp\/v2\/tags?post=7549"}],"curies":[{"name":"wp","href":"https:\/\/api.w.org\/{rel}","templated":true}]}}