{"id":7501,"date":"2025-12-19T13:00:00","date_gmt":"2025-12-19T12:00:00","guid":{"rendered":"https:\/\/agora.xtec.cat\/escolavalldaura\/?p=7501"},"modified":"2025-12-17T09:17:35","modified_gmt":"2025-12-17T08:17:35","slug":"nadal","status":"publish","type":"post","link":"https:\/\/agora.xtec.cat\/escolavalldaura\/general\/nadal\/","title":{"rendered":"NADAL"},"content":{"rendered":"\n<p>Per Nadal sembla que una llum diferent s\u2019encengui dins nostre, una llum que no dep\u00e8n dels carrers ni dels fanals, sin\u00f3 de tot all\u00f2 que compartim: les paraules que reconforten, els gestos que acosten i la voluntat sincera de tenir cura els uns dels altres.<\/p>\n\n\n\n<p>A l\u2019escola, aquesta llum es fa present en la manera com ens mirem, ens escoltem i ens acompanyem. Enguany l\u2019hem alimentat amb un munt d\u2019activitats que han omplert el desembre d\u2019emocions i vida compartida: hem anat a la riera a buscar el ti\u00f3 i l\u2019hem cuidat entre tots, hem creat postals de Nadal, hem cantat a les llars d\u2019infants l&#8217;Estel i l&#8217;Espurna, hem celebrat el nostre concert de Nadal al Teatre Conservatori, hem fet galetes de Nadal amb les fam\u00edlies, hem fet cagar el ti\u00f3 i hem gaudit d\u2019un esmorzar col\u00b7lectiu al pati amb tot all\u00f2 que ens ha cagat.<\/p>\n\n\n\n<p>Totes aquestes viv\u00e8ncies ens recorden que el Nadal va molt m\u00e9s enll\u00e0 de les tradicions; \u00e9s un temps per enfortir els vincles, per apropar-nos i per donar valor a la vida que constru\u00efm plegades cada dia.<\/p>\n\n\n\n<p>Bones festes a tothom!<\/p>\n\n\n<figure class=\"wp-block-post-featured-image\"><img loading=\"lazy\" decoding=\"async\" width=\"1707\" height=\"2560\" src=\"https:\/\/agora.xtec.cat\/escolavalldaura\/wp-content\/uploads\/usu1912\/2025\/12\/IMG-20251216-WA0030-scaled.jpg\" class=\"attachment-post-thumbnail size-post-thumbnail wp-post-image\" alt=\"\" style=\"object-fit:cover;\" srcset=\"https:\/\/agora.xtec.cat\/escolavalldaura\/wp-content\/uploads\/usu1912\/2025\/12\/IMG-20251216-WA0030-scaled.jpg 1707w, https:\/\/agora.xtec.cat\/escolavalldaura\/wp-content\/uploads\/usu1912\/2025\/12\/IMG-20251216-WA0030-200x300.jpg 200w, https:\/\/agora.xtec.cat\/escolavalldaura\/wp-content\/uploads\/usu1912\/2025\/12\/IMG-20251216-WA0030-683x1024.jpg 683w, https:\/\/agora.xtec.cat\/escolavalldaura\/wp-content\/uploads\/usu1912\/2025\/12\/IMG-20251216-WA0030-768x1152.jpg 768w, https:\/\/agora.xtec.cat\/escolavalldaura\/wp-content\/uploads\/usu1912\/2025\/12\/IMG-20251216-WA0030-1024x1536.jpg 1024w, https:\/\/agora.xtec.cat\/escolavalldaura\/wp-content\/uploads\/usu1912\/2025\/12\/IMG-20251216-WA0030-1366x2048.jpg 1366w\" sizes=\"auto, (max-width: 1707px) 100vw, 1707px\" \/><\/figure>","protected":false},"excerpt":{"rendered":"<p>Per Nadal sembla que una llum diferent s\u2019encengui dins nostre, una llum que no dep\u00e8n dels carrers ni dels fanals, sin\u00f3 de tot all\u00f2 que compartim: les paraules que reconforten, els gestos que acosten i la voluntat sincera de tenir cura els uns dels altres. A l\u2019escola, aquesta llum es fa present en la manera [&hellip;]<\/p>\n","protected":false},"author":23,"featured_media":7528,"comment_status":"open","ping_status":"open","sticky":false,"template":"","format":"standard","meta":{"_bbp_topic_count":0,"_bbp_reply_count":0,"_bbp_total_topic_count":0,"_bbp_total_reply_count":0,"_bbp_voice_count":0,"_bbp_anonymous_reply_count":0,"_bbp_topic_count_hidden":0,"_bbp_reply_count_hidden":0,"_bbp_forum_subforum_count":0,"site-sidebar-layout":"default","site-content-layout":"","ast-site-content-layout":"default","site-content-style":"default","site-sidebar-style":"default","ast-global-header-display":"","ast-banner-title-visibility":"","ast-main-header-display":"","ast-hfb-above-header-display":"","ast-hfb-below-header-display":"","ast-hfb-mobile-header-display":"","site-post-title":"","ast-breadcrumbs-content":"","ast-featured-img":"","footer-sml-layout":"","theme-transparent-header-meta":"","adv-header-id-meta":"","stick-header-meta":"","header-above-stick-meta":"","header-main-stick-meta":"","header-below-stick-meta":"","astra-migrate-meta-layouts":"set","ast-page-background-enabled":"default","ast-page-background-meta":{"desktop":{"background-color":"var(--ast-global-color-4)","background-image":"","background-repeat":"repeat","background-position":"center center","background-size":"auto","background-attachment":"scroll","background-type":"","background-media":"","overlay-type":"","overlay-color":"","overlay-opacity":"","overlay-gradient":""},"tablet":{"background-color":"","background-image":"","background-repeat":"repeat","background-position":"center center","background-size":"auto","background-attachment":"scroll","background-type":"","background-media":"","overlay-type":"","overlay-color":"","overlay-opacity":"","overlay-gradient":""},"mobile":{"background-color":"","background-image":"","background-repeat":"repeat","background-position":"center center","background-size":"auto","background-attachment":"scroll","background-type":"","background-media":"","overlay-type":"","overlay-color":"","overlay-opacity":"","overlay-gradient":""}},"ast-content-background-meta":{"desktop":{"background-color":"var(--ast-global-color-5)","background-image":"","background-repeat":"repeat","background-position":"center center","background-size":"auto","background-attachment":"scroll","background-type":"","background-media":"","overlay-type":"","overlay-color":"","overlay-opacity":"","overlay-gradient":""},"tablet":{"background-color":"var(--ast-global-color-5)","background-image":"","background-repeat":"repeat","background-position":"center center","background-size":"auto","background-attachment":"scroll","background-type":"","background-media":"","overlay-type":"","overlay-color":"","overlay-opacity":"","overlay-gradient":""},"mobile":{"background-color":"var(--ast-global-color-5)","background-image":"","background-repeat":"repeat","background-position":"center center","background-size":"auto","background-attachment":"scroll","background-type":"","background-media":"","overlay-type":"","overlay-color":"","overlay-opacity":"","overlay-gradient":""}},"footnotes":""},"categories":[209,1,4],"tags":[],"class_list":["post-7501","post","type-post","status-publish","format-standard","has-post-thumbnail","hentry","category-festes-activitats-de-centre","category-general","category-portada"],"post_mailing_queue_ids":[],"_links":{"self":[{"href":"https:\/\/agora.xtec.cat\/escolavalldaura\/wp-json\/wp\/v2\/posts\/7501","targetHints":{"allow":["GET"]}}],"collection":[{"href":"https:\/\/agora.xtec.cat\/escolavalldaura\/wp-json\/wp\/v2\/posts"}],"about":[{"href":"https:\/\/agora.xtec.cat\/escolavalldaura\/wp-json\/wp\/v2\/types\/post"}],"author":[{"embeddable":true,"href":"https:\/\/agora.xtec.cat\/escolavalldaura\/wp-json\/wp\/v2\/users\/23"}],"replies":[{"embeddable":true,"href":"https:\/\/agora.xtec.cat\/escolavalldaura\/wp-json\/wp\/v2\/comments?post=7501"}],"version-history":[{"count":2,"href":"https:\/\/agora.xtec.cat\/escolavalldaura\/wp-json\/wp\/v2\/posts\/7501\/revisions"}],"predecessor-version":[{"id":7529,"href":"https:\/\/agora.xtec.cat\/escolavalldaura\/wp-json\/wp\/v2\/posts\/7501\/revisions\/7529"}],"wp:featuredmedia":[{"embeddable":true,"href":"https:\/\/agora.xtec.cat\/escolavalldaura\/wp-json\/wp\/v2\/media\/7528"}],"wp:attachment":[{"href":"https:\/\/agora.xtec.cat\/escolavalldaura\/wp-json\/wp\/v2\/media?parent=7501"}],"wp:term":[{"taxonomy":"category","embeddable":true,"href":"https:\/\/agora.xtec.cat\/escolavalldaura\/wp-json\/wp\/v2\/categories?post=7501"},{"taxonomy":"post_tag","embeddable":true,"href":"https:\/\/agora.xtec.cat\/escolavalldaura\/wp-json\/wp\/v2\/tags?post=7501"}],"curies":[{"name":"wp","href":"https:\/\/api.w.org\/{rel}","templated":true}]}}