{"id":7463,"date":"2025-11-18T14:37:36","date_gmt":"2025-11-18T13:37:36","guid":{"rendered":"https:\/\/agora.xtec.cat\/escolavalldaura\/?p=7463"},"modified":"2025-11-19T09:11:11","modified_gmt":"2025-11-19T08:11:11","slug":"treball-en-la-diversitat-afectiva-i-de-genere","status":"publish","type":"post","link":"https:\/\/agora.xtec.cat\/escolavalldaura\/general\/treball-en-la-diversitat-afectiva-i-de-genere\/","title":{"rendered":"TREBALL EN LA DIVERSITAT AFECTIVA I DE G\u00c8NERE"},"content":{"rendered":"\n<p>A l\u2019escola continuem aprofundint en la construcci\u00f3 d\u2019un entorn educatiu que respecti i valori la diversitat de g\u00e8nere i l\u2019afectivitat-sexual. La nostra tasca a l\u2019aula inclou propostes pedag\u00f2giques que fomenten el pensament cr\u00edtic, la llibertat d\u2019expressi\u00f3 i el respecte envers totes les identitats i realitats familiars.<\/p>\n\n\n\n<p>Els contes i materials que treballem amb l\u2019alumnat ens permeten obrir converses significatives, trencar estereotips i promoure una conviv\u00e8ncia basada en la igualtat i la inclusi\u00f3. Considerem essencial que els infants trobin a l\u2019escola un espai segur i acollidor on puguin cr\u00e9ixer lliurement i sense prejudicis.<\/p>\n\n\n\n<p>Gr\u00e0cies a la col\u00b7laboraci\u00f3 de l\u2019<strong>Associaci\u00f3 Fam\u00edlies LGTBI+<\/strong>, rebem una dotaci\u00f3 de contes i recursos que ens permeten ampliar el fons de biblioteca del centre i enriquir les activitats a l\u2019aula. Aquesta aportaci\u00f3 \u00e9s clau per continuar avan\u00e7ant en la coeducaci\u00f3 i en l\u2019educaci\u00f3 per a la diversitat.<\/p>\n\n\n\n<p>La setmana passada diversos mitjans de comunicaci\u00f3 es van fer ress\u00f2 del nostre projecte. Podeu llegir les not\u00edcies als seg\u00fcents enlla\u00e7os:<\/p>\n\n\n\n<ul class=\"wp-block-list\">\n<li><strong>Naci\u00f3 Digital:<\/strong> <em>Un conte a l\u2019escola Valldaura de Manresa trenca estereotips de g\u00e8nere i fomenta el respecte<\/em><br><a href=\"https:\/\/naciodigital.cat\/manresa\/societat\/un-conte-a-lescola-valldaura-de-manresa-trenca-estereotips-de-genere-i-fomenta-el-respecte.html?utm_source=chatgpt.com\">https:\/\/naciodigital.cat\/manresa\/societat\/un-conte-a-lescola-valldaura-de-manresa-trenca-estereotips-de-genere-i-fomenta-el-respecte.html<\/a><\/li>\n\n\n\n<li><strong>Diari de Girona:<\/strong> <em>Contes per prevenir l\u2019homof\u00f2bia<\/em><br><a href=\"https:\/\/www.diaridegirona.cat\/societat\/2025\/11\/13\/contes-per-prevenir-lhomofobia-lassociacio-123668215.amp.html\">https:\/\/www.diaridegirona.cat\/societat\/2025\/11\/13\/contes-per-prevenir-lhomofobia-lassociacio-123668215.amp.html<\/a><\/li>\n\n\n\n<li><strong>La Vanguardia:<\/strong> <em>Contes per prevenir l\u2019homof\u00f2bia: l\u2019Associaci\u00f3 Fam\u00edlies LGTBI+ promou la diversitat a les aules<\/em><br><a href=\"https:\/\/www.lavanguardia.com\/vida\/20251113\/11258396\/contes-per-prevenir-l-homofobia-l-associacio-families-lgtbi-promou-diversitat-les-aules-agenciaslv20251113.amp.html\">https:\/\/www.lavanguardia.com\/vida\/20251113\/11258396\/contes-per-prevenir-l-homofobia-l-associacio-families-lgtbi-promou-diversitat-les-aules-agenciaslv20251113.amp.html<\/a><\/li>\n<\/ul>\n\n\n\n<p>Amb pas ferm anem caminant cap a una educaci\u00f3 m\u00e9s oberta, respectuosa i diversa.<\/p>\n\n\n<figure class=\"wp-block-post-featured-image\"><img loading=\"lazy\" decoding=\"async\" width=\"1200\" height=\"750\" src=\"https:\/\/agora.xtec.cat\/escolavalldaura\/wp-content\/uploads\/usu1912\/2025\/11\/articulos-632824.jpg\" class=\"attachment-post-thumbnail size-post-thumbnail wp-post-image\" alt=\"\" style=\"object-fit:cover;\" srcset=\"https:\/\/agora.xtec.cat\/escolavalldaura\/wp-content\/uploads\/usu1912\/2025\/11\/articulos-632824.jpg 1200w, https:\/\/agora.xtec.cat\/escolavalldaura\/wp-content\/uploads\/usu1912\/2025\/11\/articulos-632824-300x188.jpg 300w, https:\/\/agora.xtec.cat\/escolavalldaura\/wp-content\/uploads\/usu1912\/2025\/11\/articulos-632824-1024x640.jpg 1024w, https:\/\/agora.xtec.cat\/escolavalldaura\/wp-content\/uploads\/usu1912\/2025\/11\/articulos-632824-768x480.jpg 768w\" sizes=\"auto, (max-width: 1200px) 100vw, 1200px\" \/><\/figure>","protected":false},"excerpt":{"rendered":"<p>A l\u2019escola continuem aprofundint en la construcci\u00f3 d\u2019un entorn educatiu que respecti i valori la diversitat de g\u00e8nere i l\u2019afectivitat-sexual. La nostra tasca a l\u2019aula inclou propostes pedag\u00f2giques que fomenten el pensament cr\u00edtic, la llibertat d\u2019expressi\u00f3 i el respecte envers totes les identitats i realitats familiars. Els contes i materials que treballem amb l\u2019alumnat ens [&hellip;]<\/p>\n","protected":false},"author":23,"featured_media":7465,"comment_status":"open","ping_status":"open","sticky":false,"template":"","format":"standard","meta":{"_bbp_topic_count":0,"_bbp_reply_count":0,"_bbp_total_topic_count":0,"_bbp_total_reply_count":0,"_bbp_voice_count":0,"_bbp_anonymous_reply_count":0,"_bbp_topic_count_hidden":0,"_bbp_reply_count_hidden":0,"_bbp_forum_subforum_count":0,"site-sidebar-layout":"default","site-content-layout":"","ast-site-content-layout":"default","site-content-style":"default","site-sidebar-style":"default","ast-global-header-display":"","ast-banner-title-visibility":"","ast-main-header-display":"","ast-hfb-above-header-display":"","ast-hfb-below-header-display":"","ast-hfb-mobile-header-display":"","site-post-title":"","ast-breadcrumbs-content":"","ast-featured-img":"","footer-sml-layout":"","theme-transparent-header-meta":"","adv-header-id-meta":"","stick-header-meta":"","header-above-stick-meta":"","header-main-stick-meta":"","header-below-stick-meta":"","astra-migrate-meta-layouts":"set","ast-page-background-enabled":"default","ast-page-background-meta":{"desktop":{"background-color":"var(--ast-global-color-4)","background-image":"","background-repeat":"repeat","background-position":"center center","background-size":"auto","background-attachment":"scroll","background-type":"","background-media":"","overlay-type":"","overlay-color":"","overlay-opacity":"","overlay-gradient":""},"tablet":{"background-color":"","background-image":"","background-repeat":"repeat","background-position":"center center","background-size":"auto","background-attachment":"scroll","background-type":"","background-media":"","overlay-type":"","overlay-color":"","overlay-opacity":"","overlay-gradient":""},"mobile":{"background-color":"","background-image":"","background-repeat":"repeat","background-position":"center center","background-size":"auto","background-attachment":"scroll","background-type":"","background-media":"","overlay-type":"","overlay-color":"","overlay-opacity":"","overlay-gradient":""}},"ast-content-background-meta":{"desktop":{"background-color":"var(--ast-global-color-5)","background-image":"","background-repeat":"repeat","background-position":"center center","background-size":"auto","background-attachment":"scroll","background-type":"","background-media":"","overlay-type":"","overlay-color":"","overlay-opacity":"","overlay-gradient":""},"tablet":{"background-color":"var(--ast-global-color-5)","background-image":"","background-repeat":"repeat","background-position":"center center","background-size":"auto","background-attachment":"scroll","background-type":"","background-media":"","overlay-type":"","overlay-color":"","overlay-opacity":"","overlay-gradient":""},"mobile":{"background-color":"var(--ast-global-color-5)","background-image":"","background-repeat":"repeat","background-position":"center center","background-size":"auto","background-attachment":"scroll","background-type":"","background-media":"","overlay-type":"","overlay-color":"","overlay-opacity":"","overlay-gradient":""}},"footnotes":""},"categories":[210,1,4,214],"tags":[],"class_list":["post-7463","post","type-post","status-publish","format-standard","has-post-thumbnail","hentry","category-coeducacio","category-general","category-portada","category-premsa"],"post_mailing_queue_ids":[],"_links":{"self":[{"href":"https:\/\/agora.xtec.cat\/escolavalldaura\/wp-json\/wp\/v2\/posts\/7463","targetHints":{"allow":["GET"]}}],"collection":[{"href":"https:\/\/agora.xtec.cat\/escolavalldaura\/wp-json\/wp\/v2\/posts"}],"about":[{"href":"https:\/\/agora.xtec.cat\/escolavalldaura\/wp-json\/wp\/v2\/types\/post"}],"author":[{"embeddable":true,"href":"https:\/\/agora.xtec.cat\/escolavalldaura\/wp-json\/wp\/v2\/users\/23"}],"replies":[{"embeddable":true,"href":"https:\/\/agora.xtec.cat\/escolavalldaura\/wp-json\/wp\/v2\/comments?post=7463"}],"version-history":[{"count":2,"href":"https:\/\/agora.xtec.cat\/escolavalldaura\/wp-json\/wp\/v2\/posts\/7463\/revisions"}],"predecessor-version":[{"id":7468,"href":"https:\/\/agora.xtec.cat\/escolavalldaura\/wp-json\/wp\/v2\/posts\/7463\/revisions\/7468"}],"wp:featuredmedia":[{"embeddable":true,"href":"https:\/\/agora.xtec.cat\/escolavalldaura\/wp-json\/wp\/v2\/media\/7465"}],"wp:attachment":[{"href":"https:\/\/agora.xtec.cat\/escolavalldaura\/wp-json\/wp\/v2\/media?parent=7463"}],"wp:term":[{"taxonomy":"category","embeddable":true,"href":"https:\/\/agora.xtec.cat\/escolavalldaura\/wp-json\/wp\/v2\/categories?post=7463"},{"taxonomy":"post_tag","embeddable":true,"href":"https:\/\/agora.xtec.cat\/escolavalldaura\/wp-json\/wp\/v2\/tags?post=7463"}],"curies":[{"name":"wp","href":"https:\/\/api.w.org\/{rel}","templated":true}]}}