{"id":7459,"date":"2025-11-09T21:00:00","date_gmt":"2025-11-09T20:00:00","guid":{"rendered":"https:\/\/agora.xtec.cat\/escolavalldaura\/?p=7459"},"modified":"2025-11-09T20:07:14","modified_gmt":"2025-11-09T19:07:14","slug":"matinal-en-familia","status":"publish","type":"post","link":"https:\/\/agora.xtec.cat\/escolavalldaura\/general\/matinal-en-familia\/","title":{"rendered":"MATINAL EN FAM\u00cdLIA"},"content":{"rendered":"\n<p>Aquest cap de setmana hem viscut una matinal molt especial a l\u2019escola, oberta a totes les fam\u00edlies de la comunitat educativa. Ha estat una jornada plena de col\u00b7laboraci\u00f3, creativitat i bon ambient.<\/p>\n\n\n\n<p>Al llarg del mat\u00ed, grans i petits hem treballat plegats per donar color al nostre pati: hem pintat la porta d&#8217;infantil i els jocs del terra. I mentre gaud\u00edem del vermut, els gegants de l\u2019escola han sortit a ballar, omplint el pati de m\u00fasica, complicitat i festa.<\/p>\n\n\n\n<p>M\u00e9s enll\u00e0 de les activitats, el m\u00e9s valu\u00f3s ha estat tornar-nos a trobar i enfortir els lligams que ens uneixen com a escola. Fer comunitat \u00e9s, sens dubte, all\u00f2 que d\u00f3na sentit a tot el que fem.<\/p>\n\n\n\n<p>Gr\u00e0cies a totes les fam\u00edlies que heu vingut! A les que no heu pogut, us esperem a la propera!<\/p>\n\n\n<figure class=\"wp-block-post-featured-image\"><img loading=\"lazy\" decoding=\"async\" width=\"813\" height=\"616\" src=\"https:\/\/agora.xtec.cat\/escolavalldaura\/wp-content\/uploads\/usu1912\/2025\/11\/Captura-de-pantalla-2025-11-09-200540.png\" class=\"attachment-post-thumbnail size-post-thumbnail wp-post-image\" alt=\"\" style=\"object-fit:cover;\" srcset=\"https:\/\/agora.xtec.cat\/escolavalldaura\/wp-content\/uploads\/usu1912\/2025\/11\/Captura-de-pantalla-2025-11-09-200540.png 813w, https:\/\/agora.xtec.cat\/escolavalldaura\/wp-content\/uploads\/usu1912\/2025\/11\/Captura-de-pantalla-2025-11-09-200540-300x227.png 300w, https:\/\/agora.xtec.cat\/escolavalldaura\/wp-content\/uploads\/usu1912\/2025\/11\/Captura-de-pantalla-2025-11-09-200540-768x582.png 768w\" sizes=\"auto, (max-width: 813px) 100vw, 813px\" \/><\/figure>","protected":false},"excerpt":{"rendered":"<p>Aquest cap de setmana hem viscut una matinal molt especial a l\u2019escola, oberta a totes les fam\u00edlies de la comunitat educativa. Ha estat una jornada plena de col\u00b7laboraci\u00f3, creativitat i bon ambient. Al llarg del mat\u00ed, grans i petits hem treballat plegats per donar color al nostre pati: hem pintat la porta d&#8217;infantil i els [&hellip;]<\/p>\n","protected":false},"author":23,"featured_media":7461,"comment_status":"open","ping_status":"open","sticky":false,"template":"","format":"standard","meta":{"_bbp_topic_count":0,"_bbp_reply_count":0,"_bbp_total_topic_count":0,"_bbp_total_reply_count":0,"_bbp_voice_count":0,"_bbp_anonymous_reply_count":0,"_bbp_topic_count_hidden":0,"_bbp_reply_count_hidden":0,"_bbp_forum_subforum_count":0,"site-sidebar-layout":"default","site-content-layout":"","ast-site-content-layout":"default","site-content-style":"default","site-sidebar-style":"default","ast-global-header-display":"","ast-banner-title-visibility":"","ast-main-header-display":"","ast-hfb-above-header-display":"","ast-hfb-below-header-display":"","ast-hfb-mobile-header-display":"","site-post-title":"","ast-breadcrumbs-content":"","ast-featured-img":"","footer-sml-layout":"","theme-transparent-header-meta":"","adv-header-id-meta":"","stick-header-meta":"","header-above-stick-meta":"","header-main-stick-meta":"","header-below-stick-meta":"","astra-migrate-meta-layouts":"set","ast-page-background-enabled":"default","ast-page-background-meta":{"desktop":{"background-color":"var(--ast-global-color-4)","background-image":"","background-repeat":"repeat","background-position":"center center","background-size":"auto","background-attachment":"scroll","background-type":"","background-media":"","overlay-type":"","overlay-color":"","overlay-opacity":"","overlay-gradient":""},"tablet":{"background-color":"","background-image":"","background-repeat":"repeat","background-position":"center center","background-size":"auto","background-attachment":"scroll","background-type":"","background-media":"","overlay-type":"","overlay-color":"","overlay-opacity":"","overlay-gradient":""},"mobile":{"background-color":"","background-image":"","background-repeat":"repeat","background-position":"center center","background-size":"auto","background-attachment":"scroll","background-type":"","background-media":"","overlay-type":"","overlay-color":"","overlay-opacity":"","overlay-gradient":""}},"ast-content-background-meta":{"desktop":{"background-color":"var(--ast-global-color-5)","background-image":"","background-repeat":"repeat","background-position":"center center","background-size":"auto","background-attachment":"scroll","background-type":"","background-media":"","overlay-type":"","overlay-color":"","overlay-opacity":"","overlay-gradient":""},"tablet":{"background-color":"var(--ast-global-color-5)","background-image":"","background-repeat":"repeat","background-position":"center center","background-size":"auto","background-attachment":"scroll","background-type":"","background-media":"","overlay-type":"","overlay-color":"","overlay-opacity":"","overlay-gradient":""},"mobile":{"background-color":"var(--ast-global-color-5)","background-image":"","background-repeat":"repeat","background-position":"center center","background-size":"auto","background-attachment":"scroll","background-type":"","background-media":"","overlay-type":"","overlay-color":"","overlay-opacity":"","overlay-gradient":""}},"footnotes":""},"categories":[61,210,1,4],"tags":[],"class_list":["post-7459","post","type-post","status-publish","format-standard","has-post-thumbnail","hentry","category-afi","category-coeducacio","category-general","category-portada"],"post_mailing_queue_ids":[],"_links":{"self":[{"href":"https:\/\/agora.xtec.cat\/escolavalldaura\/wp-json\/wp\/v2\/posts\/7459","targetHints":{"allow":["GET"]}}],"collection":[{"href":"https:\/\/agora.xtec.cat\/escolavalldaura\/wp-json\/wp\/v2\/posts"}],"about":[{"href":"https:\/\/agora.xtec.cat\/escolavalldaura\/wp-json\/wp\/v2\/types\/post"}],"author":[{"embeddable":true,"href":"https:\/\/agora.xtec.cat\/escolavalldaura\/wp-json\/wp\/v2\/users\/23"}],"replies":[{"embeddable":true,"href":"https:\/\/agora.xtec.cat\/escolavalldaura\/wp-json\/wp\/v2\/comments?post=7459"}],"version-history":[{"count":1,"href":"https:\/\/agora.xtec.cat\/escolavalldaura\/wp-json\/wp\/v2\/posts\/7459\/revisions"}],"predecessor-version":[{"id":7462,"href":"https:\/\/agora.xtec.cat\/escolavalldaura\/wp-json\/wp\/v2\/posts\/7459\/revisions\/7462"}],"wp:featuredmedia":[{"embeddable":true,"href":"https:\/\/agora.xtec.cat\/escolavalldaura\/wp-json\/wp\/v2\/media\/7461"}],"wp:attachment":[{"href":"https:\/\/agora.xtec.cat\/escolavalldaura\/wp-json\/wp\/v2\/media?parent=7459"}],"wp:term":[{"taxonomy":"category","embeddable":true,"href":"https:\/\/agora.xtec.cat\/escolavalldaura\/wp-json\/wp\/v2\/categories?post=7459"},{"taxonomy":"post_tag","embeddable":true,"href":"https:\/\/agora.xtec.cat\/escolavalldaura\/wp-json\/wp\/v2\/tags?post=7459"}],"curies":[{"name":"wp","href":"https:\/\/api.w.org\/{rel}","templated":true}]}}