{"id":7433,"date":"2025-11-03T14:34:09","date_gmt":"2025-11-03T13:34:09","guid":{"rendered":"https:\/\/agora.xtec.cat\/escolavalldaura\/?p=7433"},"modified":"2025-11-03T14:41:42","modified_gmt":"2025-11-03T13:41:42","slug":"ambients","status":"publish","type":"post","link":"https:\/\/agora.xtec.cat\/escolavalldaura\/general\/ambients\/","title":{"rendered":"AMBIENTS"},"content":{"rendered":"\n<p>Les tardes d&#8217;infantil s\u00f3n molt esperades: els petits i petites de l&#8217;escola fem ambients! S\u00f3n espais on la curiositat, la creativitat i el joc guien cada descoberta. \u00c9s un espai tamb\u00e9 de cohesi\u00f3 i coneixen\u00e7a, ja que ens barregem infants de les 3 aules d&#8217;infantil que tenim.<\/p>\n\n\n\n<p>Cada dilluns, escullen l\u2019ambient on volen participar durant tota la setmana:<br>\ud83c\udfa8 Art<br>\ud83d\udcda Literari<br>\ud83c\udfd7\ufe0f Construccions<br>\ud83d\udd2c Ci\u00e8ncies<br>\ud83e\uddf8 Joc<br>\ud83e\udd38\u200d\u2640\ufe0f Moviment<\/p>\n\n\n\n<p>Cada ambient est\u00e0 format per un grup redu\u00eft d\u2019infants, fet que permet una atenci\u00f3 m\u00e9s propera, un clima tranquil i una participaci\u00f3 activa de tots . <\/p>\n\n\n\n<p>Comencem amb una rotllana inicial, on expliquem les propostes i activitats. Despr\u00e9s arriba el moment d\u2019explorar, provar, crear i compartir lliurement. Finalment, fem una rotllana de cloenda per posar paraules al que hem viscut i apr\u00e8s.<\/p>\n\n\n\n<div class=\"wp-block-getwid-images-slider has-arrows-inside has-dots-inside has-images-center has-cropped-images\"><div class=\"wp-block-getwid-images-slider__wrapper\" data-effect=\"slide\" data-slides-show=\"1\" data-slides-show-laptop=\"1\" data-slides-show-tablet=\"1\" data-slides-show-mobile=\"1\" data-slides-scroll=\"1\" data-autoplay=\"false\" data-pause-hover=\"false\" data-autoplay-speed=\"6000\" data-infinite=\"true\" data-animation-speed=\"800\" data-center-mode=\"false\" data-variable-width=\"false\" data-arrows=\"inside\" data-dots=\"inside\" data-spacing=\"none\"><div class=\"wp-block-getwid-images-slider__item\"><figure><img loading=\"lazy\" decoding=\"async\" width=\"502\" height=\"750\" src=\"https:\/\/agora.xtec.cat\/escolavalldaura\/wp-content\/uploads\/usu1912\/2025\/11\/Captura-de-pantalla-2025-11-03-143125-2.png\" data-id=\"7454\" data-link=\"https:\/\/agora.xtec.cat\/escolavalldaura\/general\/ambients\/attachment\/captura-de-pantalla-2025-11-03-143125-3\/\" data-original-link=\"https:\/\/agora.xtec.cat\/escolavalldaura\/wp-content\/uploads\/usu1912\/2025\/11\/Captura-de-pantalla-2025-11-03-143125-2.png\" class=\"wp-block-getwid-images-slider__image wp-image-7454\" srcset=\"https:\/\/agora.xtec.cat\/escolavalldaura\/wp-content\/uploads\/usu1912\/2025\/11\/Captura-de-pantalla-2025-11-03-143125-2.png 502w, https:\/\/agora.xtec.cat\/escolavalldaura\/wp-content\/uploads\/usu1912\/2025\/11\/Captura-de-pantalla-2025-11-03-143125-2-201x300.png 201w\" sizes=\"auto, (max-width: 502px) 100vw, 502px\" \/><\/figure><\/div><div class=\"wp-block-getwid-images-slider__item\"><figure><img loading=\"lazy\" decoding=\"async\" width=\"498\" height=\"750\" src=\"https:\/\/agora.xtec.cat\/escolavalldaura\/wp-content\/uploads\/usu1912\/2025\/11\/Captura-de-pantalla-2025-11-03-143053-2.png\" data-id=\"7451\" data-link=\"https:\/\/agora.xtec.cat\/escolavalldaura\/general\/ambients\/attachment\/captura-de-pantalla-2025-11-03-143053-3\/\" data-original-link=\"https:\/\/agora.xtec.cat\/escolavalldaura\/wp-content\/uploads\/usu1912\/2025\/11\/Captura-de-pantalla-2025-11-03-143053-2.png\" class=\"wp-block-getwid-images-slider__image wp-image-7451\" srcset=\"https:\/\/agora.xtec.cat\/escolavalldaura\/wp-content\/uploads\/usu1912\/2025\/11\/Captura-de-pantalla-2025-11-03-143053-2.png 498w, https:\/\/agora.xtec.cat\/escolavalldaura\/wp-content\/uploads\/usu1912\/2025\/11\/Captura-de-pantalla-2025-11-03-143053-2-199x300.png 199w\" sizes=\"auto, (max-width: 498px) 100vw, 498px\" \/><\/figure><\/div><div class=\"wp-block-getwid-images-slider__item\"><figure><img loading=\"lazy\" decoding=\"async\" width=\"495\" height=\"748\" src=\"https:\/\/agora.xtec.cat\/escolavalldaura\/wp-content\/uploads\/usu1912\/2025\/11\/Captura-de-pantalla-2025-11-03-143024-2.png\" data-id=\"7450\" data-link=\"https:\/\/agora.xtec.cat\/escolavalldaura\/general\/ambients\/attachment\/captura-de-pantalla-2025-11-03-143024-3\/\" data-original-link=\"https:\/\/agora.xtec.cat\/escolavalldaura\/wp-content\/uploads\/usu1912\/2025\/11\/Captura-de-pantalla-2025-11-03-143024-2.png\" class=\"wp-block-getwid-images-slider__image wp-image-7450\" srcset=\"https:\/\/agora.xtec.cat\/escolavalldaura\/wp-content\/uploads\/usu1912\/2025\/11\/Captura-de-pantalla-2025-11-03-143024-2.png 495w, https:\/\/agora.xtec.cat\/escolavalldaura\/wp-content\/uploads\/usu1912\/2025\/11\/Captura-de-pantalla-2025-11-03-143024-2-199x300.png 199w\" sizes=\"auto, (max-width: 495px) 100vw, 495px\" \/><\/figure><\/div><div class=\"wp-block-getwid-images-slider__item\"><figure><img loading=\"lazy\" decoding=\"async\" width=\"496\" height=\"742\" src=\"https:\/\/agora.xtec.cat\/escolavalldaura\/wp-content\/uploads\/usu1912\/2025\/11\/Captura-de-pantalla-2025-11-03-142952-2.png\" data-id=\"7452\" data-link=\"https:\/\/agora.xtec.cat\/escolavalldaura\/general\/ambients\/attachment\/captura-de-pantalla-2025-11-03-142952-3\/\" data-original-link=\"https:\/\/agora.xtec.cat\/escolavalldaura\/wp-content\/uploads\/usu1912\/2025\/11\/Captura-de-pantalla-2025-11-03-142952-2.png\" class=\"wp-block-getwid-images-slider__image wp-image-7452\" srcset=\"https:\/\/agora.xtec.cat\/escolavalldaura\/wp-content\/uploads\/usu1912\/2025\/11\/Captura-de-pantalla-2025-11-03-142952-2.png 496w, https:\/\/agora.xtec.cat\/escolavalldaura\/wp-content\/uploads\/usu1912\/2025\/11\/Captura-de-pantalla-2025-11-03-142952-2-201x300.png 201w\" sizes=\"auto, (max-width: 496px) 100vw, 496px\" \/><\/figure><\/div><div class=\"wp-block-getwid-images-slider__item\"><figure><img loading=\"lazy\" decoding=\"async\" width=\"495\" height=\"745\" src=\"https:\/\/agora.xtec.cat\/escolavalldaura\/wp-content\/uploads\/usu1912\/2025\/11\/Captura-de-pantalla-2025-11-03-142921-2.png\" data-id=\"7453\" data-link=\"https:\/\/agora.xtec.cat\/escolavalldaura\/general\/ambients\/attachment\/captura-de-pantalla-2025-11-03-142921-3\/\" data-original-link=\"https:\/\/agora.xtec.cat\/escolavalldaura\/wp-content\/uploads\/usu1912\/2025\/11\/Captura-de-pantalla-2025-11-03-142921-2.png\" class=\"wp-block-getwid-images-slider__image wp-image-7453\" srcset=\"https:\/\/agora.xtec.cat\/escolavalldaura\/wp-content\/uploads\/usu1912\/2025\/11\/Captura-de-pantalla-2025-11-03-142921-2.png 495w, https:\/\/agora.xtec.cat\/escolavalldaura\/wp-content\/uploads\/usu1912\/2025\/11\/Captura-de-pantalla-2025-11-03-142921-2-199x300.png 199w\" sizes=\"auto, (max-width: 495px) 100vw, 495px\" \/><\/figure><\/div><div class=\"wp-block-getwid-images-slider__item\"><figure><img loading=\"lazy\" decoding=\"async\" width=\"493\" height=\"745\" src=\"https:\/\/agora.xtec.cat\/escolavalldaura\/wp-content\/uploads\/usu1912\/2025\/11\/Captura-de-pantalla-2025-11-03-142842-2.png\" data-id=\"7455\" data-link=\"https:\/\/agora.xtec.cat\/escolavalldaura\/general\/ambients\/attachment\/captura-de-pantalla-2025-11-03-142842-3\/\" data-original-link=\"https:\/\/agora.xtec.cat\/escolavalldaura\/wp-content\/uploads\/usu1912\/2025\/11\/Captura-de-pantalla-2025-11-03-142842-2.png\" class=\"wp-block-getwid-images-slider__image wp-image-7455\" srcset=\"https:\/\/agora.xtec.cat\/escolavalldaura\/wp-content\/uploads\/usu1912\/2025\/11\/Captura-de-pantalla-2025-11-03-142842-2.png 493w, https:\/\/agora.xtec.cat\/escolavalldaura\/wp-content\/uploads\/usu1912\/2025\/11\/Captura-de-pantalla-2025-11-03-142842-2-199x300.png 199w\" sizes=\"auto, (max-width: 493px) 100vw, 493px\" \/><\/figure><\/div><\/div><\/div>\n","protected":false},"excerpt":{"rendered":"<p>Les tardes d&#8217;infantil s\u00f3n molt esperades: els petits i petites de l&#8217;escola fem ambients! S\u00f3n espais on la curiositat, la creativitat i el joc guien cada descoberta. \u00c9s un espai tamb\u00e9 de cohesi\u00f3 i coneixen\u00e7a, ja que ens barregem infants de les 3 aules d&#8217;infantil que tenim. Cada dilluns, escullen l\u2019ambient on volen participar durant [&hellip;]<\/p>\n","protected":false},"author":23,"featured_media":7437,"comment_status":"open","ping_status":"open","sticky":false,"template":"","format":"standard","meta":{"_bbp_topic_count":0,"_bbp_reply_count":0,"_bbp_total_topic_count":0,"_bbp_total_reply_count":0,"_bbp_voice_count":0,"_bbp_anonymous_reply_count":0,"_bbp_topic_count_hidden":0,"_bbp_reply_count_hidden":0,"_bbp_forum_subforum_count":0,"site-sidebar-layout":"default","site-content-layout":"","ast-site-content-layout":"default","site-content-style":"default","site-sidebar-style":"default","ast-global-header-display":"","ast-banner-title-visibility":"","ast-main-header-display":"","ast-hfb-above-header-display":"","ast-hfb-below-header-display":"","ast-hfb-mobile-header-display":"","site-post-title":"","ast-breadcrumbs-content":"","ast-featured-img":"","footer-sml-layout":"","theme-transparent-header-meta":"","adv-header-id-meta":"","stick-header-meta":"","header-above-stick-meta":"","header-main-stick-meta":"","header-below-stick-meta":"","astra-migrate-meta-layouts":"set","ast-page-background-enabled":"default","ast-page-background-meta":{"desktop":{"background-color":"var(--ast-global-color-4)","background-image":"","background-repeat":"repeat","background-position":"center center","background-size":"auto","background-attachment":"scroll","background-type":"","background-media":"","overlay-type":"","overlay-color":"","overlay-opacity":"","overlay-gradient":""},"tablet":{"background-color":"","background-image":"","background-repeat":"repeat","background-position":"center center","background-size":"auto","background-attachment":"scroll","background-type":"","background-media":"","overlay-type":"","overlay-color":"","overlay-opacity":"","overlay-gradient":""},"mobile":{"background-color":"","background-image":"","background-repeat":"repeat","background-position":"center center","background-size":"auto","background-attachment":"scroll","background-type":"","background-media":"","overlay-type":"","overlay-color":"","overlay-opacity":"","overlay-gradient":""}},"ast-content-background-meta":{"desktop":{"background-color":"var(--ast-global-color-5)","background-image":"","background-repeat":"repeat","background-position":"center center","background-size":"auto","background-attachment":"scroll","background-type":"","background-media":"","overlay-type":"","overlay-color":"","overlay-opacity":"","overlay-gradient":""},"tablet":{"background-color":"var(--ast-global-color-5)","background-image":"","background-repeat":"repeat","background-position":"center center","background-size":"auto","background-attachment":"scroll","background-type":"","background-media":"","overlay-type":"","overlay-color":"","overlay-opacity":"","overlay-gradient":""},"mobile":{"background-color":"var(--ast-global-color-5)","background-image":"","background-repeat":"repeat","background-position":"center center","background-size":"auto","background-attachment":"scroll","background-type":"","background-media":"","overlay-type":"","overlay-color":"","overlay-opacity":"","overlay-gradient":""}},"footnotes":""},"categories":[203,1,4],"tags":[],"class_list":["post-7433","post","type-post","status-publish","format-standard","has-post-thumbnail","hentry","category-ambients","category-general","category-portada"],"post_mailing_queue_ids":[],"_links":{"self":[{"href":"https:\/\/agora.xtec.cat\/escolavalldaura\/wp-json\/wp\/v2\/posts\/7433","targetHints":{"allow":["GET"]}}],"collection":[{"href":"https:\/\/agora.xtec.cat\/escolavalldaura\/wp-json\/wp\/v2\/posts"}],"about":[{"href":"https:\/\/agora.xtec.cat\/escolavalldaura\/wp-json\/wp\/v2\/types\/post"}],"author":[{"embeddable":true,"href":"https:\/\/agora.xtec.cat\/escolavalldaura\/wp-json\/wp\/v2\/users\/23"}],"replies":[{"embeddable":true,"href":"https:\/\/agora.xtec.cat\/escolavalldaura\/wp-json\/wp\/v2\/comments?post=7433"}],"version-history":[{"count":5,"href":"https:\/\/agora.xtec.cat\/escolavalldaura\/wp-json\/wp\/v2\/posts\/7433\/revisions"}],"predecessor-version":[{"id":7456,"href":"https:\/\/agora.xtec.cat\/escolavalldaura\/wp-json\/wp\/v2\/posts\/7433\/revisions\/7456"}],"wp:featuredmedia":[{"embeddable":true,"href":"https:\/\/agora.xtec.cat\/escolavalldaura\/wp-json\/wp\/v2\/media\/7437"}],"wp:attachment":[{"href":"https:\/\/agora.xtec.cat\/escolavalldaura\/wp-json\/wp\/v2\/media?parent=7433"}],"wp:term":[{"taxonomy":"category","embeddable":true,"href":"https:\/\/agora.xtec.cat\/escolavalldaura\/wp-json\/wp\/v2\/categories?post=7433"},{"taxonomy":"post_tag","embeddable":true,"href":"https:\/\/agora.xtec.cat\/escolavalldaura\/wp-json\/wp\/v2\/tags?post=7433"}],"curies":[{"name":"wp","href":"https:\/\/api.w.org\/{rel}","templated":true}]}}