{"id":7426,"date":"2025-10-30T20:00:00","date_gmt":"2025-10-30T19:00:00","guid":{"rendered":"https:\/\/agora.xtec.cat\/escolavalldaura\/?p=7426"},"modified":"2025-10-30T06:41:33","modified_gmt":"2025-10-30T05:41:33","slug":"castanyada","status":"publish","type":"post","link":"https:\/\/agora.xtec.cat\/escolavalldaura\/general\/castanyada\/","title":{"rendered":"CASTANYADA"},"content":{"rendered":"\n<p>La Castanyada ens convida cada any a aturar-nos i reconnectar amb el que \u00e9s essencial: la natura, la mem\u00f2ria i la comunitat. \u00c9s una festa que neix del record i de l\u2019agra\u00efment, una celebraci\u00f3 que ens ensenya a valorar la senzillesa, els cicles del temps i la import\u00e0ncia de compartir.<\/p>\n\n\n\n<p>A l\u2019escola, vivim la Castanyada com una oportunitat per aprendre a trav\u00e9s de les tradicions i per enfortir els lla\u00e7os entre grans i petits. Fem panellets amb il\u00b7lusi\u00f3, preparem creacions art\u00edstiques amb elements del bosc i omplim el pati de m\u00fasica i balls tradicionals. \u00c9s un dia on les fam\u00edlies tamb\u00e9 hi s\u00f3n presents, compartint moments, sabors i records que connecten generacions.<\/p>\n\n\n\n<p>A trav\u00e9s d\u2019aquestes experi\u00e8ncies, volem transmetre als infants el valor de les tradicions populars com a part de la nostra identitat col\u00b7lectiva. La Castanyada \u00e9s, al capdavall, una manera d\u2019educar des del cor: de recon\u00e8ixer all\u00f2 que ens uneix i de celebrar, junts, el pas del temps i la riquesa de la vida quotidiana.<\/p>\n\n\n<figure class=\"wp-block-post-featured-image\"><img loading=\"lazy\" decoding=\"async\" width=\"1066\" height=\"1600\" src=\"https:\/\/agora.xtec.cat\/escolavalldaura\/wp-content\/uploads\/usu1912\/2025\/10\/WhatsApp-Image-2025-10-29-at-1.16.47-PM.jpeg\" class=\"attachment-post-thumbnail size-post-thumbnail wp-post-image\" alt=\"\" style=\"object-fit:cover;\" srcset=\"https:\/\/agora.xtec.cat\/escolavalldaura\/wp-content\/uploads\/usu1912\/2025\/10\/WhatsApp-Image-2025-10-29-at-1.16.47-PM.jpeg 1066w, https:\/\/agora.xtec.cat\/escolavalldaura\/wp-content\/uploads\/usu1912\/2025\/10\/WhatsApp-Image-2025-10-29-at-1.16.47-PM-200x300.jpeg 200w, https:\/\/agora.xtec.cat\/escolavalldaura\/wp-content\/uploads\/usu1912\/2025\/10\/WhatsApp-Image-2025-10-29-at-1.16.47-PM-682x1024.jpeg 682w, https:\/\/agora.xtec.cat\/escolavalldaura\/wp-content\/uploads\/usu1912\/2025\/10\/WhatsApp-Image-2025-10-29-at-1.16.47-PM-768x1153.jpeg 768w, https:\/\/agora.xtec.cat\/escolavalldaura\/wp-content\/uploads\/usu1912\/2025\/10\/WhatsApp-Image-2025-10-29-at-1.16.47-PM-1023x1536.jpeg 1023w\" sizes=\"auto, (max-width: 1066px) 100vw, 1066px\" \/><\/figure>","protected":false},"excerpt":{"rendered":"<p>La Castanyada ens convida cada any a aturar-nos i reconnectar amb el que \u00e9s essencial: la natura, la mem\u00f2ria i la comunitat. \u00c9s una festa que neix del record i de l\u2019agra\u00efment, una celebraci\u00f3 que ens ensenya a valorar la senzillesa, els cicles del temps i la import\u00e0ncia de compartir. A l\u2019escola, vivim la Castanyada [&hellip;]<\/p>\n","protected":false},"author":23,"featured_media":7428,"comment_status":"open","ping_status":"open","sticky":false,"template":"","format":"standard","meta":{"_bbp_topic_count":0,"_bbp_reply_count":0,"_bbp_total_topic_count":0,"_bbp_total_reply_count":0,"_bbp_voice_count":0,"_bbp_anonymous_reply_count":0,"_bbp_topic_count_hidden":0,"_bbp_reply_count_hidden":0,"_bbp_forum_subforum_count":0,"site-sidebar-layout":"default","site-content-layout":"","ast-site-content-layout":"default","site-content-style":"default","site-sidebar-style":"default","ast-global-header-display":"","ast-banner-title-visibility":"","ast-main-header-display":"","ast-hfb-above-header-display":"","ast-hfb-below-header-display":"","ast-hfb-mobile-header-display":"","site-post-title":"","ast-breadcrumbs-content":"","ast-featured-img":"","footer-sml-layout":"","theme-transparent-header-meta":"","adv-header-id-meta":"","stick-header-meta":"","header-above-stick-meta":"","header-main-stick-meta":"","header-below-stick-meta":"","astra-migrate-meta-layouts":"set","ast-page-background-enabled":"default","ast-page-background-meta":{"desktop":{"background-color":"var(--ast-global-color-4)","background-image":"","background-repeat":"repeat","background-position":"center center","background-size":"auto","background-attachment":"scroll","background-type":"","background-media":"","overlay-type":"","overlay-color":"","overlay-opacity":"","overlay-gradient":""},"tablet":{"background-color":"","background-image":"","background-repeat":"repeat","background-position":"center center","background-size":"auto","background-attachment":"scroll","background-type":"","background-media":"","overlay-type":"","overlay-color":"","overlay-opacity":"","overlay-gradient":""},"mobile":{"background-color":"","background-image":"","background-repeat":"repeat","background-position":"center center","background-size":"auto","background-attachment":"scroll","background-type":"","background-media":"","overlay-type":"","overlay-color":"","overlay-opacity":"","overlay-gradient":""}},"ast-content-background-meta":{"desktop":{"background-color":"var(--ast-global-color-5)","background-image":"","background-repeat":"repeat","background-position":"center center","background-size":"auto","background-attachment":"scroll","background-type":"","background-media":"","overlay-type":"","overlay-color":"","overlay-opacity":"","overlay-gradient":""},"tablet":{"background-color":"var(--ast-global-color-5)","background-image":"","background-repeat":"repeat","background-position":"center center","background-size":"auto","background-attachment":"scroll","background-type":"","background-media":"","overlay-type":"","overlay-color":"","overlay-opacity":"","overlay-gradient":""},"mobile":{"background-color":"var(--ast-global-color-5)","background-image":"","background-repeat":"repeat","background-position":"center center","background-size":"auto","background-attachment":"scroll","background-type":"","background-media":"","overlay-type":"","overlay-color":"","overlay-opacity":"","overlay-gradient":""}},"footnotes":""},"categories":[209,1,4],"tags":[],"class_list":["post-7426","post","type-post","status-publish","format-standard","has-post-thumbnail","hentry","category-festes-activitats-de-centre","category-general","category-portada"],"post_mailing_queue_ids":[],"_links":{"self":[{"href":"https:\/\/agora.xtec.cat\/escolavalldaura\/wp-json\/wp\/v2\/posts\/7426","targetHints":{"allow":["GET"]}}],"collection":[{"href":"https:\/\/agora.xtec.cat\/escolavalldaura\/wp-json\/wp\/v2\/posts"}],"about":[{"href":"https:\/\/agora.xtec.cat\/escolavalldaura\/wp-json\/wp\/v2\/types\/post"}],"author":[{"embeddable":true,"href":"https:\/\/agora.xtec.cat\/escolavalldaura\/wp-json\/wp\/v2\/users\/23"}],"replies":[{"embeddable":true,"href":"https:\/\/agora.xtec.cat\/escolavalldaura\/wp-json\/wp\/v2\/comments?post=7426"}],"version-history":[{"count":1,"href":"https:\/\/agora.xtec.cat\/escolavalldaura\/wp-json\/wp\/v2\/posts\/7426\/revisions"}],"predecessor-version":[{"id":7429,"href":"https:\/\/agora.xtec.cat\/escolavalldaura\/wp-json\/wp\/v2\/posts\/7426\/revisions\/7429"}],"wp:featuredmedia":[{"embeddable":true,"href":"https:\/\/agora.xtec.cat\/escolavalldaura\/wp-json\/wp\/v2\/media\/7428"}],"wp:attachment":[{"href":"https:\/\/agora.xtec.cat\/escolavalldaura\/wp-json\/wp\/v2\/media?parent=7426"}],"wp:term":[{"taxonomy":"category","embeddable":true,"href":"https:\/\/agora.xtec.cat\/escolavalldaura\/wp-json\/wp\/v2\/categories?post=7426"},{"taxonomy":"post_tag","embeddable":true,"href":"https:\/\/agora.xtec.cat\/escolavalldaura\/wp-json\/wp\/v2\/tags?post=7426"}],"curies":[{"name":"wp","href":"https:\/\/api.w.org\/{rel}","templated":true}]}}