{"id":7396,"date":"2025-09-10T13:51:42","date_gmt":"2025-09-10T11:51:42","guid":{"rendered":"https:\/\/agora.xtec.cat\/escolavalldaura\/?p=7396"},"modified":"2025-09-10T13:51:42","modified_gmt":"2025-09-10T11:51:42","slug":"situacio-figura-social","status":"publish","type":"post","link":"https:\/\/agora.xtec.cat\/escolavalldaura\/general\/situacio-figura-social\/","title":{"rendered":"SITUACI\u00d3 FIGURA SOCIAL"},"content":{"rendered":"\n<p>Benvolgudes fam\u00edlies,<\/p>\n\n\n\n<p>Us volem explicar la situaci\u00f3 que s\u2019ha viscut aquest estiu en relaci\u00f3 amb les places dels professionals socioeducatius als centres educatius de Catalunya, que evidentment tamb\u00e9 afecta el nostre.<\/p>\n\n\n\n<p>Com sabeu, a l\u2019inici del curs 2020-2021 la nostra escola va ser dotada d\u2019una figura social, en el nostre cas una&nbsp;<strong>T\u00e8cnica d\u2019Integraci\u00f3 Social (TIS)<\/strong>. El curs seg\u00fcent, 2021-2022, se\u2019ns va informar que el programa que garantia aquesta figura s\u2019allargaria fins a l\u2019agost de 2025, gr\u00e0cies a fons europeus.<\/p>\n\n\n\n<p>Durant aquests quatre anys hem constatat \u2014i aix\u00ed ho hem traslladat a totes les institucions\u2014 la gran tasca que s\u2019ha fet al centre. Ha estat un recurs de gran benefici per a tothom.<\/p>\n\n\n\n<p>Al final del curs passat (2024-2025), totes ten\u00edem el neguit de saber qu\u00e8 passaria amb aquesta dotaci\u00f3. Malgrat que des del Departament d\u2019Educaci\u00f3 reconeixien la import\u00e0ncia de la feina feta arreu, sempre responien que no sabien qu\u00e8 passaria.<\/p>\n\n\n\n<p>No va ser fins al&nbsp;<strong>4 d\u2019agost<\/strong>&nbsp;que vam rebre un correu informant-nos que el programa finalitzava i que, per tant, el contracte de la professional acabaria el&nbsp;<strong>31 d\u2019agost de 2025<\/strong>. Tot i la valoraci\u00f3 positiva, ens comunicaven que el programa tenia car\u00e0cter temporal i no es podria renovar.<\/p>\n\n\n\n<p>La sorpresa va ser que, nom\u00e9s dues setmanes despr\u00e9s, el&nbsp;<strong>18 d\u2019agost<\/strong>, vam rebre un altre missatge on se\u2019ns notificava que el nostre centre entrava a formar part d\u2019un&nbsp;<strong>nou programa<\/strong>, amb la dotaci\u00f3 d\u2019una TIS. Aquest nou programa, per\u00f2, torna a ser&nbsp;<strong>temporal<\/strong>: tindr\u00e0 una durada de dos cursos i encara no ens n\u2019han donat m\u00e9s informaci\u00f3 ni tampoc sabem quina persona ser\u00e0 assignada.<\/p>\n\n\n\n<p>Cal dir que a nivell de pa\u00eds s\u2019han suprimit aproximadament un&nbsp;<strong>30% de les places de personal socioeducatiu<\/strong>, i \u00e9s per aix\u00f2 que molts centres estem al\u00e7ant la veu. Considerem que aquests professionals s\u00f3n&nbsp;<strong>imprescindibles<\/strong>&nbsp;i que les seves places han de ser&nbsp;<strong>estructurals i estables<\/strong>, no vinculades a programes amb data de caducitat.<\/p>\n\n\n\n<p>A Manresa, diversos centres ens hem coordinat per fer visible aquesta reivindicaci\u00f3. Per aix\u00f2, us convidem a participar en l\u2019entrega dels manifestos de cada escola davant del Departament d\u2019Educaci\u00f3 (Serveis Territorials de la Catalunya Central). Podeu llegir el manifest del nostre centre en el document adjunt.<\/p>\n\n\n\n<p><img decoding=\"async\" alt=\"\ud83d\udcc5\" src=\"https:\/\/app.dinantia.com\/assets\/twemoji\/2\/72x72\/1f4c5.png\">&nbsp;<strong>Divendres 12 de setembre<br><\/strong><img decoding=\"async\" alt=\"\ud83d\udd50\" src=\"https:\/\/app.dinantia.com\/assets\/twemoji\/2\/72x72\/1f550.png\">&nbsp;A les&nbsp;<strong>13 h<br><\/strong><img decoding=\"async\" alt=\"\ud83d\udccd\" src=\"https:\/\/app.dinantia.com\/assets\/twemoji\/2\/72x72\/1f4cd.png\">&nbsp;Davant del Departament (Carretera de Vic, Manresa)<\/p>\n\n\n\n<p>L\u2019equip educatiu sortir\u00e0 caminant de l\u2019escola a les&nbsp;<strong>12.30 h<\/strong>, i totes les fam\u00edlies que ho vulgueu podeu acompanyar-nos.<\/p>\n\n\n\n<p>Gr\u00e0cies pel vostre suport!<\/p>\n\n\n\n<div data-wp-interactive=\"core\/file\" class=\"wp-block-file\"><object data-wp-bind--hidden=\"!state.hasPdfPreview\" hidden class=\"wp-block-file__embed\" data=\"https:\/\/agora.xtec.cat\/escolavalldaura\/wp-content\/uploads\/usu1912\/2025\/09\/ESCRIT-FIGURA-SOCIAL.pdf\" type=\"application\/pdf\" style=\"width:100%;height:600px\" aria-label=\"Incrustaci\u00f3 del fitxer ESCRIT FIGURA SOCIAL.\"><\/object><a id=\"wp-block-file--media-227150e7-90cc-4613-b8af-470a875ccff4\" href=\"https:\/\/agora.xtec.cat\/escolavalldaura\/wp-content\/uploads\/usu1912\/2025\/09\/ESCRIT-FIGURA-SOCIAL.pdf\">ESCRIT FIGURA SOCIAL<\/a><a href=\"https:\/\/agora.xtec.cat\/escolavalldaura\/wp-content\/uploads\/usu1912\/2025\/09\/ESCRIT-FIGURA-SOCIAL.pdf\" class=\"wp-block-file__button wp-element-button\" download aria-describedby=\"wp-block-file--media-227150e7-90cc-4613-b8af-470a875ccff4\">Baixa<\/a><\/div>\n","protected":false},"excerpt":{"rendered":"<p>Benvolgudes fam\u00edlies, Us volem explicar la situaci\u00f3 que s\u2019ha viscut aquest estiu en relaci\u00f3 amb les places dels professionals socioeducatius als centres educatius de Catalunya, que evidentment tamb\u00e9 afecta el nostre. Com sabeu, a l\u2019inici del curs 2020-2021 la nostra escola va ser dotada d\u2019una figura social, en el nostre cas una&nbsp;T\u00e8cnica d\u2019Integraci\u00f3 Social (TIS). [&hellip;]<\/p>\n","protected":false},"author":23,"featured_media":0,"comment_status":"open","ping_status":"open","sticky":false,"template":"","format":"standard","meta":{"_bbp_topic_count":0,"_bbp_reply_count":0,"_bbp_total_topic_count":0,"_bbp_total_reply_count":0,"_bbp_voice_count":0,"_bbp_anonymous_reply_count":0,"_bbp_topic_count_hidden":0,"_bbp_reply_count_hidden":0,"_bbp_forum_subforum_count":0,"site-sidebar-layout":"default","site-content-layout":"","ast-site-content-layout":"default","site-content-style":"default","site-sidebar-style":"default","ast-global-header-display":"","ast-banner-title-visibility":"","ast-main-header-display":"","ast-hfb-above-header-display":"","ast-hfb-below-header-display":"","ast-hfb-mobile-header-display":"","site-post-title":"","ast-breadcrumbs-content":"","ast-featured-img":"","footer-sml-layout":"","theme-transparent-header-meta":"","adv-header-id-meta":"","stick-header-meta":"","header-above-stick-meta":"","header-main-stick-meta":"","header-below-stick-meta":"","astra-migrate-meta-layouts":"set","ast-page-background-enabled":"default","ast-page-background-meta":{"desktop":{"background-color":"var(--ast-global-color-4)","background-image":"","background-repeat":"repeat","background-position":"center center","background-size":"auto","background-attachment":"scroll","background-type":"","background-media":"","overlay-type":"","overlay-color":"","overlay-opacity":"","overlay-gradient":""},"tablet":{"background-color":"","background-image":"","background-repeat":"repeat","background-position":"center center","background-size":"auto","background-attachment":"scroll","background-type":"","background-media":"","overlay-type":"","overlay-color":"","overlay-opacity":"","overlay-gradient":""},"mobile":{"background-color":"","background-image":"","background-repeat":"repeat","background-position":"center center","background-size":"auto","background-attachment":"scroll","background-type":"","background-media":"","overlay-type":"","overlay-color":"","overlay-opacity":"","overlay-gradient":""}},"ast-content-background-meta":{"desktop":{"background-color":"var(--ast-global-color-5)","background-image":"","background-repeat":"repeat","background-position":"center center","background-size":"auto","background-attachment":"scroll","background-type":"","background-media":"","overlay-type":"","overlay-color":"","overlay-opacity":"","overlay-gradient":""},"tablet":{"background-color":"var(--ast-global-color-5)","background-image":"","background-repeat":"repeat","background-position":"center center","background-size":"auto","background-attachment":"scroll","background-type":"","background-media":"","overlay-type":"","overlay-color":"","overlay-opacity":"","overlay-gradient":""},"mobile":{"background-color":"var(--ast-global-color-5)","background-image":"","background-repeat":"repeat","background-position":"center center","background-size":"auto","background-attachment":"scroll","background-type":"","background-media":"","overlay-type":"","overlay-color":"","overlay-opacity":"","overlay-gradient":""}},"footnotes":""},"categories":[1,4],"tags":[],"class_list":["post-7396","post","type-post","status-publish","format-standard","hentry","category-general","category-portada"],"post_mailing_queue_ids":[],"_links":{"self":[{"href":"https:\/\/agora.xtec.cat\/escolavalldaura\/wp-json\/wp\/v2\/posts\/7396","targetHints":{"allow":["GET"]}}],"collection":[{"href":"https:\/\/agora.xtec.cat\/escolavalldaura\/wp-json\/wp\/v2\/posts"}],"about":[{"href":"https:\/\/agora.xtec.cat\/escolavalldaura\/wp-json\/wp\/v2\/types\/post"}],"author":[{"embeddable":true,"href":"https:\/\/agora.xtec.cat\/escolavalldaura\/wp-json\/wp\/v2\/users\/23"}],"replies":[{"embeddable":true,"href":"https:\/\/agora.xtec.cat\/escolavalldaura\/wp-json\/wp\/v2\/comments?post=7396"}],"version-history":[{"count":1,"href":"https:\/\/agora.xtec.cat\/escolavalldaura\/wp-json\/wp\/v2\/posts\/7396\/revisions"}],"predecessor-version":[{"id":7399,"href":"https:\/\/agora.xtec.cat\/escolavalldaura\/wp-json\/wp\/v2\/posts\/7396\/revisions\/7399"}],"wp:attachment":[{"href":"https:\/\/agora.xtec.cat\/escolavalldaura\/wp-json\/wp\/v2\/media?parent=7396"}],"wp:term":[{"taxonomy":"category","embeddable":true,"href":"https:\/\/agora.xtec.cat\/escolavalldaura\/wp-json\/wp\/v2\/categories?post=7396"},{"taxonomy":"post_tag","embeddable":true,"href":"https:\/\/agora.xtec.cat\/escolavalldaura\/wp-json\/wp\/v2\/tags?post=7396"}],"curies":[{"name":"wp","href":"https:\/\/api.w.org\/{rel}","templated":true}]}}