{"id":7236,"date":"2025-06-04T13:15:34","date_gmt":"2025-06-04T11:15:34","guid":{"rendered":"https:\/\/agora.xtec.cat\/escolavalldaura\/?p=7236"},"modified":"2025-07-09T11:43:20","modified_gmt":"2025-07-09T09:43:20","slug":"colonies-de-primaria","status":"publish","type":"post","link":"https:\/\/agora.xtec.cat\/escolavalldaura\/general\/colonies-de-primaria\/","title":{"rendered":"COL\u00d2NIES DE PRIM\u00c0RIA"},"content":{"rendered":"\n<p>Cada curs, l\u2019alumnat de 1r a 6\u00e8 viu uns dies molt especials de conviv\u00e8ncia, natura i emocions. S\u00f3n jornades plenes de jocs, excursions i moments compartits que ens ajuden a cr\u00e9ixer, tant com a persones com en cohesi\u00f3 de grup.<\/p>\n\n\n\n<p>A l\u2019escola, considerem que aquestes col\u00f2nies s\u00f3n una oportunitat clau per enfortir vincles entre companys\/es i mestres, i per fomentar l\u2019autonomia i la responsabilitat dels infants.<\/p>\n\n\n\n<p>Un any toca mar i l\u2019altre, muntanya\u2026 i aquest any ha estat el torn de la muntanya!<br data-start=\"621\" data-end=\"624\">Ens hem allotjat a la casa de col\u00f2nies El Xali\u00f3, situada entre el Pla de l\u2019Estany i la Garrotxa, envoltats d\u2019un entorn natural privilegiat que ens ha ofert experi\u00e8ncies inoblidables.<\/p>\n\n\n\n<p>Al llarg de l\u2019estada, hem gaudit d\u2019activitats molt diverses: hem fet piscina, hem pintat samarretes, hem creat polseres, hem jugat lliurement a la natura, hem descobert l\u2019entorn que ens envoltava i, a m\u00e9s, hem viscut moments m\u00e0gics amb el joc de nit i la festa final amb disco.<\/p>\n\n\n\n<p>Tornem a l\u2019escola amb la motxilla plena de viv\u00e8ncies, nous records i amistats que segur que ens acompanyaran molt de temps.<\/p>\n\n\n<figure class=\"wp-block-post-featured-image\"><img loading=\"lazy\" decoding=\"async\" width=\"1600\" height=\"1069\" src=\"https:\/\/agora.xtec.cat\/escolavalldaura\/wp-content\/uploads\/usu1912\/2025\/06\/WhatsApp-Image-2025-06-02-at-11.46.50-PM.jpeg\" class=\"attachment-post-thumbnail size-post-thumbnail wp-post-image\" alt=\"\" style=\"object-fit:cover;\" srcset=\"https:\/\/agora.xtec.cat\/escolavalldaura\/wp-content\/uploads\/usu1912\/2025\/06\/WhatsApp-Image-2025-06-02-at-11.46.50-PM.jpeg 1600w, https:\/\/agora.xtec.cat\/escolavalldaura\/wp-content\/uploads\/usu1912\/2025\/06\/WhatsApp-Image-2025-06-02-at-11.46.50-PM-300x200.jpeg 300w, https:\/\/agora.xtec.cat\/escolavalldaura\/wp-content\/uploads\/usu1912\/2025\/06\/WhatsApp-Image-2025-06-02-at-11.46.50-PM-1024x684.jpeg 1024w, https:\/\/agora.xtec.cat\/escolavalldaura\/wp-content\/uploads\/usu1912\/2025\/06\/WhatsApp-Image-2025-06-02-at-11.46.50-PM-768x513.jpeg 768w, https:\/\/agora.xtec.cat\/escolavalldaura\/wp-content\/uploads\/usu1912\/2025\/06\/WhatsApp-Image-2025-06-02-at-11.46.50-PM-1536x1026.jpeg 1536w\" sizes=\"auto, (max-width: 1600px) 100vw, 1600px\" \/><\/figure>\n\n\n<figure class=\"wp-block-image\"><a href=\"https:\/\/agora.xtec.cat\/escolavalldaura\/wp-content\/uploads\/usu1912\/2025\/06\/WhatsApp-Image-2025-06-02-at-4.02.49-PM.jpeg\"><img loading=\"lazy\" decoding=\"async\" width=\"1024\" height=\"684\" src=\"https:\/\/agora.xtec.cat\/escolavalldaura\/wp-content\/uploads\/usu1912\/2025\/06\/WhatsApp-Image-2025-06-02-at-4.02.49-PM-1024x684.jpeg\" alt=\"\" class=\"wp-image-7238\" srcset=\"https:\/\/agora.xtec.cat\/escolavalldaura\/wp-content\/uploads\/usu1912\/2025\/06\/WhatsApp-Image-2025-06-02-at-4.02.49-PM-1024x684.jpeg 1024w, https:\/\/agora.xtec.cat\/escolavalldaura\/wp-content\/uploads\/usu1912\/2025\/06\/WhatsApp-Image-2025-06-02-at-4.02.49-PM-300x200.jpeg 300w, https:\/\/agora.xtec.cat\/escolavalldaura\/wp-content\/uploads\/usu1912\/2025\/06\/WhatsApp-Image-2025-06-02-at-4.02.49-PM-768x513.jpeg 768w, https:\/\/agora.xtec.cat\/escolavalldaura\/wp-content\/uploads\/usu1912\/2025\/06\/WhatsApp-Image-2025-06-02-at-4.02.49-PM-1536x1026.jpeg 1536w, https:\/\/agora.xtec.cat\/escolavalldaura\/wp-content\/uploads\/usu1912\/2025\/06\/WhatsApp-Image-2025-06-02-at-4.02.49-PM.jpeg 1600w\" sizes=\"auto, (max-width: 1024px) 100vw, 1024px\" \/><\/a><\/figure>\n","protected":false},"excerpt":{"rendered":"<p>Cada curs, l\u2019alumnat de 1r a 6\u00e8 viu uns dies molt especials de conviv\u00e8ncia, natura i emocions. S\u00f3n jornades plenes de jocs, excursions i moments compartits que ens ajuden a cr\u00e9ixer, tant com a persones com en cohesi\u00f3 de grup. A l\u2019escola, considerem que aquestes col\u00f2nies s\u00f3n una oportunitat clau per enfortir vincles entre companys\/es [&hellip;]<\/p>\n","protected":false},"author":23,"featured_media":7237,"comment_status":"open","ping_status":"open","sticky":false,"template":"","format":"standard","meta":{"_bbp_topic_count":0,"_bbp_reply_count":0,"_bbp_total_topic_count":0,"_bbp_total_reply_count":0,"_bbp_voice_count":0,"_bbp_anonymous_reply_count":0,"_bbp_topic_count_hidden":0,"_bbp_reply_count_hidden":0,"_bbp_forum_subforum_count":0,"site-sidebar-layout":"default","site-content-layout":"","ast-site-content-layout":"default","site-content-style":"default","site-sidebar-style":"default","ast-global-header-display":"","ast-banner-title-visibility":"","ast-main-header-display":"","ast-hfb-above-header-display":"","ast-hfb-below-header-display":"","ast-hfb-mobile-header-display":"","site-post-title":"","ast-breadcrumbs-content":"","ast-featured-img":"","footer-sml-layout":"","theme-transparent-header-meta":"","adv-header-id-meta":"","stick-header-meta":"","header-above-stick-meta":"","header-main-stick-meta":"","header-below-stick-meta":"","astra-migrate-meta-layouts":"set","ast-page-background-enabled":"default","ast-page-background-meta":{"desktop":{"background-color":"var(--ast-global-color-4)","background-image":"","background-repeat":"repeat","background-position":"center center","background-size":"auto","background-attachment":"scroll","background-type":"","background-media":"","overlay-type":"","overlay-color":"","overlay-opacity":"","overlay-gradient":""},"tablet":{"background-color":"","background-image":"","background-repeat":"repeat","background-position":"center center","background-size":"auto","background-attachment":"scroll","background-type":"","background-media":"","overlay-type":"","overlay-color":"","overlay-opacity":"","overlay-gradient":""},"mobile":{"background-color":"","background-image":"","background-repeat":"repeat","background-position":"center center","background-size":"auto","background-attachment":"scroll","background-type":"","background-media":"","overlay-type":"","overlay-color":"","overlay-opacity":"","overlay-gradient":""}},"ast-content-background-meta":{"desktop":{"background-color":"var(--ast-global-color-5)","background-image":"","background-repeat":"repeat","background-position":"center center","background-size":"auto","background-attachment":"scroll","background-type":"","background-media":"","overlay-type":"","overlay-color":"","overlay-opacity":"","overlay-gradient":""},"tablet":{"background-color":"var(--ast-global-color-5)","background-image":"","background-repeat":"repeat","background-position":"center center","background-size":"auto","background-attachment":"scroll","background-type":"","background-media":"","overlay-type":"","overlay-color":"","overlay-opacity":"","overlay-gradient":""},"mobile":{"background-color":"var(--ast-global-color-5)","background-image":"","background-repeat":"repeat","background-position":"center center","background-size":"auto","background-attachment":"scroll","background-type":"","background-media":"","overlay-type":"","overlay-color":"","overlay-opacity":"","overlay-gradient":""}},"footnotes":""},"categories":[1,4,211],"tags":[],"class_list":["post-7236","post","type-post","status-publish","format-standard","has-post-thumbnail","hentry","category-general","category-portada","category-sortides-i-colonies"],"post_mailing_queue_ids":[],"_links":{"self":[{"href":"https:\/\/agora.xtec.cat\/escolavalldaura\/wp-json\/wp\/v2\/posts\/7236","targetHints":{"allow":["GET"]}}],"collection":[{"href":"https:\/\/agora.xtec.cat\/escolavalldaura\/wp-json\/wp\/v2\/posts"}],"about":[{"href":"https:\/\/agora.xtec.cat\/escolavalldaura\/wp-json\/wp\/v2\/types\/post"}],"author":[{"embeddable":true,"href":"https:\/\/agora.xtec.cat\/escolavalldaura\/wp-json\/wp\/v2\/users\/23"}],"replies":[{"embeddable":true,"href":"https:\/\/agora.xtec.cat\/escolavalldaura\/wp-json\/wp\/v2\/comments?post=7236"}],"version-history":[{"count":2,"href":"https:\/\/agora.xtec.cat\/escolavalldaura\/wp-json\/wp\/v2\/posts\/7236\/revisions"}],"predecessor-version":[{"id":7364,"href":"https:\/\/agora.xtec.cat\/escolavalldaura\/wp-json\/wp\/v2\/posts\/7236\/revisions\/7364"}],"wp:featuredmedia":[{"embeddable":true,"href":"https:\/\/agora.xtec.cat\/escolavalldaura\/wp-json\/wp\/v2\/media\/7237"}],"wp:attachment":[{"href":"https:\/\/agora.xtec.cat\/escolavalldaura\/wp-json\/wp\/v2\/media?parent=7236"}],"wp:term":[{"taxonomy":"category","embeddable":true,"href":"https:\/\/agora.xtec.cat\/escolavalldaura\/wp-json\/wp\/v2\/categories?post=7236"},{"taxonomy":"post_tag","embeddable":true,"href":"https:\/\/agora.xtec.cat\/escolavalldaura\/wp-json\/wp\/v2\/tags?post=7236"}],"curies":[{"name":"wp","href":"https:\/\/api.w.org\/{rel}","templated":true}]}}