{"id":7176,"date":"2025-05-02T12:09:15","date_gmt":"2025-05-02T10:09:15","guid":{"rendered":"https:\/\/agora.xtec.cat\/escolavalldaura\/?p=7176"},"modified":"2025-07-09T11:50:21","modified_gmt":"2025-07-09T09:50:21","slug":"inaugurem-la-nova-biblioteca-de-lescola","status":"publish","type":"post","link":"https:\/\/agora.xtec.cat\/escolavalldaura\/general\/inaugurem-la-nova-biblioteca-de-lescola\/","title":{"rendered":"Inaugurem la nova biblioteca de l&#8217;escola"},"content":{"rendered":"\n<p>Amb molta il\u00b7lusi\u00f3, hem inaugurat la nova biblioteca del centre, un espai dissenyat amb cura per fomentar la lectura, la creativitat i el plaer per aprendre en un entorn c\u00e0lid i inspirador.<\/p>\n\n\n\n<p>Aquesta nova biblioteca vol ser molt m\u00e9s que un lloc on trobar llibres. Hem creat un espai acollidor, amb diferents ambients pensats per adaptar-se a les necessitats del nostre alumnat. Hi trobareu una \u00e0mplia selecci\u00f3 de contes i llibres de tota mena, ben organitzats per facilitar-ne l&#8217;acc\u00e9s i la tria. Tamb\u00e9 hi ha zones espec\u00edfiques per a la lectura relaxada, amb sof\u00e0s i butaques, espais per treballar en grup i una zona de minimons, pensada per explicar i crear hist\u00f2ries a trav\u00e9s del joc simb\u00f2lic.<\/p>\n\n\n\n<p>Aquesta diversitat d&#8217;espais ens permet adaptar-nos a les diferents edats i interessos dels infants, des dels m\u00e9s petits fins als m\u00e9s grans. Durant l\u2019horari lectiu, utilitzem la biblioteca per fer activitats de lectura en petit grup, explicaci\u00f3 de contes, treballs de recerca o pr\u00e9stec de llibres, convertint-la aix\u00ed en una eina activa dins del nostre projecte educatiu.<\/p>\n\n\n\n<p>La nova biblioteca representa un pas endavant en el comprom\u00eds de l\u2019escola per oferir espais que convidin a descobrir, pensar i cr\u00e9ixer. Un lloc per alimentar la imaginaci\u00f3 i el coneixement, que de ben segur esdevindr\u00e0 un espai estimat i molt present en el dia a dia dels nostres alumnes.<\/p>\n\n\n\n<figure class=\"wp-block-image\"><a href=\"https:\/\/agora.xtec.cat\/escolavalldaura\/wp-content\/uploads\/usu1912\/2025\/05\/IMG-20250404-WA0009.jpg\"><img loading=\"lazy\" decoding=\"async\" width=\"1024\" height=\"684\" src=\"https:\/\/agora.xtec.cat\/escolavalldaura\/wp-content\/uploads\/usu1912\/2025\/05\/IMG-20250404-WA0009-1024x684.jpg\" alt=\"\" class=\"wp-image-7177\" srcset=\"https:\/\/agora.xtec.cat\/escolavalldaura\/wp-content\/uploads\/usu1912\/2025\/05\/IMG-20250404-WA0009-1024x684.jpg 1024w, https:\/\/agora.xtec.cat\/escolavalldaura\/wp-content\/uploads\/usu1912\/2025\/05\/IMG-20250404-WA0009-300x200.jpg 300w, https:\/\/agora.xtec.cat\/escolavalldaura\/wp-content\/uploads\/usu1912\/2025\/05\/IMG-20250404-WA0009-768x513.jpg 768w, https:\/\/agora.xtec.cat\/escolavalldaura\/wp-content\/uploads\/usu1912\/2025\/05\/IMG-20250404-WA0009-1536x1027.jpg 1536w, https:\/\/agora.xtec.cat\/escolavalldaura\/wp-content\/uploads\/usu1912\/2025\/05\/IMG-20250404-WA0009.jpg 1616w\" sizes=\"auto, (max-width: 1024px) 100vw, 1024px\" \/><\/a><\/figure>\n\n\n<figure class=\"wp-block-post-featured-image\"><img loading=\"lazy\" decoding=\"async\" width=\"1616\" height=\"1080\" src=\"https:\/\/agora.xtec.cat\/escolavalldaura\/wp-content\/uploads\/usu1912\/2025\/05\/IMG-20250404-WA0008.jpg\" class=\"attachment-post-thumbnail size-post-thumbnail wp-post-image\" alt=\"\" style=\"object-fit:cover;\" srcset=\"https:\/\/agora.xtec.cat\/escolavalldaura\/wp-content\/uploads\/usu1912\/2025\/05\/IMG-20250404-WA0008.jpg 1616w, https:\/\/agora.xtec.cat\/escolavalldaura\/wp-content\/uploads\/usu1912\/2025\/05\/IMG-20250404-WA0008-300x200.jpg 300w, https:\/\/agora.xtec.cat\/escolavalldaura\/wp-content\/uploads\/usu1912\/2025\/05\/IMG-20250404-WA0008-1024x684.jpg 1024w, https:\/\/agora.xtec.cat\/escolavalldaura\/wp-content\/uploads\/usu1912\/2025\/05\/IMG-20250404-WA0008-768x513.jpg 768w, https:\/\/agora.xtec.cat\/escolavalldaura\/wp-content\/uploads\/usu1912\/2025\/05\/IMG-20250404-WA0008-1536x1027.jpg 1536w\" sizes=\"auto, (max-width: 1616px) 100vw, 1616px\" \/><\/figure>","protected":false},"excerpt":{"rendered":"<p>Amb molta il\u00b7lusi\u00f3, hem inaugurat la nova biblioteca del centre, un espai dissenyat amb cura per fomentar la lectura, la creativitat i el plaer per aprendre en un entorn c\u00e0lid i inspirador. Aquesta nova biblioteca vol ser molt m\u00e9s que un lloc on trobar llibres. Hem creat un espai acollidor, amb diferents ambients pensats per [&hellip;]<\/p>\n","protected":false},"author":23,"featured_media":7178,"comment_status":"open","ping_status":"closed","sticky":false,"template":"","format":"standard","meta":{"_bbp_topic_count":0,"_bbp_reply_count":0,"_bbp_total_topic_count":0,"_bbp_total_reply_count":0,"_bbp_voice_count":0,"_bbp_anonymous_reply_count":0,"_bbp_topic_count_hidden":0,"_bbp_reply_count_hidden":0,"_bbp_forum_subforum_count":0,"site-sidebar-layout":"default","site-content-layout":"","ast-site-content-layout":"default","site-content-style":"default","site-sidebar-style":"default","ast-global-header-display":"","ast-banner-title-visibility":"","ast-main-header-display":"","ast-hfb-above-header-display":"","ast-hfb-below-header-display":"","ast-hfb-mobile-header-display":"","site-post-title":"","ast-breadcrumbs-content":"","ast-featured-img":"","footer-sml-layout":"","theme-transparent-header-meta":"","adv-header-id-meta":"","stick-header-meta":"","header-above-stick-meta":"","header-main-stick-meta":"","header-below-stick-meta":"","astra-migrate-meta-layouts":"set","ast-page-background-enabled":"default","ast-page-background-meta":{"desktop":{"background-color":"var(--ast-global-color-4)","background-image":"","background-repeat":"repeat","background-position":"center center","background-size":"auto","background-attachment":"scroll","background-type":"","background-media":"","overlay-type":"","overlay-color":"","overlay-opacity":"","overlay-gradient":""},"tablet":{"background-color":"","background-image":"","background-repeat":"repeat","background-position":"center center","background-size":"auto","background-attachment":"scroll","background-type":"","background-media":"","overlay-type":"","overlay-color":"","overlay-opacity":"","overlay-gradient":""},"mobile":{"background-color":"","background-image":"","background-repeat":"repeat","background-position":"center center","background-size":"auto","background-attachment":"scroll","background-type":"","background-media":"","overlay-type":"","overlay-color":"","overlay-opacity":"","overlay-gradient":""}},"ast-content-background-meta":{"desktop":{"background-color":"var(--ast-global-color-5)","background-image":"","background-repeat":"repeat","background-position":"center center","background-size":"auto","background-attachment":"scroll","background-type":"","background-media":"","overlay-type":"","overlay-color":"","overlay-opacity":"","overlay-gradient":""},"tablet":{"background-color":"var(--ast-global-color-5)","background-image":"","background-repeat":"repeat","background-position":"center center","background-size":"auto","background-attachment":"scroll","background-type":"","background-media":"","overlay-type":"","overlay-color":"","overlay-opacity":"","overlay-gradient":""},"mobile":{"background-color":"var(--ast-global-color-5)","background-image":"","background-repeat":"repeat","background-position":"center center","background-size":"auto","background-attachment":"scroll","background-type":"","background-media":"","overlay-type":"","overlay-color":"","overlay-opacity":"","overlay-gradient":""}},"footnotes":""},"categories":[1,4],"tags":[],"class_list":["post-7176","post","type-post","status-publish","format-standard","has-post-thumbnail","hentry","category-general","category-portada"],"post_mailing_queue_ids":[],"_links":{"self":[{"href":"https:\/\/agora.xtec.cat\/escolavalldaura\/wp-json\/wp\/v2\/posts\/7176","targetHints":{"allow":["GET"]}}],"collection":[{"href":"https:\/\/agora.xtec.cat\/escolavalldaura\/wp-json\/wp\/v2\/posts"}],"about":[{"href":"https:\/\/agora.xtec.cat\/escolavalldaura\/wp-json\/wp\/v2\/types\/post"}],"author":[{"embeddable":true,"href":"https:\/\/agora.xtec.cat\/escolavalldaura\/wp-json\/wp\/v2\/users\/23"}],"replies":[{"embeddable":true,"href":"https:\/\/agora.xtec.cat\/escolavalldaura\/wp-json\/wp\/v2\/comments?post=7176"}],"version-history":[{"count":2,"href":"https:\/\/agora.xtec.cat\/escolavalldaura\/wp-json\/wp\/v2\/posts\/7176\/revisions"}],"predecessor-version":[{"id":7368,"href":"https:\/\/agora.xtec.cat\/escolavalldaura\/wp-json\/wp\/v2\/posts\/7176\/revisions\/7368"}],"wp:featuredmedia":[{"embeddable":true,"href":"https:\/\/agora.xtec.cat\/escolavalldaura\/wp-json\/wp\/v2\/media\/7178"}],"wp:attachment":[{"href":"https:\/\/agora.xtec.cat\/escolavalldaura\/wp-json\/wp\/v2\/media?parent=7176"}],"wp:term":[{"taxonomy":"category","embeddable":true,"href":"https:\/\/agora.xtec.cat\/escolavalldaura\/wp-json\/wp\/v2\/categories?post=7176"},{"taxonomy":"post_tag","embeddable":true,"href":"https:\/\/agora.xtec.cat\/escolavalldaura\/wp-json\/wp\/v2\/tags?post=7176"}],"curies":[{"name":"wp","href":"https:\/\/api.w.org\/{rel}","templated":true}]}}