{"id":7154,"date":"2025-04-24T09:29:29","date_gmt":"2025-04-24T07:29:29","guid":{"rendered":"https:\/\/agora.xtec.cat\/escolavalldaura\/?p=7154"},"modified":"2025-07-09T11:53:13","modified_gmt":"2025-07-09T09:53:13","slug":"sant-jordi-2025","status":"publish","type":"post","link":"https:\/\/agora.xtec.cat\/escolavalldaura\/general\/sant-jordi-2025\/","title":{"rendered":"SANT JORDI 2025"},"content":{"rendered":"\n<p><strong data-start=\"36\" data-end=\"171\">Sant Jordi ens arrela al nostre entorn, a la llengua i a la cultura, i ens impulsa a continuar creixent com a lectors i escriptors.<\/strong> A l\u2019escola, vivim aquesta diada com una gran oportunitat per celebrar la creativitat, la paraula i la imaginaci\u00f3 de petits i grans.<\/p>\n\n\n\n<p>Hem comen\u00e7at el dia amb els esperats <strong data-start=\"342\" data-end=\"358\">Jocs Florals<\/strong>, on l\u2019alumnat ha presentat rodolins, endevinalles i poemes que han estat treballats al llarg del segon trimestre dins de les caixes de llengua. Ha estat una mostra preciosa de tot el que han apr\u00e8s i, sobretot, de com gaudeixen expressant-se per escrit. Els textos guanyadors han estat reconeguts amb <strong data-start=\"653\" data-end=\"702\">una rosa, un diploma i un llibre per a l\u2019aula<\/strong>, i tots els treballs s\u2019han recollit en una <strong data-start=\"746\" data-end=\"787\">exposici\u00f3 a la biblioteca de l\u2019escola<\/strong>, que es podr\u00e0 visitar durant tota la setmana.<\/p>\n\n\n\n<p>Tot seguit, ens hem despla\u00e7at al <strong data-start=\"868\" data-end=\"901\">teatre de l\u2019AAVV de Valldaura<\/strong>, on les mestres han ofert una divertida i original representaci\u00f3 de la llegenda de Sant Jordi. El drac, en un inici for\u00e7a ferotge, <strong data-start=\"1033\" data-end=\"1075\">s\u2019ha menjat alguns alumnes de l\u2019escola<\/strong> \u2014amb molt de teatre, \u00e9s clar\u2014 abans de descobrir les bondats d\u2019una dieta m\u00e9s saludable i fer-se <strong data-start=\"1172\" data-end=\"1231\">vegetari\u00e0 gr\u00e0cies a les verdures de l\u2019hort de Valldaura<\/strong>. El p\u00fablic ha rigut de valent i s\u2019ha endut una versi\u00f3 ben especial d\u2019aquesta llegenda tan nostra.<\/p>\n\n\n\n<p>Despr\u00e9s de la representaci\u00f3, l\u2019alumnat ha participat en un <strong data-start=\"1390\" data-end=\"1419\">taller de punts de llibre<\/strong>, posant en joc la seva creativitat i creant un record ben personal per commemorar la diada.<\/p>\n\n\n\n<p>A la tarda, hem compartit una <strong data-start=\"1543\" data-end=\"1584\">estona de contes amb algunes fam\u00edlies<\/strong>, que han vingut a l\u2019escola per explicar hist\u00f2ries plenes d\u2019emoci\u00f3, tendresa i fantasia. Un moment de calma i connexi\u00f3 per tancar una jornada tan intensa com enriquidora.<\/p>\n\n\n\n<p><strong data-start=\"1756\" data-end=\"1946\" data-is-last-node=\"\">Sant Jordi a l\u2019escola \u00e9s sempre una festa de la paraula, la imaginaci\u00f3 i la conviv\u00e8ncia. Una diada que ens recorda la for\u00e7a de la cultura i l\u2019amor pels llibres. Esperem que hagueu tingut una bona Diada de Sant Jordi!<\/strong><\/p>\n\n\n\n<figure class=\"wp-block-image\"><a href=\"https:\/\/agora.xtec.cat\/escolavalldaura\/wp-content\/uploads\/usu1912\/2025\/04\/WhatsApp-Image-2025-04-23-at-6.29.10-PM-scaled.jpeg\"><img loading=\"lazy\" decoding=\"async\" width=\"683\" height=\"1024\" src=\"https:\/\/agora.xtec.cat\/escolavalldaura\/wp-content\/uploads\/usu1912\/2025\/04\/WhatsApp-Image-2025-04-23-at-6.29.10-PM-683x1024.jpeg\" alt=\"\" class=\"wp-image-7157\" srcset=\"https:\/\/agora.xtec.cat\/escolavalldaura\/wp-content\/uploads\/usu1912\/2025\/04\/WhatsApp-Image-2025-04-23-at-6.29.10-PM-683x1024.jpeg 683w, https:\/\/agora.xtec.cat\/escolavalldaura\/wp-content\/uploads\/usu1912\/2025\/04\/WhatsApp-Image-2025-04-23-at-6.29.10-PM-200x300.jpeg 200w, https:\/\/agora.xtec.cat\/escolavalldaura\/wp-content\/uploads\/usu1912\/2025\/04\/WhatsApp-Image-2025-04-23-at-6.29.10-PM-768x1152.jpeg 768w, https:\/\/agora.xtec.cat\/escolavalldaura\/wp-content\/uploads\/usu1912\/2025\/04\/WhatsApp-Image-2025-04-23-at-6.29.10-PM-1024x1536.jpeg 1024w, https:\/\/agora.xtec.cat\/escolavalldaura\/wp-content\/uploads\/usu1912\/2025\/04\/WhatsApp-Image-2025-04-23-at-6.29.10-PM-1365x2048.jpeg 1365w, https:\/\/agora.xtec.cat\/escolavalldaura\/wp-content\/uploads\/usu1912\/2025\/04\/WhatsApp-Image-2025-04-23-at-6.29.10-PM-scaled.jpeg 1707w\" sizes=\"auto, (max-width: 683px) 100vw, 683px\" \/><\/a><\/figure>\n\n\n<figure class=\"wp-block-post-featured-image\"><img loading=\"lazy\" decoding=\"async\" width=\"1707\" height=\"2560\" src=\"https:\/\/agora.xtec.cat\/escolavalldaura\/wp-content\/uploads\/usu1912\/2025\/04\/WhatsApp-Image-2025-04-23-at-2.53.24-PM-scaled.jpeg\" class=\"attachment-post-thumbnail size-post-thumbnail wp-post-image\" alt=\"\" style=\"object-fit:cover;\" srcset=\"https:\/\/agora.xtec.cat\/escolavalldaura\/wp-content\/uploads\/usu1912\/2025\/04\/WhatsApp-Image-2025-04-23-at-2.53.24-PM-scaled.jpeg 1707w, https:\/\/agora.xtec.cat\/escolavalldaura\/wp-content\/uploads\/usu1912\/2025\/04\/WhatsApp-Image-2025-04-23-at-2.53.24-PM-200x300.jpeg 200w, https:\/\/agora.xtec.cat\/escolavalldaura\/wp-content\/uploads\/usu1912\/2025\/04\/WhatsApp-Image-2025-04-23-at-2.53.24-PM-683x1024.jpeg 683w, https:\/\/agora.xtec.cat\/escolavalldaura\/wp-content\/uploads\/usu1912\/2025\/04\/WhatsApp-Image-2025-04-23-at-2.53.24-PM-768x1152.jpeg 768w, https:\/\/agora.xtec.cat\/escolavalldaura\/wp-content\/uploads\/usu1912\/2025\/04\/WhatsApp-Image-2025-04-23-at-2.53.24-PM-1024x1536.jpeg 1024w, https:\/\/agora.xtec.cat\/escolavalldaura\/wp-content\/uploads\/usu1912\/2025\/04\/WhatsApp-Image-2025-04-23-at-2.53.24-PM-1365x2048.jpeg 1365w\" sizes=\"auto, (max-width: 1707px) 100vw, 1707px\" \/><\/figure>\n\n\n<figure class=\"wp-block-image\"><a href=\"https:\/\/agora.xtec.cat\/escolavalldaura\/wp-content\/uploads\/usu1912\/2025\/04\/WhatsApp-Image-2025-04-23-at-4.16.35-PM.jpeg\"><img loading=\"lazy\" decoding=\"async\" width=\"1024\" height=\"684\" src=\"https:\/\/agora.xtec.cat\/escolavalldaura\/wp-content\/uploads\/usu1912\/2025\/04\/WhatsApp-Image-2025-04-23-at-4.16.35-PM-1024x684.jpeg\" alt=\"\" class=\"wp-image-7155\" srcset=\"https:\/\/agora.xtec.cat\/escolavalldaura\/wp-content\/uploads\/usu1912\/2025\/04\/WhatsApp-Image-2025-04-23-at-4.16.35-PM-1024x684.jpeg 1024w, https:\/\/agora.xtec.cat\/escolavalldaura\/wp-content\/uploads\/usu1912\/2025\/04\/WhatsApp-Image-2025-04-23-at-4.16.35-PM-300x200.jpeg 300w, https:\/\/agora.xtec.cat\/escolavalldaura\/wp-content\/uploads\/usu1912\/2025\/04\/WhatsApp-Image-2025-04-23-at-4.16.35-PM-768x513.jpeg 768w, https:\/\/agora.xtec.cat\/escolavalldaura\/wp-content\/uploads\/usu1912\/2025\/04\/WhatsApp-Image-2025-04-23-at-4.16.35-PM-1536x1027.jpeg 1536w, https:\/\/agora.xtec.cat\/escolavalldaura\/wp-content\/uploads\/usu1912\/2025\/04\/WhatsApp-Image-2025-04-23-at-4.16.35-PM.jpeg 1616w\" sizes=\"auto, (max-width: 1024px) 100vw, 1024px\" \/><\/a><\/figure>\n","protected":false},"excerpt":{"rendered":"<p>Sant Jordi ens arrela al nostre entorn, a la llengua i a la cultura, i ens impulsa a continuar creixent com a lectors i escriptors. A l\u2019escola, vivim aquesta diada com una gran oportunitat per celebrar la creativitat, la paraula i la imaginaci\u00f3 de petits i grans. Hem comen\u00e7at el dia amb els esperats Jocs [&hellip;]<\/p>\n","protected":false},"author":23,"featured_media":7156,"comment_status":"open","ping_status":"closed","sticky":false,"template":"","format":"standard","meta":{"_bbp_topic_count":0,"_bbp_reply_count":0,"_bbp_total_topic_count":0,"_bbp_total_reply_count":0,"_bbp_voice_count":0,"_bbp_anonymous_reply_count":0,"_bbp_topic_count_hidden":0,"_bbp_reply_count_hidden":0,"_bbp_forum_subforum_count":0,"site-sidebar-layout":"default","site-content-layout":"","ast-site-content-layout":"default","site-content-style":"default","site-sidebar-style":"default","ast-global-header-display":"","ast-banner-title-visibility":"","ast-main-header-display":"","ast-hfb-above-header-display":"","ast-hfb-below-header-display":"","ast-hfb-mobile-header-display":"","site-post-title":"","ast-breadcrumbs-content":"","ast-featured-img":"","footer-sml-layout":"","theme-transparent-header-meta":"","adv-header-id-meta":"","stick-header-meta":"","header-above-stick-meta":"","header-main-stick-meta":"","header-below-stick-meta":"","astra-migrate-meta-layouts":"set","ast-page-background-enabled":"default","ast-page-background-meta":{"desktop":{"background-color":"var(--ast-global-color-4)","background-image":"","background-repeat":"repeat","background-position":"center center","background-size":"auto","background-attachment":"scroll","background-type":"","background-media":"","overlay-type":"","overlay-color":"","overlay-opacity":"","overlay-gradient":""},"tablet":{"background-color":"","background-image":"","background-repeat":"repeat","background-position":"center center","background-size":"auto","background-attachment":"scroll","background-type":"","background-media":"","overlay-type":"","overlay-color":"","overlay-opacity":"","overlay-gradient":""},"mobile":{"background-color":"","background-image":"","background-repeat":"repeat","background-position":"center center","background-size":"auto","background-attachment":"scroll","background-type":"","background-media":"","overlay-type":"","overlay-color":"","overlay-opacity":"","overlay-gradient":""}},"ast-content-background-meta":{"desktop":{"background-color":"var(--ast-global-color-5)","background-image":"","background-repeat":"repeat","background-position":"center center","background-size":"auto","background-attachment":"scroll","background-type":"","background-media":"","overlay-type":"","overlay-color":"","overlay-opacity":"","overlay-gradient":""},"tablet":{"background-color":"var(--ast-global-color-5)","background-image":"","background-repeat":"repeat","background-position":"center center","background-size":"auto","background-attachment":"scroll","background-type":"","background-media":"","overlay-type":"","overlay-color":"","overlay-opacity":"","overlay-gradient":""},"mobile":{"background-color":"var(--ast-global-color-5)","background-image":"","background-repeat":"repeat","background-position":"center center","background-size":"auto","background-attachment":"scroll","background-type":"","background-media":"","overlay-type":"","overlay-color":"","overlay-opacity":"","overlay-gradient":""}},"footnotes":""},"categories":[209,1,4],"tags":[],"class_list":["post-7154","post","type-post","status-publish","format-standard","has-post-thumbnail","hentry","category-festes-activitats-de-centre","category-general","category-portada"],"post_mailing_queue_ids":[],"_links":{"self":[{"href":"https:\/\/agora.xtec.cat\/escolavalldaura\/wp-json\/wp\/v2\/posts\/7154","targetHints":{"allow":["GET"]}}],"collection":[{"href":"https:\/\/agora.xtec.cat\/escolavalldaura\/wp-json\/wp\/v2\/posts"}],"about":[{"href":"https:\/\/agora.xtec.cat\/escolavalldaura\/wp-json\/wp\/v2\/types\/post"}],"author":[{"embeddable":true,"href":"https:\/\/agora.xtec.cat\/escolavalldaura\/wp-json\/wp\/v2\/users\/23"}],"replies":[{"embeddable":true,"href":"https:\/\/agora.xtec.cat\/escolavalldaura\/wp-json\/wp\/v2\/comments?post=7154"}],"version-history":[{"count":2,"href":"https:\/\/agora.xtec.cat\/escolavalldaura\/wp-json\/wp\/v2\/posts\/7154\/revisions"}],"predecessor-version":[{"id":7371,"href":"https:\/\/agora.xtec.cat\/escolavalldaura\/wp-json\/wp\/v2\/posts\/7154\/revisions\/7371"}],"wp:featuredmedia":[{"embeddable":true,"href":"https:\/\/agora.xtec.cat\/escolavalldaura\/wp-json\/wp\/v2\/media\/7156"}],"wp:attachment":[{"href":"https:\/\/agora.xtec.cat\/escolavalldaura\/wp-json\/wp\/v2\/media?parent=7154"}],"wp:term":[{"taxonomy":"category","embeddable":true,"href":"https:\/\/agora.xtec.cat\/escolavalldaura\/wp-json\/wp\/v2\/categories?post=7154"},{"taxonomy":"post_tag","embeddable":true,"href":"https:\/\/agora.xtec.cat\/escolavalldaura\/wp-json\/wp\/v2\/tags?post=7154"}],"curies":[{"name":"wp","href":"https:\/\/api.w.org\/{rel}","templated":true}]}}