{"id":6926,"date":"2024-12-20T13:07:22","date_gmt":"2024-12-20T12:07:22","guid":{"rendered":"https:\/\/agora.xtec.cat\/escolavalldaura\/?p=6926"},"modified":"2025-04-12T09:25:41","modified_gmt":"2025-04-12T07:25:41","slug":"el-nadal-a-lescola","status":"publish","type":"post","link":"https:\/\/agora.xtec.cat\/escolavalldaura\/general\/el-nadal-a-lescola\/","title":{"rendered":"El Nadal a l&#8217;escola"},"content":{"rendered":"<p><span style=\"font-weight: 400;\">Benvolgudes fam\u00edlies,<\/span><\/p>\n<p><span style=\"font-weight: 400;\">Avui hem finalitzat el primer trimestre del curs 24-25 i ho hem fet celebrant el Nadal a l\u2019escola.<\/span><\/p>\n<p><span style=\"font-weight: 400;\">A principis de desembre vam trobar-nos l\u2019escola decorada amb moltes boles de Nadal, un ti\u00f3 i un arbre de Nadal dins de cada m\u00f2dul. Aquella mateixa tarda vam decorar les aules i els arbres. Els nens i nenes d\u2019infantil i de cicle inicial vam anar a buscar el seu ti\u00f3 a la Ribera i l\u2019hem estat alimentant amb peles de mandarina.<\/span><\/p>\n<p><span style=\"font-weight: 400;\">Durant aquestes setmanes hem fet una postal de Nadal acompanyada d\u2019un poema. Una altra activitat que hem fet aquests dies ha estat la d&#8217;aprendre&#8217;ns nadales en catal\u00e0 i en angl\u00e8s per poder-les cantar al Concert de Nadal que vam fer dimecres al teatre conservatori. Aquestes mateixes can\u00e7ons tamb\u00e9 les hem anat a cantar a la Resid\u00e8ncia Geri\u00e0trica Valldaura, a la Llar d\u2019infants l\u2019Espurna, la Llar d&#8217;infants l&#8217;Estel i a les places del barri.<\/span><\/p>\n<p><span style=\"font-weight: 400;\">El dijous vam posar-nos el davantal i vam cuinar galetes amb l&#8217;ajuda de les fam\u00edlies. Avui hem fet cagar el ti\u00f3 al mat\u00ed i hem esmorzat a la pista de l\u2019escola la coca i les monedes de xocolata que ens ha cagat el ti\u00f3.\u00a0<\/span><\/p>\n<p><span style=\"font-weight: 400;\">Rebreu un missatge al Dinantia amb un enlla\u00e7 per veure les fotos d\u2019aquests dies.<\/span><\/p>\n<p><span style=\"font-weight: 400;\">Bon any i bones vacances!\u00a0<\/span><\/p>\n<p><a href=\"https:\/\/agora.xtec.cat\/escolavalldaura\/wp-content\/uploads\/usu1912\/2024\/12\/Arbre-de-desitjos.png\"><img loading=\"lazy\" decoding=\"async\" class=\" wp-image-6927 aligncenter\" src=\"https:\/\/agora.xtec.cat\/escolavalldaura\/wp-content\/uploads\/usu1912\/2024\/12\/Arbre-de-desitjos.png\" alt=\"\" width=\"187\" height=\"304\" srcset=\"https:\/\/agora.xtec.cat\/escolavalldaura\/wp-content\/uploads\/usu1912\/2024\/12\/Arbre-de-desitjos.png 367w, https:\/\/agora.xtec.cat\/escolavalldaura\/wp-content\/uploads\/usu1912\/2024\/12\/Arbre-de-desitjos-184x300.png 184w\" sizes=\"auto, (max-width: 187px) 100vw, 187px\" \/><\/a><\/p>\n","protected":false},"excerpt":{"rendered":"<p>Benvolgudes fam\u00edlies, Avui hem finalitzat el primer trimestre del curs 24-25 i ho hem fet celebrant el Nadal a l\u2019escola. A principis de desembre vam trobar-nos l\u2019escola decorada amb moltes boles de Nadal, un ti\u00f3 i un arbre de Nadal dins de cada m\u00f2dul. Aquella mateixa tarda vam decorar les aules i els arbres. Els [&hellip;]<\/p>\n","protected":false},"author":75,"featured_media":6927,"comment_status":"open","ping_status":"closed","sticky":false,"template":"","format":"standard","meta":{"_bbp_topic_count":0,"_bbp_reply_count":0,"_bbp_total_topic_count":0,"_bbp_total_reply_count":0,"_bbp_voice_count":0,"_bbp_anonymous_reply_count":0,"_bbp_topic_count_hidden":0,"_bbp_reply_count_hidden":0,"_bbp_forum_subforum_count":0,"site-sidebar-layout":"default","site-content-layout":"","ast-site-content-layout":"","site-content-style":"default","site-sidebar-style":"default","ast-global-header-display":"","ast-banner-title-visibility":"","ast-main-header-display":"","ast-hfb-above-header-display":"","ast-hfb-below-header-display":"","ast-hfb-mobile-header-display":"","site-post-title":"","ast-breadcrumbs-content":"","ast-featured-img":"","footer-sml-layout":"","theme-transparent-header-meta":"","adv-header-id-meta":"","stick-header-meta":"","header-above-stick-meta":"","header-main-stick-meta":"","header-below-stick-meta":"","astra-migrate-meta-layouts":"default","ast-page-background-enabled":"default","ast-page-background-meta":{"desktop":{"background-color":"var(--ast-global-color-4)","background-image":"","background-repeat":"repeat","background-position":"center center","background-size":"auto","background-attachment":"scroll","background-type":"","background-media":"","overlay-type":"","overlay-color":"","overlay-opacity":"","overlay-gradient":""},"tablet":{"background-color":"","background-image":"","background-repeat":"repeat","background-position":"center center","background-size":"auto","background-attachment":"scroll","background-type":"","background-media":"","overlay-type":"","overlay-color":"","overlay-opacity":"","overlay-gradient":""},"mobile":{"background-color":"","background-image":"","background-repeat":"repeat","background-position":"center center","background-size":"auto","background-attachment":"scroll","background-type":"","background-media":"","overlay-type":"","overlay-color":"","overlay-opacity":"","overlay-gradient":""}},"ast-content-background-meta":{"desktop":{"background-color":"var(--ast-global-color-5)","background-image":"","background-repeat":"repeat","background-position":"center center","background-size":"auto","background-attachment":"scroll","background-type":"","background-media":"","overlay-type":"","overlay-color":"","overlay-opacity":"","overlay-gradient":""},"tablet":{"background-color":"var(--ast-global-color-5)","background-image":"","background-repeat":"repeat","background-position":"center center","background-size":"auto","background-attachment":"scroll","background-type":"","background-media":"","overlay-type":"","overlay-color":"","overlay-opacity":"","overlay-gradient":""},"mobile":{"background-color":"var(--ast-global-color-5)","background-image":"","background-repeat":"repeat","background-position":"center center","background-size":"auto","background-attachment":"scroll","background-type":"","background-media":"","overlay-type":"","overlay-color":"","overlay-opacity":"","overlay-gradient":""}},"footnotes":""},"categories":[209,1,4],"tags":[],"class_list":["post-6926","post","type-post","status-publish","format-standard","has-post-thumbnail","hentry","category-festes-activitats-de-centre","category-general","category-portada"],"post_mailing_queue_ids":[],"_links":{"self":[{"href":"https:\/\/agora.xtec.cat\/escolavalldaura\/wp-json\/wp\/v2\/posts\/6926","targetHints":{"allow":["GET"]}}],"collection":[{"href":"https:\/\/agora.xtec.cat\/escolavalldaura\/wp-json\/wp\/v2\/posts"}],"about":[{"href":"https:\/\/agora.xtec.cat\/escolavalldaura\/wp-json\/wp\/v2\/types\/post"}],"author":[{"embeddable":true,"href":"https:\/\/agora.xtec.cat\/escolavalldaura\/wp-json\/wp\/v2\/users\/75"}],"replies":[{"embeddable":true,"href":"https:\/\/agora.xtec.cat\/escolavalldaura\/wp-json\/wp\/v2\/comments?post=6926"}],"version-history":[{"count":2,"href":"https:\/\/agora.xtec.cat\/escolavalldaura\/wp-json\/wp\/v2\/posts\/6926\/revisions"}],"predecessor-version":[{"id":6929,"href":"https:\/\/agora.xtec.cat\/escolavalldaura\/wp-json\/wp\/v2\/posts\/6926\/revisions\/6929"}],"wp:featuredmedia":[{"embeddable":true,"href":"https:\/\/agora.xtec.cat\/escolavalldaura\/wp-json\/wp\/v2\/media\/6927"}],"wp:attachment":[{"href":"https:\/\/agora.xtec.cat\/escolavalldaura\/wp-json\/wp\/v2\/media?parent=6926"}],"wp:term":[{"taxonomy":"category","embeddable":true,"href":"https:\/\/agora.xtec.cat\/escolavalldaura\/wp-json\/wp\/v2\/categories?post=6926"},{"taxonomy":"post_tag","embeddable":true,"href":"https:\/\/agora.xtec.cat\/escolavalldaura\/wp-json\/wp\/v2\/tags?post=6926"}],"curies":[{"name":"wp","href":"https:\/\/api.w.org\/{rel}","templated":true}]}}