{"id":6850,"date":"2024-11-07T14:47:49","date_gmt":"2024-11-07T13:47:49","guid":{"rendered":"https:\/\/agora.xtec.cat\/escolavalldaura\/?p=6850"},"modified":"2025-04-12T09:26:06","modified_gmt":"2025-04-12T07:26:06","slug":"la-tardor-a-lescola-valldaura","status":"publish","type":"post","link":"https:\/\/agora.xtec.cat\/escolavalldaura\/general\/la-tardor-a-lescola-valldaura\/","title":{"rendered":"LA TARDOR A L&#8217;ESCOLA VALLDAURA"},"content":{"rendered":"<p>Hola fam\u00edlies,<\/p>\n<p>us volem explicar una mica com celebrem l&#8217;arribada de la tardor a l&#8217;escola aquest curs!!<\/p>\n<p>Des de les aules, hem sortit a la natura a viure i experimentar amb l&#8217;arribada de la tardor. Hem pogut veure els canvis que ha patit el paisatge: les fulles han canviat de colors, el terra est\u00e0 m\u00e9s humit i ple de fulles seques, han crescut alguns bolets&#8230; Hem aprofitat aquesta visita per agafar i immortalitzar aquests elements natural i t\u00edpics de tardor i amb tot aix\u00f2 hem fet dues manualitats: una per decorar els m\u00f2duls de cada cicle i una altra per crear una exposici\u00f3 que hem titulat &#8220;la tardor a la Ribera&#8221;: l&#8217;alumnat d&#8217;infantil hem anat a la Ribera i hem fet fotografies i gravat els sons que s&#8217;hi poden escoltar i hem fet uns cargols; l&#8217;alumnat de cicle inicial hem fet una manualitat d&#8217;un esquirol amb elements reciclats i uns aglans; a cicle mitj\u00e0 hem collit fulles de diferents tonalitats de la tardor i hem fet un punt de llibre i uns mandales; finalment, a cicle superior, hem collit fulles seques i troncs, les hem pintat i hem creat un m\u00f2bil de tardor. Aix\u00ed, cada curs hem contribu\u00eft a decorar els espais comuns i apropar la tardor a l&#8217;escola.<\/p>\n<p>Tamb\u00e9, hem celebrat la castanyada. Per fer-ho, hem fet panellets, un dol\u00e7 t\u00edpic de la cultura catalana que segur heu pogut tastar i us ha agradat! Ho hem fet amb companys i companyes d&#8217;altres aules i hem gaudit molt\u00edssim! Des de m\u00fasica, hem anat preparant unes danses t\u00edpiques catalanes que hem pogut ballar per les fam\u00edlies i els companys i companyes d&#8217;altres cursos a la celebraci\u00f3 de la castanyada. Despr\u00e9s de ballar les danses, hem menjat castanyes que ens han preparat les fam\u00edlies de l&#8217;AFI i mandarines juntament amb les fam\u00edlies.<\/p>\n<p>Si voleu veure m\u00e9s fotografies de les diferents activitats que us hem explicat, les podreu veure a trav\u00e9s de l&#8217;enlla\u00e7 que us hem enviat per Dinantia.<\/p>\n<p><a href=\"https:\/\/agora.xtec.cat\/escolavalldaura\/wp-content\/uploads\/usu1912\/2024\/11\/Captura-de-pantalla-2024-11-07-101419.png\"><img loading=\"lazy\" decoding=\"async\" class=\"alignnone wp-image-6851\" src=\"https:\/\/agora.xtec.cat\/escolavalldaura\/wp-content\/uploads\/usu1912\/2024\/11\/Captura-de-pantalla-2024-11-07-101419.png\" alt=\"\" width=\"220\" height=\"297\" srcset=\"https:\/\/agora.xtec.cat\/escolavalldaura\/wp-content\/uploads\/usu1912\/2024\/11\/Captura-de-pantalla-2024-11-07-101419.png 640w, https:\/\/agora.xtec.cat\/escolavalldaura\/wp-content\/uploads\/usu1912\/2024\/11\/Captura-de-pantalla-2024-11-07-101419-222x300.png 222w\" sizes=\"auto, (max-width: 220px) 100vw, 220px\" \/><\/a> <a href=\"https:\/\/agora.xtec.cat\/escolavalldaura\/wp-content\/uploads\/usu1912\/2024\/11\/Captura-de-pantalla-2024-11-07-101453.png\"><img loading=\"lazy\" decoding=\"async\" class=\"alignnone wp-image-6852\" src=\"https:\/\/agora.xtec.cat\/escolavalldaura\/wp-content\/uploads\/usu1912\/2024\/11\/Captura-de-pantalla-2024-11-07-101453-1024x769.png\" alt=\"\" width=\"318\" height=\"239\" srcset=\"https:\/\/agora.xtec.cat\/escolavalldaura\/wp-content\/uploads\/usu1912\/2024\/11\/Captura-de-pantalla-2024-11-07-101453-1024x769.png 1024w, https:\/\/agora.xtec.cat\/escolavalldaura\/wp-content\/uploads\/usu1912\/2024\/11\/Captura-de-pantalla-2024-11-07-101453-300x225.png 300w, https:\/\/agora.xtec.cat\/escolavalldaura\/wp-content\/uploads\/usu1912\/2024\/11\/Captura-de-pantalla-2024-11-07-101453-768x576.png 768w, https:\/\/agora.xtec.cat\/escolavalldaura\/wp-content\/uploads\/usu1912\/2024\/11\/Captura-de-pantalla-2024-11-07-101453-200x150.png 200w, https:\/\/agora.xtec.cat\/escolavalldaura\/wp-content\/uploads\/usu1912\/2024\/11\/Captura-de-pantalla-2024-11-07-101453.png 1159w\" sizes=\"auto, (max-width: 318px) 100vw, 318px\" \/><\/a> <a href=\"https:\/\/agora.xtec.cat\/escolavalldaura\/wp-content\/uploads\/usu1912\/2024\/11\/Captura-de-pantalla-2024-11-07-101518.png\"><img loading=\"lazy\" decoding=\"async\" class=\"alignnone wp-image-6853\" src=\"https:\/\/agora.xtec.cat\/escolavalldaura\/wp-content\/uploads\/usu1912\/2024\/11\/Captura-de-pantalla-2024-11-07-101518.png\" alt=\"\" width=\"193\" height=\"287\" srcset=\"https:\/\/agora.xtec.cat\/escolavalldaura\/wp-content\/uploads\/usu1912\/2024\/11\/Captura-de-pantalla-2024-11-07-101518.png 571w, https:\/\/agora.xtec.cat\/escolavalldaura\/wp-content\/uploads\/usu1912\/2024\/11\/Captura-de-pantalla-2024-11-07-101518-202x300.png 202w\" sizes=\"auto, (max-width: 193px) 100vw, 193px\" \/><\/a><\/p>\n","protected":false},"excerpt":{"rendered":"<p>Hola fam\u00edlies, us volem explicar una mica com celebrem l&#8217;arribada de la tardor a l&#8217;escola aquest curs!! Des de les aules, hem sortit a la natura a viure i experimentar amb l&#8217;arribada de la tardor. Hem pogut veure els canvis que ha patit el paisatge: les fulles han canviat de colors, el terra est\u00e0 m\u00e9s [&hellip;]<\/p>\n","protected":false},"author":77,"featured_media":0,"comment_status":"open","ping_status":"closed","sticky":false,"template":"","format":"standard","meta":{"_bbp_topic_count":0,"_bbp_reply_count":0,"_bbp_total_topic_count":0,"_bbp_total_reply_count":0,"_bbp_voice_count":0,"_bbp_anonymous_reply_count":0,"_bbp_topic_count_hidden":0,"_bbp_reply_count_hidden":0,"_bbp_forum_subforum_count":0,"site-sidebar-layout":"default","site-content-layout":"","ast-site-content-layout":"","site-content-style":"default","site-sidebar-style":"default","ast-global-header-display":"","ast-banner-title-visibility":"","ast-main-header-display":"","ast-hfb-above-header-display":"","ast-hfb-below-header-display":"","ast-hfb-mobile-header-display":"","site-post-title":"","ast-breadcrumbs-content":"","ast-featured-img":"","footer-sml-layout":"","theme-transparent-header-meta":"","adv-header-id-meta":"","stick-header-meta":"","header-above-stick-meta":"","header-main-stick-meta":"","header-below-stick-meta":"","astra-migrate-meta-layouts":"default","ast-page-background-enabled":"default","ast-page-background-meta":{"desktop":{"background-color":"var(--ast-global-color-4)","background-image":"","background-repeat":"repeat","background-position":"center center","background-size":"auto","background-attachment":"scroll","background-type":"","background-media":"","overlay-type":"","overlay-color":"","overlay-opacity":"","overlay-gradient":""},"tablet":{"background-color":"","background-image":"","background-repeat":"repeat","background-position":"center center","background-size":"auto","background-attachment":"scroll","background-type":"","background-media":"","overlay-type":"","overlay-color":"","overlay-opacity":"","overlay-gradient":""},"mobile":{"background-color":"","background-image":"","background-repeat":"repeat","background-position":"center center","background-size":"auto","background-attachment":"scroll","background-type":"","background-media":"","overlay-type":"","overlay-color":"","overlay-opacity":"","overlay-gradient":""}},"ast-content-background-meta":{"desktop":{"background-color":"var(--ast-global-color-5)","background-image":"","background-repeat":"repeat","background-position":"center center","background-size":"auto","background-attachment":"scroll","background-type":"","background-media":"","overlay-type":"","overlay-color":"","overlay-opacity":"","overlay-gradient":""},"tablet":{"background-color":"var(--ast-global-color-5)","background-image":"","background-repeat":"repeat","background-position":"center center","background-size":"auto","background-attachment":"scroll","background-type":"","background-media":"","overlay-type":"","overlay-color":"","overlay-opacity":"","overlay-gradient":""},"mobile":{"background-color":"var(--ast-global-color-5)","background-image":"","background-repeat":"repeat","background-position":"center center","background-size":"auto","background-attachment":"scroll","background-type":"","background-media":"","overlay-type":"","overlay-color":"","overlay-opacity":"","overlay-gradient":""}},"footnotes":""},"categories":[209,1,4],"tags":[196,198,197],"class_list":["post-6850","post","type-post","status-publish","format-standard","hentry","category-festes-activitats-de-centre","category-general","category-portada","tag-castanyada","tag-panellets","tag-tardor"],"post_mailing_queue_ids":[],"_links":{"self":[{"href":"https:\/\/agora.xtec.cat\/escolavalldaura\/wp-json\/wp\/v2\/posts\/6850","targetHints":{"allow":["GET"]}}],"collection":[{"href":"https:\/\/agora.xtec.cat\/escolavalldaura\/wp-json\/wp\/v2\/posts"}],"about":[{"href":"https:\/\/agora.xtec.cat\/escolavalldaura\/wp-json\/wp\/v2\/types\/post"}],"author":[{"embeddable":true,"href":"https:\/\/agora.xtec.cat\/escolavalldaura\/wp-json\/wp\/v2\/users\/77"}],"replies":[{"embeddable":true,"href":"https:\/\/agora.xtec.cat\/escolavalldaura\/wp-json\/wp\/v2\/comments?post=6850"}],"version-history":[{"count":2,"href":"https:\/\/agora.xtec.cat\/escolavalldaura\/wp-json\/wp\/v2\/posts\/6850\/revisions"}],"predecessor-version":[{"id":6855,"href":"https:\/\/agora.xtec.cat\/escolavalldaura\/wp-json\/wp\/v2\/posts\/6850\/revisions\/6855"}],"wp:attachment":[{"href":"https:\/\/agora.xtec.cat\/escolavalldaura\/wp-json\/wp\/v2\/media?parent=6850"}],"wp:term":[{"taxonomy":"category","embeddable":true,"href":"https:\/\/agora.xtec.cat\/escolavalldaura\/wp-json\/wp\/v2\/categories?post=6850"},{"taxonomy":"post_tag","embeddable":true,"href":"https:\/\/agora.xtec.cat\/escolavalldaura\/wp-json\/wp\/v2\/tags?post=6850"}],"curies":[{"name":"wp","href":"https:\/\/api.w.org\/{rel}","templated":true}]}}