{"id":6692,"date":"2024-06-04T15:36:16","date_gmt":"2024-06-04T13:36:16","guid":{"rendered":"https:\/\/agora.xtec.cat\/escolavalldaura\/?p=6692"},"modified":"2025-04-12T09:27:34","modified_gmt":"2025-04-12T07:27:34","slug":"6ea-posa-fi-al-projecte-de-final-de-curs","status":"publish","type":"post","link":"https:\/\/agora.xtec.cat\/escolavalldaura\/general\/6ea-posa-fi-al-projecte-de-final-de-curs\/","title":{"rendered":"6\u00e8A POSA FI AL PROJECTE DE FINAL DE CURS"},"content":{"rendered":"<p>L&#8217;alumnat de 6\u00e8A va marxar la setmana passada al c\u00e0mping Interpals, situat a la platja de Pals. D&#8217;aquesta manera van poder finalitzar el seu projecte de final de curs que van iniciar al setembre. Han estat molts mesos de feina per tal de poder organitzar i planificar aquest comiat tan esperat. S\u00f3n molts els aprenentatges viscuts al llarg de totes les sessions. Aix\u00ed doncs, han pogut treballar l&#8217;autonomia, la responsabilitat, la presa de decisions, el treball en equip i generar tot una s\u00e8rie de vincles i lligams amb el grup. En definitiva, un munt d&#8217;experi\u00e8ncies viscudes que segur quedaran en el record per sempre.<\/p>\n<p>&nbsp;<\/p>\n<p><img loading=\"lazy\" decoding=\"async\" class=\"aligncenter\" src=\"https:\/\/agora.xtec.cat\/escolavalldaura\/wp-content\/uploads\/usu1912\/2024\/06\/IMG_5189-1-2-scaled.jpg\" width=\"702\" height=\"527\" \/><\/p>\n<p>&nbsp;<\/p>\n<p><a href=\"https:\/\/agora.xtec.cat\/escolavalldaura\/wp-content\/uploads\/usu1912\/2024\/06\/logo-Ajuntament-color.jpg\"><img loading=\"lazy\" decoding=\"async\" class=\"alignnone wp-image-7124\" src=\"https:\/\/agora.xtec.cat\/escolavalldaura\/wp-content\/uploads\/usu1912\/2024\/06\/logo-Ajuntament-color.jpg\" alt=\"\" width=\"283\" height=\"64\" srcset=\"https:\/\/agora.xtec.cat\/escolavalldaura\/wp-content\/uploads\/usu1912\/2024\/06\/logo-Ajuntament-color.jpg 632w, https:\/\/agora.xtec.cat\/escolavalldaura\/wp-content\/uploads\/usu1912\/2024\/06\/logo-Ajuntament-color-300x68.jpg 300w\" sizes=\"auto, (max-width: 283px) 100vw, 283px\" \/><\/a><\/p>\n<p>ACTIVITAT SUBVENCIONADA PER L&#8217;AJUNTAMENT DE MANRESA<\/p>\n","protected":false},"excerpt":{"rendered":"<p>L&#8217;alumnat de 6\u00e8A va marxar la setmana passada al c\u00e0mping Interpals, situat a la platja de Pals. D&#8217;aquesta manera van poder finalitzar el seu projecte de final de curs que van iniciar al setembre. Han estat molts mesos de feina per tal de poder organitzar i planificar aquest comiat tan esperat. S\u00f3n molts els aprenentatges [&hellip;]<\/p>\n","protected":false},"author":51,"featured_media":6694,"comment_status":"open","ping_status":"closed","sticky":false,"template":"","format":"standard","meta":{"_bbp_topic_count":0,"_bbp_reply_count":0,"_bbp_total_topic_count":0,"_bbp_total_reply_count":0,"_bbp_voice_count":0,"_bbp_anonymous_reply_count":0,"_bbp_topic_count_hidden":0,"_bbp_reply_count_hidden":0,"_bbp_forum_subforum_count":0,"site-sidebar-layout":"default","site-content-layout":"","ast-site-content-layout":"","site-content-style":"default","site-sidebar-style":"default","ast-global-header-display":"","ast-banner-title-visibility":"","ast-main-header-display":"","ast-hfb-above-header-display":"","ast-hfb-below-header-display":"","ast-hfb-mobile-header-display":"","site-post-title":"","ast-breadcrumbs-content":"","ast-featured-img":"","footer-sml-layout":"","theme-transparent-header-meta":"","adv-header-id-meta":"","stick-header-meta":"","header-above-stick-meta":"","header-main-stick-meta":"","header-below-stick-meta":"","astra-migrate-meta-layouts":"default","ast-page-background-enabled":"default","ast-page-background-meta":{"desktop":{"background-color":"var(--ast-global-color-4)","background-image":"","background-repeat":"repeat","background-position":"center center","background-size":"auto","background-attachment":"scroll","background-type":"","background-media":"","overlay-type":"","overlay-color":"","overlay-opacity":"","overlay-gradient":""},"tablet":{"background-color":"","background-image":"","background-repeat":"repeat","background-position":"center center","background-size":"auto","background-attachment":"scroll","background-type":"","background-media":"","overlay-type":"","overlay-color":"","overlay-opacity":"","overlay-gradient":""},"mobile":{"background-color":"","background-image":"","background-repeat":"repeat","background-position":"center center","background-size":"auto","background-attachment":"scroll","background-type":"","background-media":"","overlay-type":"","overlay-color":"","overlay-opacity":"","overlay-gradient":""}},"ast-content-background-meta":{"desktop":{"background-color":"var(--ast-global-color-5)","background-image":"","background-repeat":"repeat","background-position":"center center","background-size":"auto","background-attachment":"scroll","background-type":"","background-media":"","overlay-type":"","overlay-color":"","overlay-opacity":"","overlay-gradient":""},"tablet":{"background-color":"var(--ast-global-color-5)","background-image":"","background-repeat":"repeat","background-position":"center center","background-size":"auto","background-attachment":"scroll","background-type":"","background-media":"","overlay-type":"","overlay-color":"","overlay-opacity":"","overlay-gradient":""},"mobile":{"background-color":"var(--ast-global-color-5)","background-image":"","background-repeat":"repeat","background-position":"center center","background-size":"auto","background-attachment":"scroll","background-type":"","background-media":"","overlay-type":"","overlay-color":"","overlay-opacity":"","overlay-gradient":""}},"footnotes":""},"categories":[1,4,202,211],"tags":[],"class_list":["post-6692","post","type-post","status-publish","format-standard","has-post-thumbnail","hentry","category-general","category-portada","category-projecte","category-sortides-i-colonies"],"post_mailing_queue_ids":[],"_links":{"self":[{"href":"https:\/\/agora.xtec.cat\/escolavalldaura\/wp-json\/wp\/v2\/posts\/6692","targetHints":{"allow":["GET"]}}],"collection":[{"href":"https:\/\/agora.xtec.cat\/escolavalldaura\/wp-json\/wp\/v2\/posts"}],"about":[{"href":"https:\/\/agora.xtec.cat\/escolavalldaura\/wp-json\/wp\/v2\/types\/post"}],"author":[{"embeddable":true,"href":"https:\/\/agora.xtec.cat\/escolavalldaura\/wp-json\/wp\/v2\/users\/51"}],"replies":[{"embeddable":true,"href":"https:\/\/agora.xtec.cat\/escolavalldaura\/wp-json\/wp\/v2\/comments?post=6692"}],"version-history":[{"count":3,"href":"https:\/\/agora.xtec.cat\/escolavalldaura\/wp-json\/wp\/v2\/posts\/6692\/revisions"}],"predecessor-version":[{"id":7125,"href":"https:\/\/agora.xtec.cat\/escolavalldaura\/wp-json\/wp\/v2\/posts\/6692\/revisions\/7125"}],"wp:featuredmedia":[{"embeddable":true,"href":"https:\/\/agora.xtec.cat\/escolavalldaura\/wp-json\/wp\/v2\/media\/6694"}],"wp:attachment":[{"href":"https:\/\/agora.xtec.cat\/escolavalldaura\/wp-json\/wp\/v2\/media?parent=6692"}],"wp:term":[{"taxonomy":"category","embeddable":true,"href":"https:\/\/agora.xtec.cat\/escolavalldaura\/wp-json\/wp\/v2\/categories?post=6692"},{"taxonomy":"post_tag","embeddable":true,"href":"https:\/\/agora.xtec.cat\/escolavalldaura\/wp-json\/wp\/v2\/tags?post=6692"}],"curies":[{"name":"wp","href":"https:\/\/api.w.org\/{rel}","templated":true}]}}