{"id":6617,"date":"2024-04-30T13:51:19","date_gmt":"2024-04-30T11:51:19","guid":{"rendered":"https:\/\/agora.xtec.cat\/escolavalldaura\/?p=6617"},"modified":"2025-04-12T09:28:22","modified_gmt":"2025-04-12T07:28:22","slug":"els-petits-i-petites-de-lescola-anem-al-parc-de-lagulla","status":"publish","type":"post","link":"https:\/\/agora.xtec.cat\/escolavalldaura\/general\/els-petits-i-petites-de-lescola-anem-al-parc-de-lagulla\/","title":{"rendered":"Els petits i petites de l&#8217;escola anem al Parc de l&#8217;Agulla."},"content":{"rendered":"<p>El dijous 11 d&#8217;abril Sa\u00fccs, Oms i Moreres vam anar a passar el dia al Parc de l&#8217;Agulla per fer una sortida de cohesi\u00f3 i descoberta de l&#8217;entorn.<\/p>\n<p>Per arribar al Parc, primer vam agafar l&#8217;autob\u00fas urb\u00e0. Durant el recorregut, vam observar alguns monuments i elements de la nostra ciutat. Tamb\u00e9 ens vam adonar de que pass\u00e0vem a prop de les cases d&#8217;alguns companys i companyes i aix\u00f2 ens va agradar molt. Per fer l&#8217;\u00faltim tram del trajecte vam haver de caminar una mica i vam veure horts, cabres, arbres, canyes, etc.<\/p>\n<p>Al parc, vam gaudir molt jugant tots junts. Tamb\u00e9 vam<span style=\"font-family: inherit; font-size: 1em;\"> experimentar amb el nostre equilibri i amb la nostra agilitat, tot ajudant-nos a l&#8217;hora d&#8217;enfilar-nos per\u00a0 les diferents estructures i gronxadors del parc.<\/span><\/p>\n<p>Va ser un dia ben bonic, podent compartir tanta estona i viv\u00e8ncies plegats. <a href=\"https:\/\/drive.google.com\/drive\/folders\/1cJQQBxsG1NIs0mjzwxqy423XYa3vLrfv?usp=drive_link\">Cliqueu aqu\u00ed per veure les fotos<\/a>.<\/p>\n<p><img decoding=\"async\" src=\"https:\/\/agora.xtec.cat\/escolavalldaura\/wp-content\/uploads\/usu1912\/2024\/04\/parcAgulla-scaled.jpg\" \/><\/p>\n","protected":false},"excerpt":{"rendered":"<p>El dijous 11 d&#8217;abril Sa\u00fccs, Oms i Moreres vam anar a passar el dia al Parc de l&#8217;Agulla per fer una sortida de cohesi\u00f3 i descoberta de l&#8217;entorn. Per arribar al Parc, primer vam agafar l&#8217;autob\u00fas urb\u00e0. Durant el recorregut, vam observar alguns monuments i elements de la nostra ciutat. Tamb\u00e9 ens vam adonar de [&hellip;]<\/p>\n","protected":false},"author":68,"featured_media":6618,"comment_status":"open","ping_status":"closed","sticky":false,"template":"","format":"standard","meta":{"_bbp_topic_count":0,"_bbp_reply_count":0,"_bbp_total_topic_count":0,"_bbp_total_reply_count":0,"_bbp_voice_count":0,"_bbp_anonymous_reply_count":0,"_bbp_topic_count_hidden":0,"_bbp_reply_count_hidden":0,"_bbp_forum_subforum_count":0,"site-sidebar-layout":"default","site-content-layout":"","ast-site-content-layout":"","site-content-style":"default","site-sidebar-style":"default","ast-global-header-display":"","ast-banner-title-visibility":"","ast-main-header-display":"","ast-hfb-above-header-display":"","ast-hfb-below-header-display":"","ast-hfb-mobile-header-display":"","site-post-title":"","ast-breadcrumbs-content":"","ast-featured-img":"","footer-sml-layout":"","theme-transparent-header-meta":"","adv-header-id-meta":"","stick-header-meta":"","header-above-stick-meta":"","header-main-stick-meta":"","header-below-stick-meta":"","astra-migrate-meta-layouts":"default","ast-page-background-enabled":"default","ast-page-background-meta":{"desktop":{"background-color":"var(--ast-global-color-4)","background-image":"","background-repeat":"repeat","background-position":"center center","background-size":"auto","background-attachment":"scroll","background-type":"","background-media":"","overlay-type":"","overlay-color":"","overlay-opacity":"","overlay-gradient":""},"tablet":{"background-color":"","background-image":"","background-repeat":"repeat","background-position":"center center","background-size":"auto","background-attachment":"scroll","background-type":"","background-media":"","overlay-type":"","overlay-color":"","overlay-opacity":"","overlay-gradient":""},"mobile":{"background-color":"","background-image":"","background-repeat":"repeat","background-position":"center center","background-size":"auto","background-attachment":"scroll","background-type":"","background-media":"","overlay-type":"","overlay-color":"","overlay-opacity":"","overlay-gradient":""}},"ast-content-background-meta":{"desktop":{"background-color":"var(--ast-global-color-5)","background-image":"","background-repeat":"repeat","background-position":"center center","background-size":"auto","background-attachment":"scroll","background-type":"","background-media":"","overlay-type":"","overlay-color":"","overlay-opacity":"","overlay-gradient":""},"tablet":{"background-color":"var(--ast-global-color-5)","background-image":"","background-repeat":"repeat","background-position":"center center","background-size":"auto","background-attachment":"scroll","background-type":"","background-media":"","overlay-type":"","overlay-color":"","overlay-opacity":"","overlay-gradient":""},"mobile":{"background-color":"var(--ast-global-color-5)","background-image":"","background-repeat":"repeat","background-position":"center center","background-size":"auto","background-attachment":"scroll","background-type":"","background-media":"","overlay-type":"","overlay-color":"","overlay-opacity":"","overlay-gradient":""}},"footnotes":""},"categories":[1,4,211],"tags":[193,194],"class_list":["post-6617","post","type-post","status-publish","format-standard","has-post-thumbnail","hentry","category-general","category-portada","category-sortides-i-colonies","tag-educacio-infantil","tag-parc-de-lagulla"],"post_mailing_queue_ids":[],"_links":{"self":[{"href":"https:\/\/agora.xtec.cat\/escolavalldaura\/wp-json\/wp\/v2\/posts\/6617","targetHints":{"allow":["GET"]}}],"collection":[{"href":"https:\/\/agora.xtec.cat\/escolavalldaura\/wp-json\/wp\/v2\/posts"}],"about":[{"href":"https:\/\/agora.xtec.cat\/escolavalldaura\/wp-json\/wp\/v2\/types\/post"}],"author":[{"embeddable":true,"href":"https:\/\/agora.xtec.cat\/escolavalldaura\/wp-json\/wp\/v2\/users\/68"}],"replies":[{"embeddable":true,"href":"https:\/\/agora.xtec.cat\/escolavalldaura\/wp-json\/wp\/v2\/comments?post=6617"}],"version-history":[{"count":3,"href":"https:\/\/agora.xtec.cat\/escolavalldaura\/wp-json\/wp\/v2\/posts\/6617\/revisions"}],"predecessor-version":[{"id":6621,"href":"https:\/\/agora.xtec.cat\/escolavalldaura\/wp-json\/wp\/v2\/posts\/6617\/revisions\/6621"}],"wp:featuredmedia":[{"embeddable":true,"href":"https:\/\/agora.xtec.cat\/escolavalldaura\/wp-json\/wp\/v2\/media\/6618"}],"wp:attachment":[{"href":"https:\/\/agora.xtec.cat\/escolavalldaura\/wp-json\/wp\/v2\/media?parent=6617"}],"wp:term":[{"taxonomy":"category","embeddable":true,"href":"https:\/\/agora.xtec.cat\/escolavalldaura\/wp-json\/wp\/v2\/categories?post=6617"},{"taxonomy":"post_tag","embeddable":true,"href":"https:\/\/agora.xtec.cat\/escolavalldaura\/wp-json\/wp\/v2\/tags?post=6617"}],"curies":[{"name":"wp","href":"https:\/\/api.w.org\/{rel}","templated":true}]}}