{"id":6592,"date":"2024-04-25T14:40:31","date_gmt":"2024-04-25T12:40:31","guid":{"rendered":"https:\/\/agora.xtec.cat\/escolavalldaura\/?p=6592"},"modified":"2025-04-12T09:36:22","modified_gmt":"2025-04-12T07:36:22","slug":"sant-jordi-valldauri","status":"publish","type":"post","link":"https:\/\/agora.xtec.cat\/escolavalldaura\/general\/sant-jordi-valldauri\/","title":{"rendered":"SANT JORDI VALLDAUR\u00cd!"},"content":{"rendered":"<p>Enguany hem celebrat la diada de <strong>Sant Jordi<\/strong> amb un munt d&#8217;activitats al llarg de tot el dia. De bon mat\u00ed hem encetat els primers <strong>JOCS FLORALS<\/strong> de l&#8217;escola Valldaura. Rodolins, endevinalles i poemes ens han acompanyat al llarg de l&#8217;entrega de premis. Les roses i els llibres tampoc han pogut faltar!<\/p>\n<p>Posteriorment, hem pogut gaudir de la creaci\u00f3 d&#8217;uns punts de llibre i de la representaci\u00f3 de la llegenda de Sant Jordi per part de l&#8217;Equip Educatiu. Un mat\u00ed d&#8217;all\u00f2 m\u00e9s esbojarrat i entretingut!<\/p>\n<p>Esperem que gaudiu tant com nosaltres amb algunes fotos enlla\u00e7ades al butllet\u00ed del mes que ara us mostrem.<\/p>\n<p>Visca la diada de Sant Jordi! Fins l&#8217;any vinent!<\/p>\n<div style=\"position: relative; width: 100%; height: 0; padding-top: 141.4286%; padding-bottom: 0; box-shadow: 0 2px 8px 0 rgba(63,69,81,0.16); margin-top: 1.6em; margin-bottom: 0.9em; overflow: hidden; border-radius: 8px; will-change: transform;\"><iframe style=\"position: absolute; width: 100%; height: 100%; top: 0; left: 0; border: none; padding: 0; margin: 0;\" src=\"https:\/\/www.canva.com\/design\/DAF8CDqbOZU\/yeYS5Svo7O5wDmg4NEQyYA\/view?embed\" allowfullscreen=\"allowfullscreen\"><br \/>\n<\/iframe><\/div>\n<p><a href=\"https:\/\/www.canva.com\/design\/DAF8CDqbOZU\/yeYS5Svo7O5wDmg4NEQyYA\/view?utm_content=DAF8CDqbOZU&amp;utm_campaign=designshare&amp;utm_medium=embeds&amp;utm_source=link\" target=\"_blank\" rel=\"noopener\">Copia de plantilla p\u00e0gina web<\/a><\/p>\n","protected":false},"excerpt":{"rendered":"<p>Enguany hem celebrat la diada de Sant Jordi amb un munt d&#8217;activitats al llarg de tot el dia. De bon mat\u00ed hem encetat els primers JOCS FLORALS de l&#8217;escola Valldaura. Rodolins, endevinalles i poemes ens han acompanyat al llarg de l&#8217;entrega de premis. Les roses i els llibres tampoc han pogut faltar! Posteriorment, hem pogut [&hellip;]<\/p>\n","protected":false},"author":51,"featured_media":0,"comment_status":"open","ping_status":"closed","sticky":false,"template":"","format":"standard","meta":{"_bbp_topic_count":0,"_bbp_reply_count":0,"_bbp_total_topic_count":0,"_bbp_total_reply_count":0,"_bbp_voice_count":0,"_bbp_anonymous_reply_count":0,"_bbp_topic_count_hidden":0,"_bbp_reply_count_hidden":0,"_bbp_forum_subforum_count":0,"site-sidebar-layout":"default","site-content-layout":"","ast-site-content-layout":"","site-content-style":"default","site-sidebar-style":"default","ast-global-header-display":"","ast-banner-title-visibility":"","ast-main-header-display":"","ast-hfb-above-header-display":"","ast-hfb-below-header-display":"","ast-hfb-mobile-header-display":"","site-post-title":"","ast-breadcrumbs-content":"","ast-featured-img":"","footer-sml-layout":"","theme-transparent-header-meta":"","adv-header-id-meta":"","stick-header-meta":"","header-above-stick-meta":"","header-main-stick-meta":"","header-below-stick-meta":"","astra-migrate-meta-layouts":"default","ast-page-background-enabled":"default","ast-page-background-meta":{"desktop":{"background-color":"var(--ast-global-color-4)","background-image":"","background-repeat":"repeat","background-position":"center center","background-size":"auto","background-attachment":"scroll","background-type":"","background-media":"","overlay-type":"","overlay-color":"","overlay-opacity":"","overlay-gradient":""},"tablet":{"background-color":"","background-image":"","background-repeat":"repeat","background-position":"center center","background-size":"auto","background-attachment":"scroll","background-type":"","background-media":"","overlay-type":"","overlay-color":"","overlay-opacity":"","overlay-gradient":""},"mobile":{"background-color":"","background-image":"","background-repeat":"repeat","background-position":"center center","background-size":"auto","background-attachment":"scroll","background-type":"","background-media":"","overlay-type":"","overlay-color":"","overlay-opacity":"","overlay-gradient":""}},"ast-content-background-meta":{"desktop":{"background-color":"var(--ast-global-color-5)","background-image":"","background-repeat":"repeat","background-position":"center center","background-size":"auto","background-attachment":"scroll","background-type":"","background-media":"","overlay-type":"","overlay-color":"","overlay-opacity":"","overlay-gradient":""},"tablet":{"background-color":"var(--ast-global-color-5)","background-image":"","background-repeat":"repeat","background-position":"center center","background-size":"auto","background-attachment":"scroll","background-type":"","background-media":"","overlay-type":"","overlay-color":"","overlay-opacity":"","overlay-gradient":""},"mobile":{"background-color":"var(--ast-global-color-5)","background-image":"","background-repeat":"repeat","background-position":"center center","background-size":"auto","background-attachment":"scroll","background-type":"","background-media":"","overlay-type":"","overlay-color":"","overlay-opacity":"","overlay-gradient":""}},"footnotes":""},"categories":[209,1,4],"tags":[],"class_list":["post-6592","post","type-post","status-publish","format-standard","hentry","category-festes-activitats-de-centre","category-general","category-portada"],"post_mailing_queue_ids":[],"_links":{"self":[{"href":"https:\/\/agora.xtec.cat\/escolavalldaura\/wp-json\/wp\/v2\/posts\/6592","targetHints":{"allow":["GET"]}}],"collection":[{"href":"https:\/\/agora.xtec.cat\/escolavalldaura\/wp-json\/wp\/v2\/posts"}],"about":[{"href":"https:\/\/agora.xtec.cat\/escolavalldaura\/wp-json\/wp\/v2\/types\/post"}],"author":[{"embeddable":true,"href":"https:\/\/agora.xtec.cat\/escolavalldaura\/wp-json\/wp\/v2\/users\/51"}],"replies":[{"embeddable":true,"href":"https:\/\/agora.xtec.cat\/escolavalldaura\/wp-json\/wp\/v2\/comments?post=6592"}],"version-history":[{"count":3,"href":"https:\/\/agora.xtec.cat\/escolavalldaura\/wp-json\/wp\/v2\/posts\/6592\/revisions"}],"predecessor-version":[{"id":6611,"href":"https:\/\/agora.xtec.cat\/escolavalldaura\/wp-json\/wp\/v2\/posts\/6592\/revisions\/6611"}],"wp:attachment":[{"href":"https:\/\/agora.xtec.cat\/escolavalldaura\/wp-json\/wp\/v2\/media?parent=6592"}],"wp:term":[{"taxonomy":"category","embeddable":true,"href":"https:\/\/agora.xtec.cat\/escolavalldaura\/wp-json\/wp\/v2\/categories?post=6592"},{"taxonomy":"post_tag","embeddable":true,"href":"https:\/\/agora.xtec.cat\/escolavalldaura\/wp-json\/wp\/v2\/tags?post=6592"}],"curies":[{"name":"wp","href":"https:\/\/api.w.org\/{rel}","templated":true}]}}