{"id":6513,"date":"2024-03-15T08:55:45","date_gmt":"2024-03-15T07:55:45","guid":{"rendered":"https:\/\/agora.xtec.cat\/escolavalldaura\/?p=6513"},"modified":"2025-04-12T09:37:01","modified_gmt":"2025-04-12T07:37:01","slug":"dia-de-les-matematiques","status":"publish","type":"post","link":"https:\/\/agora.xtec.cat\/escolavalldaura\/general\/dia-de-les-matematiques\/","title":{"rendered":"DIA DE LES MATEM\u00c0TIQUES"},"content":{"rendered":"<p>El passat <strong>14 de mar\u00e7<\/strong> va ser el <strong>dia internacional de les matem\u00e0tiques. <\/strong>A l&#8217;escola ho vam voler celebrar amb una tarda de jocs i reptes matem\u00e0tics al pati. Tot l&#8217;alumnat, des d&#8217;infantil fins a 6\u00e8, va poder gaudir d&#8217;un dia que ens va fer pensar, aprendre i jugar de manera cooperativa. Petits i grans van poder compartir moments i treballar conjuntament, aspecte que des de l&#8217;escola donem molta import\u00e0ncia amb l&#8217;objectiu d&#8217;anar creant lligams i generant espais d&#8217;aprenentatge internivells. Fins i tot, vam obrir un dels jocs a les fam\u00edlies. Aix\u00ed doncs, l&#8217;alumnat va poder construir c\u00fapules de fusta de manera cooperativa amb l&#8217;ajuda de familiars.<\/p>\n<p>Us mostrem algunes fotos de la nostra tarda matem\u00e0tica! Esperem que gaudiu molt!<\/p>\n<p><em>Recordeu que l&#8217;enlla\u00e7 deixar\u00e0 d&#8217;estar disponible en 15 dies.\u00a0<\/em><\/p>\n<p><a href=\"https:\/\/drive.google.com\/drive\/folders\/1LMYP682g8--9a6PxJ2ut8NXXYCBrV-9-?usp=drive_link\">https:\/\/drive.google.com\/drive\/folders\/1LMYP682g8&#8211;9a6PxJ2ut8NXXYCBrV-9-?usp=drive_link<\/a><\/p>\n<p>&nbsp;<\/p>\n<p><img loading=\"lazy\" decoding=\"async\" class=\"aligncenter\" src=\"https:\/\/agora.xtec.cat\/escolavalldaura\/wp-content\/uploads\/usu1912\/2024\/03\/DSC04525-2-scaled.jpg\" width=\"606\" height=\"404\" \/><\/p>\n","protected":false},"excerpt":{"rendered":"<p>El passat 14 de mar\u00e7 va ser el dia internacional de les matem\u00e0tiques. A l&#8217;escola ho vam voler celebrar amb una tarda de jocs i reptes matem\u00e0tics al pati. Tot l&#8217;alumnat, des d&#8217;infantil fins a 6\u00e8, va poder gaudir d&#8217;un dia que ens va fer pensar, aprendre i jugar de manera cooperativa. Petits i grans [&hellip;]<\/p>\n","protected":false},"author":51,"featured_media":6520,"comment_status":"open","ping_status":"closed","sticky":false,"template":"","format":"standard","meta":{"_bbp_topic_count":0,"_bbp_reply_count":0,"_bbp_total_topic_count":0,"_bbp_total_reply_count":0,"_bbp_voice_count":0,"_bbp_anonymous_reply_count":0,"_bbp_topic_count_hidden":0,"_bbp_reply_count_hidden":0,"_bbp_forum_subforum_count":0,"site-sidebar-layout":"default","site-content-layout":"","ast-site-content-layout":"","site-content-style":"default","site-sidebar-style":"default","ast-global-header-display":"","ast-banner-title-visibility":"","ast-main-header-display":"","ast-hfb-above-header-display":"","ast-hfb-below-header-display":"","ast-hfb-mobile-header-display":"","site-post-title":"","ast-breadcrumbs-content":"","ast-featured-img":"","footer-sml-layout":"","theme-transparent-header-meta":"","adv-header-id-meta":"","stick-header-meta":"","header-above-stick-meta":"","header-main-stick-meta":"","header-below-stick-meta":"","astra-migrate-meta-layouts":"default","ast-page-background-enabled":"default","ast-page-background-meta":{"desktop":{"background-color":"var(--ast-global-color-4)","background-image":"","background-repeat":"repeat","background-position":"center center","background-size":"auto","background-attachment":"scroll","background-type":"","background-media":"","overlay-type":"","overlay-color":"","overlay-opacity":"","overlay-gradient":""},"tablet":{"background-color":"","background-image":"","background-repeat":"repeat","background-position":"center center","background-size":"auto","background-attachment":"scroll","background-type":"","background-media":"","overlay-type":"","overlay-color":"","overlay-opacity":"","overlay-gradient":""},"mobile":{"background-color":"","background-image":"","background-repeat":"repeat","background-position":"center center","background-size":"auto","background-attachment":"scroll","background-type":"","background-media":"","overlay-type":"","overlay-color":"","overlay-opacity":"","overlay-gradient":""}},"ast-content-background-meta":{"desktop":{"background-color":"var(--ast-global-color-5)","background-image":"","background-repeat":"repeat","background-position":"center center","background-size":"auto","background-attachment":"scroll","background-type":"","background-media":"","overlay-type":"","overlay-color":"","overlay-opacity":"","overlay-gradient":""},"tablet":{"background-color":"var(--ast-global-color-5)","background-image":"","background-repeat":"repeat","background-position":"center center","background-size":"auto","background-attachment":"scroll","background-type":"","background-media":"","overlay-type":"","overlay-color":"","overlay-opacity":"","overlay-gradient":""},"mobile":{"background-color":"var(--ast-global-color-5)","background-image":"","background-repeat":"repeat","background-position":"center center","background-size":"auto","background-attachment":"scroll","background-type":"","background-media":"","overlay-type":"","overlay-color":"","overlay-opacity":"","overlay-gradient":""}},"footnotes":""},"categories":[209,1,4],"tags":[],"class_list":["post-6513","post","type-post","status-publish","format-standard","has-post-thumbnail","hentry","category-festes-activitats-de-centre","category-general","category-portada"],"post_mailing_queue_ids":[],"_links":{"self":[{"href":"https:\/\/agora.xtec.cat\/escolavalldaura\/wp-json\/wp\/v2\/posts\/6513","targetHints":{"allow":["GET"]}}],"collection":[{"href":"https:\/\/agora.xtec.cat\/escolavalldaura\/wp-json\/wp\/v2\/posts"}],"about":[{"href":"https:\/\/agora.xtec.cat\/escolavalldaura\/wp-json\/wp\/v2\/types\/post"}],"author":[{"embeddable":true,"href":"https:\/\/agora.xtec.cat\/escolavalldaura\/wp-json\/wp\/v2\/users\/51"}],"replies":[{"embeddable":true,"href":"https:\/\/agora.xtec.cat\/escolavalldaura\/wp-json\/wp\/v2\/comments?post=6513"}],"version-history":[{"count":5,"href":"https:\/\/agora.xtec.cat\/escolavalldaura\/wp-json\/wp\/v2\/posts\/6513\/revisions"}],"predecessor-version":[{"id":6523,"href":"https:\/\/agora.xtec.cat\/escolavalldaura\/wp-json\/wp\/v2\/posts\/6513\/revisions\/6523"}],"wp:featuredmedia":[{"embeddable":true,"href":"https:\/\/agora.xtec.cat\/escolavalldaura\/wp-json\/wp\/v2\/media\/6520"}],"wp:attachment":[{"href":"https:\/\/agora.xtec.cat\/escolavalldaura\/wp-json\/wp\/v2\/media?parent=6513"}],"wp:term":[{"taxonomy":"category","embeddable":true,"href":"https:\/\/agora.xtec.cat\/escolavalldaura\/wp-json\/wp\/v2\/categories?post=6513"},{"taxonomy":"post_tag","embeddable":true,"href":"https:\/\/agora.xtec.cat\/escolavalldaura\/wp-json\/wp\/v2\/tags?post=6513"}],"curies":[{"name":"wp","href":"https:\/\/api.w.org\/{rel}","templated":true}]}}