{"id":201,"count":5,"description":"R\u00e0dio Valldaura \u00e9s un projecte d'aula que s'ha engegat el curs 2024-25 gr\u00e0cies a la dotaci\u00f3 d'un equip de r\u00e0dio que vam rebre. El grup de 5\u00e8 ha estat l'encarregat de dur-lo a terme i tenim la intenci\u00f3 de donar-li continu\u00eftat els propers cursos.","link":"https:\/\/agora.xtec.cat\/escolavalldaura\/categoria\/radio-valldaura\/","name":"R\u00e0dio Valldaura","slug":"radio-valldaura","taxonomy":"category","parent":0,"meta":[],"_links":{"self":[{"href":"https:\/\/agora.xtec.cat\/escolavalldaura\/wp-json\/wp\/v2\/categories\/201","targetHints":{"allow":["GET"]}}],"collection":[{"href":"https:\/\/agora.xtec.cat\/escolavalldaura\/wp-json\/wp\/v2\/categories"}],"about":[{"href":"https:\/\/agora.xtec.cat\/escolavalldaura\/wp-json\/wp\/v2\/taxonomies\/category"}],"wp:post_type":[{"href":"https:\/\/agora.xtec.cat\/escolavalldaura\/wp-json\/wp\/v2\/posts?categories=201"}],"curies":[{"name":"wp","href":"https:\/\/api.w.org\/{rel}","templated":true}]}}