{"id":774,"date":"2021-02-25T00:26:05","date_gmt":"2021-02-24T23:26:05","guid":{"rendered":"https:\/\/agora.xtec.cat\/escolatorrelameu\/?p=774"},"modified":"2021-02-25T00:26:05","modified_gmt":"2021-02-24T23:26:05","slug":"sessio-informativa-a-lescola","status":"publish","type":"post","link":"https:\/\/agora.xtec.cat\/escolatorrelameu\/general\/sessio-informativa-a-lescola\/","title":{"rendered":"Sessi\u00f3 informativa a l&#8217;escola"},"content":{"rendered":"<p>Benvolgudes fam\u00edlies,<\/p>\n<p>El per\u00edode de preinscripci\u00f3 per al curs 2021-2022 comen\u00e7a el 15 de mar\u00e7. \u00c9s per aquest motiu que hem organitzat unes sessions informatives per a totes les persones que hi estiguin interessades. Nom\u00e9s us heu de posar en contacte amb algun dels tel\u00e8fons per confirmar la vostra assist\u00e8ncia.<\/p>\n<p><img loading=\"lazy\" decoding=\"async\" class=\"aligncenter size-large wp-image-776\" src=\"https:\/\/agora.xtec.cat\/escolatorrelameu\/wp-content\/uploads\/usu2232\/2021\/02\/Escola-de-torrelameu-724x1024.png\" alt=\"\" width=\"724\" height=\"1024\" \/><\/p>\n","protected":false},"excerpt":{"rendered":"<p>Benvolgudes fam\u00edlies,<br \/>\nEl per\u00edode de preinscripci\u00f3 per al curs 2021-2022 comen\u00e7a el 15 de mar\u00e7. \u00c9s per aquest motiu que hem organitzat unes sessions informatives per a totes les persones que hi estiguin interessades. Nom\u00e9s us heu de posar en contacte amb algun dels tel\u00e8fons per&hellip;  <a href=\"https:\/\/agora.xtec.cat\/escolatorrelameu\/general\/sessio-informativa-a-lescola\/\" title=\"Read Sessi\u00f3 informativa a l&#8217;escola\">Llegeix m\u00e9s\u00bb<\/a><\/p>\n","protected":false},"author":1,"featured_media":0,"comment_status":"open","ping_status":"closed","sticky":false,"template":"","format":"standard","meta":{"_bbp_topic_count":0,"_bbp_reply_count":0,"_bbp_total_topic_count":0,"_bbp_total_reply_count":0,"_bbp_voice_count":0,"_bbp_anonymous_reply_count":0,"_bbp_topic_count_hidden":0,"_bbp_reply_count_hidden":0,"_bbp_forum_subforum_count":0,"footnotes":""},"categories":[1,4],"tags":[],"class_list":["post-774","post","type-post","status-publish","format-standard","hentry","category-general","category-portada"],"post_mailing_queue_ids":[],"_links":{"self":[{"href":"https:\/\/agora.xtec.cat\/escolatorrelameu\/wp-json\/wp\/v2\/posts\/774","targetHints":{"allow":["GET"]}}],"collection":[{"href":"https:\/\/agora.xtec.cat\/escolatorrelameu\/wp-json\/wp\/v2\/posts"}],"about":[{"href":"https:\/\/agora.xtec.cat\/escolatorrelameu\/wp-json\/wp\/v2\/types\/post"}],"author":[{"embeddable":true,"href":"https:\/\/agora.xtec.cat\/escolatorrelameu\/wp-json\/wp\/v2\/users\/1"}],"replies":[{"embeddable":true,"href":"https:\/\/agora.xtec.cat\/escolatorrelameu\/wp-json\/wp\/v2\/comments?post=774"}],"version-history":[{"count":1,"href":"https:\/\/agora.xtec.cat\/escolatorrelameu\/wp-json\/wp\/v2\/posts\/774\/revisions"}],"predecessor-version":[{"id":777,"href":"https:\/\/agora.xtec.cat\/escolatorrelameu\/wp-json\/wp\/v2\/posts\/774\/revisions\/777"}],"wp:attachment":[{"href":"https:\/\/agora.xtec.cat\/escolatorrelameu\/wp-json\/wp\/v2\/media?parent=774"}],"wp:term":[{"taxonomy":"category","embeddable":true,"href":"https:\/\/agora.xtec.cat\/escolatorrelameu\/wp-json\/wp\/v2\/categories?post=774"},{"taxonomy":"post_tag","embeddable":true,"href":"https:\/\/agora.xtec.cat\/escolatorrelameu\/wp-json\/wp\/v2\/tags?post=774"}],"curies":[{"name":"wp","href":"https:\/\/api.w.org\/{rel}","templated":true}]}}