{"id":764,"date":"2021-01-28T18:41:45","date_gmt":"2021-01-28T17:41:45","guid":{"rendered":"https:\/\/agora.xtec.cat\/escolatorrelameu\/?p=764"},"modified":"2021-01-28T18:41:45","modified_gmt":"2021-01-28T17:41:45","slug":"taller-de-cinema-amb-la-carla-simon","status":"publish","type":"post","link":"https:\/\/agora.xtec.cat\/escolatorrelameu\/general\/taller-de-cinema-amb-la-carla-simon\/","title":{"rendered":"Taller de cinema amb la Carla Sim\u00f3n"},"content":{"rendered":"<p>El dia 26 de gener va venir la Carla Sim\u00f3n a l&#8217;escola per fer unes sessions de Cinema en Curs amb nosaltres. La Carla \u00e9s guionista i directora de cinema, coneguda per la seva pel\u00b7l\u00edcula <em>Estiu 1993<\/em>.<\/p>\n<p>La Carla, juntament amb l&#8217;Alba, ens va presentar com utilitzar el micr\u00f2fon mentre rodem.<\/p>\n<p>Aquest dia vam fer dos tallers. En un vam sortir a filmar com preparaven la terra d&#8217;un camp que sembraran m\u00e9s endavant, estaven llaurant. I a l&#8217;altre taller vam sortir a gravar un cirerer per recollir els canvis que tindr\u00e0 durant diferents moments de l&#8217;any.<\/p>\n<p><strong>Les nostres impressions:\u00a0<\/strong><\/p>\n<ul style=\"list-style-type: disc;\">\n<li>Va ser molt interessant comprovar que el micr\u00f2fon nom\u00e9s capta el so del lloc on enfoca. Em va agradar molt que vingu\u00e9s la Carla Sim\u00f3n.<\/li>\n<li>M&#8217;ho he passat molt b\u00e9 fent anar el micro.<\/li>\n<li>Despr\u00e9s de provar com se sent i ensenyar-nos com es munta el micro hem comen\u00e7at a filmar.<\/li>\n<li>La Carla Sim\u00f3n ara porta el cabell m\u00e9s llarg i ulleres. \u00c9s molt guapa.<\/li>\n<\/ul>\n<div id=\"242DA\" style=\"width: 100%; max-width: 600px; height: 400px; display: none;\"><img decoding=\"async\" src=\"https:\/\/lh3.google.com\/u\/3\/d\/1kXb-cRyIx-XyK9EpYHECard5m0k_TOeN=w188-h178-p-k-nu-iv1\" \/><br \/>\n<img decoding=\"async\" src=\"https:\/\/lh3.google.com\/u\/3\/d\/1sQprgY7FQJWBGFn7PBs8VkULYtbkA70X=w188-h178-p-k-nu-iv1\" \/><br \/>\n<img decoding=\"async\" src=\"https:\/\/lh3.google.com\/u\/3\/d\/1FBvckUdGhpNjpyVt4tU1a96-cAruDKMd=w188-h178-p-k-nu-iv1\" \/><br \/>\n<img decoding=\"async\" src=\"https:\/\/lh3.google.com\/u\/3\/d\/1r3IB3OBiLjXXu2tqyTmTaGkatOAaD0DB=w188-h178-p-k-nu-iv1\" \/><br \/>\n<img decoding=\"async\" src=\"https:\/\/lh3.google.com\/u\/3\/d\/1lEK2bH0aeJ0IgMhBOW-pVXEUtfVjnfwr=w188-h178-p-k-nu-iv1\" \/><br \/>\n<img decoding=\"async\" src=\"https:\/\/lh3.google.com\/u\/3\/d\/1xi97HQ-e9GaQs0XIAUXMc9IPzbXGw7f3=w188-h178-p-k-nu-iv1\" \/><br \/>\n<img decoding=\"async\" src=\"https:\/\/lh3.google.com\/u\/3\/d\/1XrZRPNyEfN4eFO7QvHXYMgCgd_6EGG0s=w188-h178-p-k-nu-iv1\" \/><br \/>\n<img decoding=\"async\" src=\"https:\/\/lh3.google.com\/u\/3\/d\/1BGR_17TrBMRYHxqrrOsjiWkciDaDN29M=w188-h178-p-k-nu-iv1\" \/><br \/>\n<img decoding=\"async\" src=\"https:\/\/lh3.google.com\/u\/3\/d\/1LpkUviB8wEuWUQ5RPkR7EXGAlaZ7Yfws=w188-h178-p-k-nu-iv1\" \/><br \/>\n<img decoding=\"async\" src=\"https:\/\/lh3.google.com\/u\/3\/d\/1It1R6WCs_f-5i3U4cvrH_h2Oh91xMg2_=w188-h178-p-k-nu-iv1\" \/><br \/>\n<img decoding=\"async\" src=\"https:\/\/lh3.google.com\/u\/3\/d\/1RcDBoijHnl2AfsgVE3_OvMBHEicIsKAa=w188-h178-p-k-nu-iv1\" \/><br \/>\n<img decoding=\"async\" src=\"https:\/\/lh3.google.com\/u\/3\/d\/1V2qd6rI7LPmJAOMzzsswJz11LrvS8ZVa=w188-h178-p-k-nu-iv1\" \/><br \/>\n<img decoding=\"async\" src=\"https:\/\/lh3.google.com\/u\/3\/d\/1dAGpKBDYQOzvwO_EdU7YBbgTGdHE4ccQ=w188-h178-p-k-nu-iv1\" \/><br \/>\n<img decoding=\"async\" src=\"https:\/\/lh3.google.com\/u\/3\/d\/1oc4q2BpOkfugfonuK0HLvlr5FX55--WT=w188-h178-p-k-nu-iv1\" \/><br \/>\n<img decoding=\"async\" src=\"https:\/\/lh3.google.com\/u\/3\/d\/1tUXSK-cHOLK6VU0guPipZ0uL9Meho056=w188-h178-p-k-nu-iv1\" \/><br \/>\n<img decoding=\"async\" src=\"https:\/\/lh3.google.com\/u\/3\/d\/1gO_sv7xqfSYtW3S7IRKyavdZN8w_htvC=w188-h178-p-k-nu-iv1\" \/><br \/>\n<img decoding=\"async\" src=\"https:\/\/lh3.google.com\/u\/3\/d\/1wtstbPbJQsKv9Z7tpSX-qMVjhSRvnJaF=w188-h178-p-k-nu-iv1\" \/><br \/>\n<img decoding=\"async\" src=\"https:\/\/lh3.google.com\/u\/3\/d\/1kjd9Q8ptm-6qruS_9XPfyQj0y9sGdjEX=w188-h178-p-k-nu-iv1\" \/><br \/>\n<img decoding=\"async\" src=\"https:\/\/lh3.google.com\/u\/3\/d\/1oKlQONLNJ4GH32hJ5oSPl14n8Rf8BBZb=w188-h178-p-k-nu-iv1\" \/><br \/>\n<img decoding=\"async\" src=\"https:\/\/lh3.google.com\/u\/3\/d\/1O9SUjaTyyLA3DVVBxzICRKGycbhS1EZH=w188-h178-p-k-nu-iv1\" \/><br \/>\n<img decoding=\"async\" src=\"https:\/\/lh3.google.com\/u\/3\/d\/1xWjQd7rMESDZAZdTIZlXa6Fqfpi-Rkx-=w188-h178-p-k-nu-iv1\" \/><br \/>\n<img decoding=\"async\" src=\"https:\/\/lh3.google.com\/u\/3\/d\/1Jc-oCi5uYAwQ2fb0_EtMFHLFb7HZXlQi=w188-h178-p-k-nu-iv1\" \/><br \/>\n<img decoding=\"async\" src=\"https:\/\/lh3.google.com\/u\/3\/d\/1x3QOFwncfnVDVedOi0SqRhG9NCPc8a25=w188-h178-p-k-nu-iv1\" \/><br \/>\n<img decoding=\"async\" src=\"https:\/\/lh3.google.com\/u\/3\/d\/145DLQa_9uaOVAhtiglnA5HlqIWv55sxc=w188-h178-p-k-nu-iv1\" \/><\/div>\n<p><script type=\"text\/javascript\" src=\"https:\/\/cdn.jsdelivr.net\/npm\/jquery@3.5.1\/dist\/jquery.min.js\"><\/script><br \/>\n<script>\n  (MyGalleries=(typeof MyGalleries === 'undefined' ? [] : MyGalleries)).push({gallId:'#242DA',autoplay:true,lightbox:true,debug:false,popupLinks:true});\n  if(typeof GalleryLoaded === 'undefined'){\n    GalleryLoaded = jQuery(function(){\n      jQuery.ajax({url:'https:\/\/cdn.jsdelivr.net\/npm\/galleria@1.6.1\/dist\/galleria.min.js',dataType:'script',cache:true}).done(function(){\n        Galleria.loadTheme('https:\/\/cdn.jsdelivr.net\/npm\/galleria@1.6.1\/dist\/themes\/classic\/galleria.classic.js');\n        for(var n in MyGalleries){\n          Galleria.run(MyGalleries[n].gallId, MyGalleries[n]);\n          jQuery(MyGalleries[n].gallId).css('display','block');\n        }\n      });\n    });\n  }\n<\/script><\/p>\n<p>&nbsp;<\/p>\n","protected":false},"excerpt":{"rendered":"<p>El dia 26 de gener va venir la Carla Sim\u00f3n a l&#8217;escola per fer unes sessions de Cinema en Curs amb nosaltres. La Carla \u00e9s guionista i directora de cinema, coneguda per la seva pel\u00b7l\u00edcula Estiu 1993.<br \/>\nLa Carla, juntament amb l&#8217;Alba, ens va presentar com&hellip;  <a href=\"https:\/\/agora.xtec.cat\/escolatorrelameu\/general\/taller-de-cinema-amb-la-carla-simon\/\" title=\"Read Taller de cinema amb la Carla Sim\u00f3n\">Llegeix m\u00e9s\u00bb<\/a><\/p>\n","protected":false},"author":7,"featured_media":772,"comment_status":"open","ping_status":"closed","sticky":false,"template":"","format":"standard","meta":{"_bbp_topic_count":0,"_bbp_reply_count":0,"_bbp_total_topic_count":0,"_bbp_total_reply_count":0,"_bbp_voice_count":0,"_bbp_anonymous_reply_count":0,"_bbp_topic_count_hidden":0,"_bbp_reply_count_hidden":0,"_bbp_forum_subforum_count":0,"footnotes":""},"categories":[1,63,5],"tags":[19,81,82,77],"class_list":["post-764","post","type-post","status-publish","format-standard","has-post-thumbnail","hentry","category-general","category-grans","category-primaria","tag-audiovisuals","tag-carla-simon","tag-cinema-en-curs","tag-comunitat-de-grans"],"post_mailing_queue_ids":[],"_links":{"self":[{"href":"https:\/\/agora.xtec.cat\/escolatorrelameu\/wp-json\/wp\/v2\/posts\/764","targetHints":{"allow":["GET"]}}],"collection":[{"href":"https:\/\/agora.xtec.cat\/escolatorrelameu\/wp-json\/wp\/v2\/posts"}],"about":[{"href":"https:\/\/agora.xtec.cat\/escolatorrelameu\/wp-json\/wp\/v2\/types\/post"}],"author":[{"embeddable":true,"href":"https:\/\/agora.xtec.cat\/escolatorrelameu\/wp-json\/wp\/v2\/users\/7"}],"replies":[{"embeddable":true,"href":"https:\/\/agora.xtec.cat\/escolatorrelameu\/wp-json\/wp\/v2\/comments?post=764"}],"version-history":[{"count":3,"href":"https:\/\/agora.xtec.cat\/escolatorrelameu\/wp-json\/wp\/v2\/posts\/764\/revisions"}],"predecessor-version":[{"id":773,"href":"https:\/\/agora.xtec.cat\/escolatorrelameu\/wp-json\/wp\/v2\/posts\/764\/revisions\/773"}],"wp:featuredmedia":[{"embeddable":true,"href":"https:\/\/agora.xtec.cat\/escolatorrelameu\/wp-json\/wp\/v2\/media\/772"}],"wp:attachment":[{"href":"https:\/\/agora.xtec.cat\/escolatorrelameu\/wp-json\/wp\/v2\/media?parent=764"}],"wp:term":[{"taxonomy":"category","embeddable":true,"href":"https:\/\/agora.xtec.cat\/escolatorrelameu\/wp-json\/wp\/v2\/categories?post=764"},{"taxonomy":"post_tag","embeddable":true,"href":"https:\/\/agora.xtec.cat\/escolatorrelameu\/wp-json\/wp\/v2\/tags?post=764"}],"curies":[{"name":"wp","href":"https:\/\/api.w.org\/{rel}","templated":true}]}}