{"id":755,"date":"2021-01-10T21:04:21","date_gmt":"2021-01-10T20:04:21","guid":{"rendered":"https:\/\/agora.xtec.cat\/escolatorrelameu\/?p=755"},"modified":"2021-03-06T09:40:57","modified_gmt":"2021-03-06T08:40:57","slug":"obertura-escola","status":"publish","type":"post","link":"https:\/\/agora.xtec.cat\/escolatorrelameu\/general\/obertura-escola\/","title":{"rendered":"Obertura escola"},"content":{"rendered":"<p>Fam\u00edlies, en principi, dem\u00e0 a l&#8217;horari habitual, obrirem els dos edificis escolars. Malgrat tot, estigueu atents per si hi hagu\u00e9s algun contratemps meteorol\u00f2gic o de qualsevol altre tipus.<\/p>\n<p>Salutacions. Equip docent.<\/p>\n","protected":false},"excerpt":{"rendered":"<p>Fam\u00edlies, en principi, dem\u00e0 a l&#8217;horari habitual, obrirem els dos edificis escolars. Malgrat tot, estigueu atents per si hi hagu\u00e9s algun contratemps meteorol\u00f2gic o de qualsevol altre tipus.<br \/>\nSalutacions. Equip docent.<\/p>\n","protected":false},"author":1,"featured_media":756,"comment_status":"open","ping_status":"closed","sticky":false,"template":"","format":"standard","meta":{"_bbp_topic_count":0,"_bbp_reply_count":0,"_bbp_total_topic_count":0,"_bbp_total_reply_count":0,"_bbp_voice_count":0,"_bbp_anonymous_reply_count":0,"_bbp_topic_count_hidden":0,"_bbp_reply_count_hidden":0,"_bbp_forum_subforum_count":0,"footnotes":""},"categories":[1,4],"tags":[79],"class_list":["post-755","post","type-post","status-publish","format-standard","has-post-thumbnail","hentry","category-general","category-portada","tag-nevada"],"post_mailing_queue_ids":[],"_links":{"self":[{"href":"https:\/\/agora.xtec.cat\/escolatorrelameu\/wp-json\/wp\/v2\/posts\/755","targetHints":{"allow":["GET"]}}],"collection":[{"href":"https:\/\/agora.xtec.cat\/escolatorrelameu\/wp-json\/wp\/v2\/posts"}],"about":[{"href":"https:\/\/agora.xtec.cat\/escolatorrelameu\/wp-json\/wp\/v2\/types\/post"}],"author":[{"embeddable":true,"href":"https:\/\/agora.xtec.cat\/escolatorrelameu\/wp-json\/wp\/v2\/users\/1"}],"replies":[{"embeddable":true,"href":"https:\/\/agora.xtec.cat\/escolatorrelameu\/wp-json\/wp\/v2\/comments?post=755"}],"version-history":[{"count":2,"href":"https:\/\/agora.xtec.cat\/escolatorrelameu\/wp-json\/wp\/v2\/posts\/755\/revisions"}],"predecessor-version":[{"id":801,"href":"https:\/\/agora.xtec.cat\/escolatorrelameu\/wp-json\/wp\/v2\/posts\/755\/revisions\/801"}],"wp:featuredmedia":[{"embeddable":true,"href":"https:\/\/agora.xtec.cat\/escolatorrelameu\/wp-json\/wp\/v2\/media\/756"}],"wp:attachment":[{"href":"https:\/\/agora.xtec.cat\/escolatorrelameu\/wp-json\/wp\/v2\/media?parent=755"}],"wp:term":[{"taxonomy":"category","embeddable":true,"href":"https:\/\/agora.xtec.cat\/escolatorrelameu\/wp-json\/wp\/v2\/categories?post=755"},{"taxonomy":"post_tag","embeddable":true,"href":"https:\/\/agora.xtec.cat\/escolatorrelameu\/wp-json\/wp\/v2\/tags?post=755"}],"curies":[{"name":"wp","href":"https:\/\/api.w.org\/{rel}","templated":true}]}}